{"id":68043,"date":"2019-01-30T08:57:47","date_gmt":"2019-01-30T07:57:47","guid":{"rendered":"https:\/\/lucie-hauri.hostpress.me\/mercat-de-lolivar-palma\/"},"modified":"2025-01-06T14:55:19","modified_gmt":"2025-01-06T13:55:19","slug":"mercat-de-lolivar-palma","status":"publish","type":"post","link":"https:\/\/www.lucie-hauri.com\/es\/mercat-de-lolivar-palma\/","title":{"rendered":"Mercat de l&#8217;Olivar in Palma"},"content":{"rendered":"<div data-elementor-type=\"wp-post\" data-elementor-id=\"68043\" class=\"elementor elementor-68043\" data-elementor-post-type=\"post\">\n\t\t\t\t<div class=\"elementor-element elementor-element-2bb904a4 e-flex e-con-boxed e-con e-parent\" data-id=\"2bb904a4\" data-element_type=\"container\">\n\t\t\t\t\t<div class=\"e-con-inner\">\n\t\t\t\t<div class=\"elementor-element elementor-element-56438165 elementor-widget elementor-widget-text-editor\" data-id=\"56438165\" data-element_type=\"widget\" data-widget_type=\"text-editor.default\">\n\t\t\t\t<div class=\"elementor-widget-container\">\n\t\t\t\t\t\t\t\t\t<p>Mallorcas M\u00e4rkte sind allseits beliebte Ausflugsziele. In authentischer mallorquinischer Atmosph\u00e4re kann man sich hier nach Lust und Laune mit frischem Obst, Gem\u00fcse oder Dingen des t\u00e4glichen Gebrauchs eindecken. Ein besonders attraktives Ziel f\u00fcr Marktschw\u00e4rmer ist sicherlich die gr\u00f6\u00dfte Markthalle Palmas, der Mercat de l&#8217;Olivar. Mitten in der belebten Carrer de Sant Miquel, der pulsierenden Fu\u00dfg\u00e4ngerzone der Hauptstadt, liegt die Placa de l&#8216; Olivar. Hier ist man genau richtig, wenn man auf der Suche nach frischen Lebensmitteln aller Art ist.<\/p><p>Auf keinem anderen Markt der Insel bekommt man eine gr\u00f6\u00dfere Auswahl an frischen Meeresfr\u00fcchten und die Palette der weiteren kulinarischen Spezialit\u00e4ten ist wirklich bemerkenswert. Doch hier wird nicht nur flaniert und eingekauft, sondern man kommt hierher um sich zu treffen und genussvolle Momente in bunter Markt-Atmosph\u00e4re zu verbringen. Seit nunmehr \u00fcber 60 Jahren ist der Mercat de l&#8217;Olivar ein Dreh- und Angelpunkt f\u00fcr Genie\u00dfer und Liebhaber besonderer Gaumenfreuden.<\/p><p>Lebhaft und bunt geht es hier zu. Feinschmecker, Hausfrauen, K\u00f6che und Gastronomen sind hier anzutreffen. Sie machen Ihre regelm\u00e4\u00dfigen Eink\u00e4ufe und suchen nach kulinarischen Besonderheiten oder neuen Angeboten. Die riesige Markthalle erstreckt sich \u00fcber zwei Hauptbereiche. Im vorderen Teil findet man eine atemberaubende Auswahl an Obst, Gem\u00fcse, K\u00e4se, Wurst und Fleischprodukten, w\u00e4hrend der gro\u00dfz\u00fcgige Fischmarkt im hinteren Teil angesiedelt ist.<\/p><p>Rund 120 St\u00e4nde bieten alles was das Feinschmecker-Herz begehrt. Neben farbenfrohem Obst und Gem\u00fcse und der unglaublichen Auswahl an frischem Fisch aller Art, locken zahlreiche St\u00e4nde mit Tapas, gro\u00dfen Schinken und leckeren Sobrassadas. Nat\u00fcrlich kann man hier auch wunderbar verweilen und den ein oder anderen leckeren Snack zu sich nehmen. Auf dem Fischmarkt werden Liebhaber von Meeresfr\u00fcchten voll und ganz auf ihre Kosten kommen. Hier genie\u00dft man Leckeres von Sushi St\u00e4nden oder schl\u00fcrft k\u00f6stliche Austern an der edlen Austernbar. Dazu ein k\u00fchles Glas Wei\u00dfwein und der Imbiss wird genussvoll abgerundet.<\/p><p>In der Gem\u00fcse- und der Fleischmarkthalle warten weitere kleine Bars und gem\u00fctliche Lokale auf die G\u00e4ste. Von hier aus kann man bei einem leckeren H\u00e4ppchen wunderbar das bunte Markttreiben beobachten und die Seele baumeln lassen.<\/p><p>Er\u00f6ffnet wurde die Markthalle des Mercat de l&#8217;Olivar bereits im Jahre 1951. 2003 erfolgte dann eine Komplettsanierung. Neben dem Markt befinden sich hier au\u00dferdem noch eine h\u00fcbsche Einkaufspassage sowie eine Tiefgarage.<\/p>\t\t\t\t\t\t\t\t<\/div>\n\t\t\t\t<\/div>\n\t\t\t\t\t<\/div>\n\t\t\t\t<\/div>\n\t\t\t\t<\/div>","protected":false},"excerpt":{"rendered":"<p>Mallorcas M\u00e4rkte sind allseits beliebte Ausflugsziele. In authentischer mallorquinischer Atmosph\u00e4re kann man sich hier nach Lust und Laune mit frischem Obst, Gem\u00fcse oder Dingen des t\u00e4glichen Gebrauchs eindecken. Ein besonders attraktives Ziel f\u00fcr Marktschw\u00e4rmer ist sicherlich die gr\u00f6\u00dfte Markthalle Palmas, der Mercat de l&#8217;Olivar. Mitten in der belebten Carrer de Sant Miquel, der pulsierenden Fu\u00dfg\u00e4ngerzone der Hauptstadt, liegt die Placa de l&#8216; Olivar. Hier ist man genau richtig, wenn man auf der Suche nach frischen Lebensmitteln aller Art ist. Auf keinem anderen Markt der Insel bekommt man eine gr\u00f6\u00dfere Auswahl an frischen Meeresfr\u00fcchten und die Palette der weiteren kulinarischen Spezialit\u00e4ten ist wirklich bemerkenswert. Doch hier wird nicht nur flaniert und eingekauft, sondern man kommt hierher um sich zu treffen und genussvolle Momente in bunter Markt-Atmosph\u00e4re zu verbringen. Seit nunmehr \u00fcber 60 Jahren ist der Mercat de l&#8217;Olivar ein Dreh- und Angelpunkt f\u00fcr Genie\u00dfer und Liebhaber besonderer Gaumenfreuden. Lebhaft und bunt geht es hier zu. Feinschmecker, Hausfrauen, K\u00f6che und Gastronomen sind hier anzutreffen. Sie machen Ihre regelm\u00e4\u00dfigen Eink\u00e4ufe und suchen nach kulinarischen Besonderheiten oder neuen Angeboten. Die riesige Markthalle erstreckt sich \u00fcber zwei Hauptbereiche. Im vorderen Teil findet man eine atemberaubende Auswahl an Obst, Gem\u00fcse, K\u00e4se, Wurst und Fleischprodukten, w\u00e4hrend der gro\u00dfz\u00fcgige Fischmarkt im hinteren Teil angesiedelt ist. Rund 120 St\u00e4nde bieten alles was das Feinschmecker-Herz begehrt. Neben farbenfrohem Obst und Gem\u00fcse und der unglaublichen Auswahl an frischem Fisch aller Art, locken zahlreiche St\u00e4nde mit Tapas, gro\u00dfen Schinken und leckeren Sobrassadas. Nat\u00fcrlich kann man hier auch wunderbar verweilen und den ein oder anderen leckeren Snack zu sich nehmen. Auf dem Fischmarkt werden Liebhaber von Meeresfr\u00fcchten voll und ganz auf ihre Kosten kommen. Hier genie\u00dft man Leckeres von Sushi St\u00e4nden oder schl\u00fcrft k\u00f6stliche Austern an der edlen Austernbar. Dazu ein k\u00fchles Glas Wei\u00dfwein und der Imbiss wird genussvoll abgerundet. In der Gem\u00fcse- und der Fleischmarkthalle warten weitere kleine Bars und gem\u00fctliche Lokale auf die G\u00e4ste. Von hier aus kann man bei einem leckeren H\u00e4ppchen wunderbar das bunte Markttreiben beobachten und die Seele baumeln lassen. Er\u00f6ffnet wurde die Markthalle des Mercat de l&#8217;Olivar bereits im Jahre 1951. 2003 erfolgte dann eine Komplettsanierung. Neben dem Markt befinden sich hier au\u00dferdem noch eine h\u00fcbsche Einkaufspassage sowie eine Tiefgarage.<\/p>","protected":false},"author":5,"featured_media":94220,"comment_status":"closed","ping_status":"open","sticky":false,"template":"","format":"standard","meta":{"_acf_changed":false,"footnotes":""},"categories":[214,221,216],"tags":[],"class_list":["post-68043","post","type-post","status-publish","format-standard","has-post-thumbnail","hentry","category-inselleben","category-kulinarisches","category-land-leute"],"acf":[],"yoast_head":"<!-- This site is optimized with the Yoast SEO Premium plugin v24.4 (Yoast SEO v26.8) - https:\/\/yoast.com\/product\/yoast-seo-premium-wordpress\/ -->\n<title>Mercat de l&#039;Olivar in Palma - Lucie Hauri | Exclusive Real Estate<\/title>\n<meta name=\"robots\" content=\"index, follow, max-snippet:-1, max-image-preview:large, max-video-preview:-1\" \/>\n<link rel=\"canonical\" href=\"https:\/\/www.lucie-hauri.com\/es\/mercat-de-lolivar-palma\/\" \/>\n<meta property=\"og:locale\" content=\"es_ES\" \/>\n<meta property=\"og:type\" content=\"article\" \/>\n<meta property=\"og:title\" content=\"Mercat de l&#039;Olivar in Palma - Lucie Hauri | Exclusive Real Estate\" \/>\n<meta property=\"og:description\" content=\"Mallorcas M\u00e4rkte sind allseits beliebte Ausflugsziele. In authentischer mallorquinischer Atmosph\u00e4re kann man sich hier nach Lust und Laune mit frischem Obst, Gem\u00fcse oder Dingen des t\u00e4glichen Gebrauchs eindecken. Ein besonders attraktives Ziel f\u00fcr Marktschw\u00e4rmer ist sicherlich die gr\u00f6\u00dfte Markthalle Palmas, der Mercat de l&#8217;Olivar. Mitten in der belebten Carrer de Sant Miquel, der pulsierenden Fu\u00dfg\u00e4ngerzone der Hauptstadt, liegt die Placa de l&#8216; Olivar. Hier ist man genau richtig, wenn man auf der Suche nach frischen Lebensmitteln aller Art ist. Auf keinem anderen Markt der Insel bekommt man eine gr\u00f6\u00dfere Auswahl an frischen Meeresfr\u00fcchten und die Palette der weiteren kulinarischen Spezialit\u00e4ten ist wirklich bemerkenswert. Doch hier wird nicht nur flaniert und eingekauft, sondern man kommt hierher um sich zu treffen und genussvolle Momente in bunter Markt-Atmosph\u00e4re zu verbringen. Seit nunmehr \u00fcber 60 Jahren ist der Mercat de l&#8217;Olivar ein Dreh- und Angelpunkt f\u00fcr Genie\u00dfer und Liebhaber besonderer Gaumenfreuden. Lebhaft und bunt geht es hier zu. Feinschmecker, Hausfrauen, K\u00f6che und Gastronomen sind hier anzutreffen. Sie machen Ihre regelm\u00e4\u00dfigen Eink\u00e4ufe und suchen nach kulinarischen Besonderheiten oder neuen Angeboten. Die riesige Markthalle erstreckt sich \u00fcber zwei Hauptbereiche. Im vorderen Teil findet man eine atemberaubende Auswahl an Obst, Gem\u00fcse, K\u00e4se, Wurst und Fleischprodukten, w\u00e4hrend der gro\u00dfz\u00fcgige Fischmarkt im hinteren Teil angesiedelt ist. Rund 120 St\u00e4nde bieten alles was das Feinschmecker-Herz begehrt. Neben farbenfrohem Obst und Gem\u00fcse und der unglaublichen Auswahl an frischem Fisch aller Art, locken zahlreiche St\u00e4nde mit Tapas, gro\u00dfen Schinken und leckeren Sobrassadas. Nat\u00fcrlich kann man hier auch wunderbar verweilen und den ein oder anderen leckeren Snack zu sich nehmen. Auf dem Fischmarkt werden Liebhaber von Meeresfr\u00fcchten voll und ganz auf ihre Kosten kommen. Hier genie\u00dft man Leckeres von Sushi St\u00e4nden oder schl\u00fcrft k\u00f6stliche Austern an der edlen Austernbar. Dazu ein k\u00fchles Glas Wei\u00dfwein und der Imbiss wird genussvoll abgerundet. In der Gem\u00fcse- und der Fleischmarkthalle warten weitere kleine Bars und gem\u00fctliche Lokale auf die G\u00e4ste. Von hier aus kann man bei einem leckeren H\u00e4ppchen wunderbar das bunte Markttreiben beobachten und die Seele baumeln lassen. Er\u00f6ffnet wurde die Markthalle des Mercat de l&#8217;Olivar bereits im Jahre 1951. 2003 erfolgte dann eine Komplettsanierung. Neben dem Markt befinden sich hier au\u00dferdem noch eine h\u00fcbsche Einkaufspassage sowie eine Tiefgarage.\" \/>\n<meta property=\"og:url\" content=\"https:\/\/www.lucie-hauri.com\/es\/mercat-de-lolivar-palma\/\" \/>\n<meta property=\"og:site_name\" content=\"Lucie Hauri | Exclusive Real Estate\" \/>\n<meta property=\"article:published_time\" content=\"2019-01-30T07:57:47+00:00\" \/>\n<meta property=\"article:modified_time\" content=\"2025-01-06T13:55:19+00:00\" \/>\n<meta property=\"og:image\" content=\"https:\/\/www.lucie-hauri.com\/wp-content\/uploads\/2019\/01\/TN-Mercat-Olivar-Palma.jpg\" \/>\n\t<meta property=\"og:image:width\" content=\"210\" \/>\n\t<meta property=\"og:image:height\" content=\"140\" \/>\n\t<meta property=\"og:image:type\" content=\"image\/jpeg\" \/>\n<meta name=\"author\" content=\"Lucie Haurie\" \/>\n<meta name=\"twitter:card\" content=\"summary_large_image\" \/>\n<meta name=\"twitter:label1\" content=\"Escrito por\" \/>\n\t<meta name=\"twitter:data1\" content=\"Lucie Haurie\" \/>\n\t<meta name=\"twitter:label2\" content=\"Tiempo de lectura\" \/>\n\t<meta name=\"twitter:data2\" content=\"3 minutos\" \/>\n<script type=\"application\/ld+json\" class=\"yoast-schema-graph\">{\"@context\":\"https:\/\/schema.org\",\"@graph\":[{\"@type\":\"Article\",\"@id\":\"https:\/\/www.lucie-hauri.com\/es\/mercat-de-lolivar-palma\/#article\",\"isPartOf\":{\"@id\":\"https:\/\/www.lucie-hauri.com\/es\/mercat-de-lolivar-palma\/\"},\"author\":{\"name\":\"Lucie Haurie\",\"@id\":\"https:\/\/www.lucie-hauri.com\/en\/#\/schema\/person\/2da0f594e9d27f36e29477b9f86d1f1d\"},\"headline\":\"Mercat de l&#8217;Olivar in Palma\",\"datePublished\":\"2019-01-30T07:57:47+00:00\",\"dateModified\":\"2025-01-06T13:55:19+00:00\",\"mainEntityOfPage\":{\"@id\":\"https:\/\/www.lucie-hauri.com\/es\/mercat-de-lolivar-palma\/\"},\"wordCount\":410,\"image\":{\"@id\":\"https:\/\/www.lucie-hauri.com\/es\/mercat-de-lolivar-palma\/#primaryimage\"},\"thumbnailUrl\":\"https:\/\/www.lucie-hauri.com\/wp-content\/uploads\/2019\/01\/TN-Mercat-Olivar-Palma.jpg\",\"articleSection\":[\"Inselleben\",\"Kulinarisches\",\"Land &amp; Leute\"],\"inLanguage\":\"es\"},{\"@type\":\"WebPage\",\"@id\":\"https:\/\/www.lucie-hauri.com\/es\/mercat-de-lolivar-palma\/\",\"url\":\"https:\/\/www.lucie-hauri.com\/es\/mercat-de-lolivar-palma\/\",\"name\":\"Mercat de l'Olivar in Palma - Lucie Hauri | Exclusive Real Estate\",\"isPartOf\":{\"@id\":\"https:\/\/www.lucie-hauri.com\/en\/#website\"},\"primaryImageOfPage\":{\"@id\":\"https:\/\/www.lucie-hauri.com\/es\/mercat-de-lolivar-palma\/#primaryimage\"},\"image\":{\"@id\":\"https:\/\/www.lucie-hauri.com\/es\/mercat-de-lolivar-palma\/#primaryimage\"},\"thumbnailUrl\":\"https:\/\/www.lucie-hauri.com\/wp-content\/uploads\/2019\/01\/TN-Mercat-Olivar-Palma.jpg\",\"datePublished\":\"2019-01-30T07:57:47+00:00\",\"dateModified\":\"2025-01-06T13:55:19+00:00\",\"author\":{\"@id\":\"https:\/\/www.lucie-hauri.com\/en\/#\/schema\/person\/2da0f594e9d27f36e29477b9f86d1f1d\"},\"inLanguage\":\"es\",\"potentialAction\":[{\"@type\":\"ReadAction\",\"target\":[\"https:\/\/www.lucie-hauri.com\/es\/mercat-de-lolivar-palma\/\"]}]},{\"@type\":\"ImageObject\",\"inLanguage\":\"es\",\"@id\":\"https:\/\/www.lucie-hauri.com\/es\/mercat-de-lolivar-palma\/#primaryimage\",\"url\":\"https:\/\/www.lucie-hauri.com\/wp-content\/uploads\/2019\/01\/TN-Mercat-Olivar-Palma.jpg\",\"contentUrl\":\"https:\/\/www.lucie-hauri.com\/wp-content\/uploads\/2019\/01\/TN-Mercat-Olivar-Palma.jpg\",\"width\":210,\"height\":140},{\"@type\":\"WebSite\",\"@id\":\"https:\/\/www.lucie-hauri.com\/en\/#website\",\"url\":\"https:\/\/www.lucie-hauri.com\/en\/\",\"name\":\"Lucie Hauri | Exclusive Real Estate\",\"description\":\"\",\"potentialAction\":[{\"@type\":\"SearchAction\",\"target\":{\"@type\":\"EntryPoint\",\"urlTemplate\":\"https:\/\/www.lucie-hauri.com\/en\/?s={search_term_string}\"},\"query-input\":{\"@type\":\"PropertyValueSpecification\",\"valueRequired\":true,\"valueName\":\"search_term_string\"}}],\"inLanguage\":\"es\"},{\"@type\":\"Person\",\"@id\":\"https:\/\/www.lucie-hauri.com\/en\/#\/schema\/person\/2da0f594e9d27f36e29477b9f86d1f1d\",\"name\":\"Lucie Haurie\",\"image\":{\"@type\":\"ImageObject\",\"inLanguage\":\"es\",\"@id\":\"https:\/\/www.lucie-hauri.com\/en\/#\/schema\/person\/image\/\",\"url\":\"https:\/\/secure.gravatar.com\/avatar\/5547acc5a9ccb58175658f3a6b0b1f239807fa157dfa222ae1731d25a7f34aed?s=96&d=mm&r=g\",\"contentUrl\":\"https:\/\/secure.gravatar.com\/avatar\/5547acc5a9ccb58175658f3a6b0b1f239807fa157dfa222ae1731d25a7f34aed?s=96&d=mm&r=g\",\"caption\":\"Lucie Haurie\"},\"url\":\"https:\/\/www.lucie-hauri.com\/es\/author\/m-wichmann\/\"}]}<\/script>\n<!-- \/ Yoast SEO Premium plugin. -->","yoast_head_json":{"title":"Mercat de l'Olivar in Palma - Lucie Hauri | Exclusive Real Estate","robots":{"index":"index","follow":"follow","max-snippet":"max-snippet:-1","max-image-preview":"max-image-preview:large","max-video-preview":"max-video-preview:-1"},"canonical":"https:\/\/www.lucie-hauri.com\/es\/mercat-de-lolivar-palma\/","og_locale":"es_ES","og_type":"article","og_title":"Mercat de l'Olivar in Palma - Lucie Hauri | Exclusive Real Estate","og_description":"Mallorcas M\u00e4rkte sind allseits beliebte Ausflugsziele. In authentischer mallorquinischer Atmosph\u00e4re kann man sich hier nach Lust und Laune mit frischem Obst, Gem\u00fcse oder Dingen des t\u00e4glichen Gebrauchs eindecken. Ein besonders attraktives Ziel f\u00fcr Marktschw\u00e4rmer ist sicherlich die gr\u00f6\u00dfte Markthalle Palmas, der Mercat de l&#8217;Olivar. Mitten in der belebten Carrer de Sant Miquel, der pulsierenden Fu\u00dfg\u00e4ngerzone der Hauptstadt, liegt die Placa de l&#8216; Olivar. Hier ist man genau richtig, wenn man auf der Suche nach frischen Lebensmitteln aller Art ist. Auf keinem anderen Markt der Insel bekommt man eine gr\u00f6\u00dfere Auswahl an frischen Meeresfr\u00fcchten und die Palette der weiteren kulinarischen Spezialit\u00e4ten ist wirklich bemerkenswert. Doch hier wird nicht nur flaniert und eingekauft, sondern man kommt hierher um sich zu treffen und genussvolle Momente in bunter Markt-Atmosph\u00e4re zu verbringen. Seit nunmehr \u00fcber 60 Jahren ist der Mercat de l&#8217;Olivar ein Dreh- und Angelpunkt f\u00fcr Genie\u00dfer und Liebhaber besonderer Gaumenfreuden. Lebhaft und bunt geht es hier zu. Feinschmecker, Hausfrauen, K\u00f6che und Gastronomen sind hier anzutreffen. Sie machen Ihre regelm\u00e4\u00dfigen Eink\u00e4ufe und suchen nach kulinarischen Besonderheiten oder neuen Angeboten. Die riesige Markthalle erstreckt sich \u00fcber zwei Hauptbereiche. Im vorderen Teil findet man eine atemberaubende Auswahl an Obst, Gem\u00fcse, K\u00e4se, Wurst und Fleischprodukten, w\u00e4hrend der gro\u00dfz\u00fcgige Fischmarkt im hinteren Teil angesiedelt ist. Rund 120 St\u00e4nde bieten alles was das Feinschmecker-Herz begehrt. Neben farbenfrohem Obst und Gem\u00fcse und der unglaublichen Auswahl an frischem Fisch aller Art, locken zahlreiche St\u00e4nde mit Tapas, gro\u00dfen Schinken und leckeren Sobrassadas. Nat\u00fcrlich kann man hier auch wunderbar verweilen und den ein oder anderen leckeren Snack zu sich nehmen. Auf dem Fischmarkt werden Liebhaber von Meeresfr\u00fcchten voll und ganz auf ihre Kosten kommen. Hier genie\u00dft man Leckeres von Sushi St\u00e4nden oder schl\u00fcrft k\u00f6stliche Austern an der edlen Austernbar. Dazu ein k\u00fchles Glas Wei\u00dfwein und der Imbiss wird genussvoll abgerundet. In der Gem\u00fcse- und der Fleischmarkthalle warten weitere kleine Bars und gem\u00fctliche Lokale auf die G\u00e4ste. Von hier aus kann man bei einem leckeren H\u00e4ppchen wunderbar das bunte Markttreiben beobachten und die Seele baumeln lassen. Er\u00f6ffnet wurde die Markthalle des Mercat de l&#8217;Olivar bereits im Jahre 1951. 2003 erfolgte dann eine Komplettsanierung. Neben dem Markt befinden sich hier au\u00dferdem noch eine h\u00fcbsche Einkaufspassage sowie eine Tiefgarage.","og_url":"https:\/\/www.lucie-hauri.com\/es\/mercat-de-lolivar-palma\/","og_site_name":"Lucie Hauri | Exclusive Real Estate","article_published_time":"2019-01-30T07:57:47+00:00","article_modified_time":"2025-01-06T13:55:19+00:00","og_image":[{"width":210,"height":140,"url":"https:\/\/www.lucie-hauri.com\/wp-content\/uploads\/2019\/01\/TN-Mercat-Olivar-Palma.jpg","type":"image\/jpeg"}],"author":"Lucie Haurie","twitter_card":"summary_large_image","twitter_misc":{"Escrito por":"Lucie Haurie","Tiempo de lectura":"3 minutos"},"schema":{"@context":"https:\/\/schema.org","@graph":[{"@type":"Article","@id":"https:\/\/www.lucie-hauri.com\/es\/mercat-de-lolivar-palma\/#article","isPartOf":{"@id":"https:\/\/www.lucie-hauri.com\/es\/mercat-de-lolivar-palma\/"},"author":{"name":"Lucie Haurie","@id":"https:\/\/www.lucie-hauri.com\/en\/#\/schema\/person\/2da0f594e9d27f36e29477b9f86d1f1d"},"headline":"Mercat de l&#8217;Olivar in Palma","datePublished":"2019-01-30T07:57:47+00:00","dateModified":"2025-01-06T13:55:19+00:00","mainEntityOfPage":{"@id":"https:\/\/www.lucie-hauri.com\/es\/mercat-de-lolivar-palma\/"},"wordCount":410,"image":{"@id":"https:\/\/www.lucie-hauri.com\/es\/mercat-de-lolivar-palma\/#primaryimage"},"thumbnailUrl":"https:\/\/www.lucie-hauri.com\/wp-content\/uploads\/2019\/01\/TN-Mercat-Olivar-Palma.jpg","articleSection":["Inselleben","Kulinarisches","Land &amp; Leute"],"inLanguage":"es"},{"@type":"WebPage","@id":"https:\/\/www.lucie-hauri.com\/es\/mercat-de-lolivar-palma\/","url":"https:\/\/www.lucie-hauri.com\/es\/mercat-de-lolivar-palma\/","name":"Mercat de l'Olivar in Palma - Lucie Hauri | Exclusive Real Estate","isPartOf":{"@id":"https:\/\/www.lucie-hauri.com\/en\/#website"},"primaryImageOfPage":{"@id":"https:\/\/www.lucie-hauri.com\/es\/mercat-de-lolivar-palma\/#primaryimage"},"image":{"@id":"https:\/\/www.lucie-hauri.com\/es\/mercat-de-lolivar-palma\/#primaryimage"},"thumbnailUrl":"https:\/\/www.lucie-hauri.com\/wp-content\/uploads\/2019\/01\/TN-Mercat-Olivar-Palma.jpg","datePublished":"2019-01-30T07:57:47+00:00","dateModified":"2025-01-06T13:55:19+00:00","author":{"@id":"https:\/\/www.lucie-hauri.com\/en\/#\/schema\/person\/2da0f594e9d27f36e29477b9f86d1f1d"},"inLanguage":"es","potentialAction":[{"@type":"ReadAction","target":["https:\/\/www.lucie-hauri.com\/es\/mercat-de-lolivar-palma\/"]}]},{"@type":"ImageObject","inLanguage":"es","@id":"https:\/\/www.lucie-hauri.com\/es\/mercat-de-lolivar-palma\/#primaryimage","url":"https:\/\/www.lucie-hauri.com\/wp-content\/uploads\/2019\/01\/TN-Mercat-Olivar-Palma.jpg","contentUrl":"https:\/\/www.lucie-hauri.com\/wp-content\/uploads\/2019\/01\/TN-Mercat-Olivar-Palma.jpg","width":210,"height":140},{"@type":"WebSite","@id":"https:\/\/www.lucie-hauri.com\/en\/#website","url":"https:\/\/www.lucie-hauri.com\/en\/","name":"Lucie Hauri | Exclusive Real Estate","description":"","potentialAction":[{"@type":"SearchAction","target":{"@type":"EntryPoint","urlTemplate":"https:\/\/www.lucie-hauri.com\/en\/?s={search_term_string}"},"query-input":{"@type":"PropertyValueSpecification","valueRequired":true,"valueName":"search_term_string"}}],"inLanguage":"es"},{"@type":"Person","@id":"https:\/\/www.lucie-hauri.com\/en\/#\/schema\/person\/2da0f594e9d27f36e29477b9f86d1f1d","name":"Lucie Haurie","image":{"@type":"ImageObject","inLanguage":"es","@id":"https:\/\/www.lucie-hauri.com\/en\/#\/schema\/person\/image\/","url":"https:\/\/secure.gravatar.com\/avatar\/5547acc5a9ccb58175658f3a6b0b1f239807fa157dfa222ae1731d25a7f34aed?s=96&d=mm&r=g","contentUrl":"https:\/\/secure.gravatar.com\/avatar\/5547acc5a9ccb58175658f3a6b0b1f239807fa157dfa222ae1731d25a7f34aed?s=96&d=mm&r=g","caption":"Lucie Haurie"},"url":"https:\/\/www.lucie-hauri.com\/es\/author\/m-wichmann\/"}]}},"_links":{"self":[{"href":"https:\/\/www.lucie-hauri.com\/es\/wp-json\/wp\/v2\/posts\/68043","targetHints":{"allow":["GET"]}}],"collection":[{"href":"https:\/\/www.lucie-hauri.com\/es\/wp-json\/wp\/v2\/posts"}],"about":[{"href":"https:\/\/www.lucie-hauri.com\/es\/wp-json\/wp\/v2\/types\/post"}],"author":[{"embeddable":true,"href":"https:\/\/www.lucie-hauri.com\/es\/wp-json\/wp\/v2\/users\/5"}],"replies":[{"embeddable":true,"href":"https:\/\/www.lucie-hauri.com\/es\/wp-json\/wp\/v2\/comments?post=68043"}],"version-history":[{"count":0,"href":"https:\/\/www.lucie-hauri.com\/es\/wp-json\/wp\/v2\/posts\/68043\/revisions"}],"wp:featuredmedia":[{"embeddable":true,"href":"https:\/\/www.lucie-hauri.com\/es\/wp-json\/wp\/v2\/media\/94220"}],"wp:attachment":[{"href":"https:\/\/www.lucie-hauri.com\/es\/wp-json\/wp\/v2\/media?parent=68043"}],"wp:term":[{"taxonomy":"category","embeddable":true,"href":"https:\/\/www.lucie-hauri.com\/es\/wp-json\/wp\/v2\/categories?post=68043"},{"taxonomy":"post_tag","embeddable":true,"href":"https:\/\/www.lucie-hauri.com\/es\/wp-json\/wp\/v2\/tags?post=68043"}],"curies":[{"name":"wp","href":"https:\/\/api.w.org\/{rel}","templated":true}]}}