{"id":66465,"date":"2017-05-18T00:16:59","date_gmt":"2017-05-17T22:16:59","guid":{"rendered":"https:\/\/lucie-hauri.hostpress.me\/das-castell-de-capdepera\/"},"modified":"2025-01-06T14:55:34","modified_gmt":"2025-01-06T13:55:34","slug":"das-castell-de-capdepera","status":"publish","type":"post","link":"https:\/\/www.lucie-hauri.com\/es\/das-castell-de-capdepera\/","title":{"rendered":"Das Castell de Capdepera"},"content":{"rendered":"<div data-elementor-type=\"wp-post\" data-elementor-id=\"66465\" class=\"elementor elementor-66465\" data-elementor-post-type=\"post\">\n\t\t\t\t<div class=\"elementor-element elementor-element-76f087c4 e-flex e-con-boxed e-con e-parent\" data-id=\"76f087c4\" data-element_type=\"container\">\n\t\t\t\t\t<div class=\"e-con-inner\">\n\t\t\t\t<div class=\"elementor-element elementor-element-1e161520 elementor-widget elementor-widget-text-editor\" data-id=\"1e161520\" data-element_type=\"widget\" data-widget_type=\"text-editor.default\">\n\t\t\t\t<div class=\"elementor-widget-container\">\n\t\t\t\t\t\t\t\t\t<p>Schon von Weitem erkennt man die m\u00e4chtigen Burgmauern und die Wehrt\u00fcrme des mittelalterlichen Castells oberhalb des kleinen historischen St\u00e4dtchens. Capdepera, mit seiner stattlichen Festung im Osten Mallorcas, liegt malerisch am Nordende der Serra de Llevante in einem wundersch\u00f6nen H\u00fcgelgebiet. Das charmante Dorf mit dem sehenswerten Ortskern und seinen schmalen und verwinkelten G\u00e4sschen ist einen Besuch wert, ebenso nat\u00fcrlich auch die altert\u00fcmliche Festung Castell de Capdepera.<\/p><p>Die Burg selbst kann man \u00fcber die enge und steile Carrer del Castell, die sogenannte Burgstra\u00dfe erreichen. Wem die teilweise ziemlich abenteuerliche Fahrt zu anstrengend erscheint, dem sei empfohlen, unten im Dorf zu parken. Vom kleinen Hauptplatz, der Plaza de Orient, f\u00fchrt eine h\u00fcbsche Treppengasse hinauf zur im 14. Jahrhundert errichteten Festung, die herrschaftlich auf dem 159 Meter hohen Puig de Capdepera thront.<\/p><p>Oben angekommen staunt man sicherlich nicht schlecht, denn der Innenhof des Castell de Capdepera ist riesig. Auf einer Fl\u00e4che, die etwa zwei Fu\u00dfballfeldern entspricht, befindet sich neben einem liebevoll eingerichtetem Museum f\u00fcr Korbflechtarbeiten auch eine kleine Kirche, zu der es eine sch\u00f6ne Geschichte zu erz\u00e4hlen gibt. Als die Mauren am 18. Dezember 1569 versuchten, die Burg von Capdepera zu erobern, holten die Einwohner aus dieser Kirche Ihre Schutzheilige, die &#8222;Virgen de la Esperanza&#8220; und zogen mit ihr \u00fcber das Burggel\u00e4nde. Der Legende nach zog dabei solch ein dichter Nebel auf, dass die Moslems die Burg nicht mehr erkennen konnten und den Angriff abbliesen. Dem Wunder von Capdepera zu Ehren findet jedes Jahr hier eine feierliche Prozession statt.<\/p><p>Durch die Schutzscharten der m\u00e4chtigen Burgmauern hat der Besucher einen atemberaubenden Blick auf das \u00d6rtchen und die wundersch\u00f6ne Gegend. Au\u00dferdem f\u00fchrt an der Innenseite der Wehrmauer ein vollst\u00e4ndig erhaltener Rundweg um den Burginnenplatz herum. Von hier aus sieht man auch die Bucht von Cala Ratjada und das herrlich schimmernde Meer vor der Ostk\u00fcste der Insel. Im Burgareal selbst befindet sich zudem ein sch\u00f6n angelegter Garten mit einladenden Sitzb\u00e4nken.<\/p><p>Einmal pro Jahr ist Capdepera der Schauplatz eines sehenswerten mittelalterlichen Spektakels. Dann verwandelt sich das Dorf zu einer Hochburg f\u00fcr Mittelalterfans. Durch die engen Gassen ziehen Aromen von leckeren Speisen und Getr\u00e4nken und Gaukler tummeln sich zwischen den mit Flaggen geschm\u00fcckten H\u00e4usern. Hoch oben auf der Burg zeigen Falkner ihr K\u00f6nnen. Ein fr\u00f6hliches Treiben und ein buntes Fest f\u00fcr Jung und Alt.<\/p>\t\t\t\t\t\t\t\t<\/div>\n\t\t\t\t<\/div>\n\t\t\t\t\t<\/div>\n\t\t\t\t<\/div>\n\t\t\t\t<\/div>","protected":false},"excerpt":{"rendered":"<p>Schon von Weitem erkennt man die m\u00e4chtigen Burgmauern und die Wehrt\u00fcrme des mittelalterlichen Castells oberhalb des kleinen historischen St\u00e4dtchens. Capdepera, mit seiner stattlichen Festung im Osten Mallorcas, liegt malerisch am Nordende der Serra de Llevante in einem wundersch\u00f6nen H\u00fcgelgebiet. Das charmante Dorf mit dem sehenswerten Ortskern und seinen schmalen und verwinkelten G\u00e4sschen ist einen Besuch wert, ebenso nat\u00fcrlich auch die altert\u00fcmliche Festung Castell de Capdepera. Die Burg selbst kann man \u00fcber die enge und steile Carrer del Castell, die sogenannte Burgstra\u00dfe erreichen. Wem die teilweise ziemlich abenteuerliche Fahrt zu anstrengend erscheint, dem sei empfohlen, unten im Dorf zu parken. Vom kleinen Hauptplatz, der Plaza de Orient, f\u00fchrt eine h\u00fcbsche Treppengasse hinauf zur im 14. Jahrhundert errichteten Festung, die herrschaftlich auf dem 159 Meter hohen Puig de Capdepera thront. Oben angekommen staunt man sicherlich nicht schlecht, denn der Innenhof des Castell de Capdepera ist riesig. Auf einer Fl\u00e4che, die etwa zwei Fu\u00dfballfeldern entspricht, befindet sich neben einem liebevoll eingerichtetem Museum f\u00fcr Korbflechtarbeiten auch eine kleine Kirche, zu der es eine sch\u00f6ne Geschichte zu erz\u00e4hlen gibt. Als die Mauren am 18. Dezember 1569 versuchten, die Burg von Capdepera zu erobern, holten die Einwohner aus dieser Kirche Ihre Schutzheilige, die &#8222;Virgen de la Esperanza&#8220; und zogen mit ihr \u00fcber das Burggel\u00e4nde. Der Legende nach zog dabei solch ein dichter Nebel auf, dass die Moslems die Burg nicht mehr erkennen konnten und den Angriff abbliesen. Dem Wunder von Capdepera zu Ehren findet jedes Jahr hier eine feierliche Prozession statt. Durch die Schutzscharten der m\u00e4chtigen Burgmauern hat der Besucher einen atemberaubenden Blick auf das \u00d6rtchen und die wundersch\u00f6ne Gegend. Au\u00dferdem f\u00fchrt an der Innenseite der Wehrmauer ein vollst\u00e4ndig erhaltener Rundweg um den Burginnenplatz herum. Von hier aus sieht man auch die Bucht von Cala Ratjada und das herrlich schimmernde Meer vor der Ostk\u00fcste der Insel. Im Burgareal selbst befindet sich zudem ein sch\u00f6n angelegter Garten mit einladenden Sitzb\u00e4nken. Einmal pro Jahr ist Capdepera der Schauplatz eines sehenswerten mittelalterlichen Spektakels. Dann verwandelt sich das Dorf zu einer Hochburg f\u00fcr Mittelalterfans. Durch die engen Gassen ziehen Aromen von leckeren Speisen und Getr\u00e4nken und Gaukler tummeln sich zwischen den mit Flaggen geschm\u00fcckten H\u00e4usern. Hoch oben auf der Burg zeigen Falkner ihr K\u00f6nnen. Ein fr\u00f6hliches Treiben und ein buntes Fest f\u00fcr Jung und Alt.<\/p>","protected":false},"author":5,"featured_media":134061,"comment_status":"closed","ping_status":"open","sticky":false,"template":"","format":"standard","meta":{"_acf_changed":false,"footnotes":""},"categories":[218,214,219],"tags":[],"class_list":["post-66465","post","type-post","status-publish","format-standard","has-post-thumbnail","hentry","category-freizeit","category-inselleben","category-kultur"],"acf":[],"yoast_head":"<!-- This site is optimized with the Yoast SEO Premium plugin v24.4 (Yoast SEO v26.8) - https:\/\/yoast.com\/product\/yoast-seo-premium-wordpress\/ -->\n<title>Das Castell de Capdepera - Lucie Hauri | Exclusive Real Estate<\/title>\n<meta name=\"robots\" content=\"index, follow, max-snippet:-1, max-image-preview:large, max-video-preview:-1\" \/>\n<link rel=\"canonical\" href=\"https:\/\/www.lucie-hauri.com\/es\/das-castell-de-capdepera\/\" \/>\n<meta property=\"og:locale\" content=\"es_ES\" \/>\n<meta property=\"og:type\" content=\"article\" \/>\n<meta property=\"og:title\" content=\"Das Castell de Capdepera - Lucie Hauri | Exclusive Real Estate\" \/>\n<meta property=\"og:description\" content=\"Schon von Weitem erkennt man die m\u00e4chtigen Burgmauern und die Wehrt\u00fcrme des mittelalterlichen Castells oberhalb des kleinen historischen St\u00e4dtchens. Capdepera, mit seiner stattlichen Festung im Osten Mallorcas, liegt malerisch am Nordende der Serra de Llevante in einem wundersch\u00f6nen H\u00fcgelgebiet. Das charmante Dorf mit dem sehenswerten Ortskern und seinen schmalen und verwinkelten G\u00e4sschen ist einen Besuch wert, ebenso nat\u00fcrlich auch die altert\u00fcmliche Festung Castell de Capdepera. Die Burg selbst kann man \u00fcber die enge und steile Carrer del Castell, die sogenannte Burgstra\u00dfe erreichen. Wem die teilweise ziemlich abenteuerliche Fahrt zu anstrengend erscheint, dem sei empfohlen, unten im Dorf zu parken. Vom kleinen Hauptplatz, der Plaza de Orient, f\u00fchrt eine h\u00fcbsche Treppengasse hinauf zur im 14. Jahrhundert errichteten Festung, die herrschaftlich auf dem 159 Meter hohen Puig de Capdepera thront. Oben angekommen staunt man sicherlich nicht schlecht, denn der Innenhof des Castell de Capdepera ist riesig. Auf einer Fl\u00e4che, die etwa zwei Fu\u00dfballfeldern entspricht, befindet sich neben einem liebevoll eingerichtetem Museum f\u00fcr Korbflechtarbeiten auch eine kleine Kirche, zu der es eine sch\u00f6ne Geschichte zu erz\u00e4hlen gibt. Als die Mauren am 18. Dezember 1569 versuchten, die Burg von Capdepera zu erobern, holten die Einwohner aus dieser Kirche Ihre Schutzheilige, die &#8222;Virgen de la Esperanza&#8220; und zogen mit ihr \u00fcber das Burggel\u00e4nde. Der Legende nach zog dabei solch ein dichter Nebel auf, dass die Moslems die Burg nicht mehr erkennen konnten und den Angriff abbliesen. Dem Wunder von Capdepera zu Ehren findet jedes Jahr hier eine feierliche Prozession statt. Durch die Schutzscharten der m\u00e4chtigen Burgmauern hat der Besucher einen atemberaubenden Blick auf das \u00d6rtchen und die wundersch\u00f6ne Gegend. Au\u00dferdem f\u00fchrt an der Innenseite der Wehrmauer ein vollst\u00e4ndig erhaltener Rundweg um den Burginnenplatz herum. Von hier aus sieht man auch die Bucht von Cala Ratjada und das herrlich schimmernde Meer vor der Ostk\u00fcste der Insel. Im Burgareal selbst befindet sich zudem ein sch\u00f6n angelegter Garten mit einladenden Sitzb\u00e4nken. Einmal pro Jahr ist Capdepera der Schauplatz eines sehenswerten mittelalterlichen Spektakels. Dann verwandelt sich das Dorf zu einer Hochburg f\u00fcr Mittelalterfans. Durch die engen Gassen ziehen Aromen von leckeren Speisen und Getr\u00e4nken und Gaukler tummeln sich zwischen den mit Flaggen geschm\u00fcckten H\u00e4usern. Hoch oben auf der Burg zeigen Falkner ihr K\u00f6nnen. Ein fr\u00f6hliches Treiben und ein buntes Fest f\u00fcr Jung und Alt.\" \/>\n<meta property=\"og:url\" content=\"https:\/\/www.lucie-hauri.com\/es\/das-castell-de-capdepera\/\" \/>\n<meta property=\"og:site_name\" content=\"Lucie Hauri | Exclusive Real Estate\" \/>\n<meta property=\"article:published_time\" content=\"2017-05-17T22:16:59+00:00\" \/>\n<meta property=\"article:modified_time\" content=\"2025-01-06T13:55:34+00:00\" \/>\n<meta property=\"og:image\" content=\"https:\/\/www.lucie-hauri.com\/wp-content\/uploads\/2017\/05\/Capdepera-620x279-1.jpg\" \/>\n\t<meta property=\"og:image:width\" content=\"620\" \/>\n\t<meta property=\"og:image:height\" content=\"279\" \/>\n\t<meta property=\"og:image:type\" content=\"image\/jpeg\" \/>\n<meta name=\"author\" content=\"Lucie Haurie\" \/>\n<meta name=\"twitter:card\" content=\"summary_large_image\" \/>\n<meta name=\"twitter:label1\" content=\"Escrito por\" \/>\n\t<meta name=\"twitter:data1\" content=\"Lucie Haurie\" \/>\n\t<meta name=\"twitter:label2\" content=\"Tiempo de lectura\" \/>\n\t<meta name=\"twitter:data2\" content=\"3 minutos\" \/>\n<script type=\"application\/ld+json\" class=\"yoast-schema-graph\">{\"@context\":\"https:\/\/schema.org\",\"@graph\":[{\"@type\":\"Article\",\"@id\":\"https:\/\/www.lucie-hauri.com\/en\/das-castell-de-capdepera\/#article\",\"isPartOf\":{\"@id\":\"https:\/\/www.lucie-hauri.com\/en\/das-castell-de-capdepera\/\"},\"author\":{\"name\":\"Lucie Haurie\",\"@id\":\"https:\/\/www.lucie-hauri.com\/en\/#\/schema\/person\/2da0f594e9d27f36e29477b9f86d1f1d\"},\"headline\":\"Das Castell de Capdepera\",\"datePublished\":\"2017-05-17T22:16:59+00:00\",\"dateModified\":\"2025-01-06T13:55:34+00:00\",\"mainEntityOfPage\":{\"@id\":\"https:\/\/www.lucie-hauri.com\/en\/das-castell-de-capdepera\/\"},\"wordCount\":407,\"image\":{\"@id\":\"https:\/\/www.lucie-hauri.com\/en\/das-castell-de-capdepera\/#primaryimage\"},\"thumbnailUrl\":\"https:\/\/www.lucie-hauri.com\/wp-content\/uploads\/2017\/05\/Capdepera-620x279-1.jpg\",\"articleSection\":[\"Freizeit\",\"Inselleben\",\"Kultur\"],\"inLanguage\":\"es\"},{\"@type\":\"WebPage\",\"@id\":\"https:\/\/www.lucie-hauri.com\/en\/das-castell-de-capdepera\/\",\"url\":\"https:\/\/www.lucie-hauri.com\/en\/das-castell-de-capdepera\/\",\"name\":\"Das Castell de Capdepera - Lucie Hauri | Exclusive Real Estate\",\"isPartOf\":{\"@id\":\"https:\/\/www.lucie-hauri.com\/en\/#website\"},\"primaryImageOfPage\":{\"@id\":\"https:\/\/www.lucie-hauri.com\/en\/das-castell-de-capdepera\/#primaryimage\"},\"image\":{\"@id\":\"https:\/\/www.lucie-hauri.com\/en\/das-castell-de-capdepera\/#primaryimage\"},\"thumbnailUrl\":\"https:\/\/www.lucie-hauri.com\/wp-content\/uploads\/2017\/05\/Capdepera-620x279-1.jpg\",\"datePublished\":\"2017-05-17T22:16:59+00:00\",\"dateModified\":\"2025-01-06T13:55:34+00:00\",\"author\":{\"@id\":\"https:\/\/www.lucie-hauri.com\/en\/#\/schema\/person\/2da0f594e9d27f36e29477b9f86d1f1d\"},\"inLanguage\":\"es\",\"potentialAction\":[{\"@type\":\"ReadAction\",\"target\":[\"https:\/\/www.lucie-hauri.com\/en\/das-castell-de-capdepera\/\"]}]},{\"@type\":\"ImageObject\",\"inLanguage\":\"es\",\"@id\":\"https:\/\/www.lucie-hauri.com\/en\/das-castell-de-capdepera\/#primaryimage\",\"url\":\"https:\/\/www.lucie-hauri.com\/wp-content\/uploads\/2017\/05\/Capdepera-620x279-1.jpg\",\"contentUrl\":\"https:\/\/www.lucie-hauri.com\/wp-content\/uploads\/2017\/05\/Capdepera-620x279-1.jpg\",\"width\":620,\"height\":279},{\"@type\":\"WebSite\",\"@id\":\"https:\/\/www.lucie-hauri.com\/en\/#website\",\"url\":\"https:\/\/www.lucie-hauri.com\/en\/\",\"name\":\"Lucie Hauri | Exclusive Real Estate\",\"description\":\"\",\"potentialAction\":[{\"@type\":\"SearchAction\",\"target\":{\"@type\":\"EntryPoint\",\"urlTemplate\":\"https:\/\/www.lucie-hauri.com\/en\/?s={search_term_string}\"},\"query-input\":{\"@type\":\"PropertyValueSpecification\",\"valueRequired\":true,\"valueName\":\"search_term_string\"}}],\"inLanguage\":\"es\"},{\"@type\":\"Person\",\"@id\":\"https:\/\/www.lucie-hauri.com\/en\/#\/schema\/person\/2da0f594e9d27f36e29477b9f86d1f1d\",\"name\":\"Lucie Haurie\",\"image\":{\"@type\":\"ImageObject\",\"inLanguage\":\"es\",\"@id\":\"https:\/\/www.lucie-hauri.com\/en\/#\/schema\/person\/image\/\",\"url\":\"https:\/\/secure.gravatar.com\/avatar\/5547acc5a9ccb58175658f3a6b0b1f239807fa157dfa222ae1731d25a7f34aed?s=96&d=mm&r=g\",\"contentUrl\":\"https:\/\/secure.gravatar.com\/avatar\/5547acc5a9ccb58175658f3a6b0b1f239807fa157dfa222ae1731d25a7f34aed?s=96&d=mm&r=g\",\"caption\":\"Lucie Haurie\"},\"url\":\"https:\/\/www.lucie-hauri.com\/es\/author\/m-wichmann\/\"}]}<\/script>\n<!-- \/ Yoast SEO Premium plugin. -->","yoast_head_json":{"title":"Das Castell de Capdepera - Lucie Hauri | Exclusive Real Estate","robots":{"index":"index","follow":"follow","max-snippet":"max-snippet:-1","max-image-preview":"max-image-preview:large","max-video-preview":"max-video-preview:-1"},"canonical":"https:\/\/www.lucie-hauri.com\/es\/das-castell-de-capdepera\/","og_locale":"es_ES","og_type":"article","og_title":"Das Castell de Capdepera - Lucie Hauri | Exclusive Real Estate","og_description":"Schon von Weitem erkennt man die m\u00e4chtigen Burgmauern und die Wehrt\u00fcrme des mittelalterlichen Castells oberhalb des kleinen historischen St\u00e4dtchens. Capdepera, mit seiner stattlichen Festung im Osten Mallorcas, liegt malerisch am Nordende der Serra de Llevante in einem wundersch\u00f6nen H\u00fcgelgebiet. Das charmante Dorf mit dem sehenswerten Ortskern und seinen schmalen und verwinkelten G\u00e4sschen ist einen Besuch wert, ebenso nat\u00fcrlich auch die altert\u00fcmliche Festung Castell de Capdepera. Die Burg selbst kann man \u00fcber die enge und steile Carrer del Castell, die sogenannte Burgstra\u00dfe erreichen. Wem die teilweise ziemlich abenteuerliche Fahrt zu anstrengend erscheint, dem sei empfohlen, unten im Dorf zu parken. Vom kleinen Hauptplatz, der Plaza de Orient, f\u00fchrt eine h\u00fcbsche Treppengasse hinauf zur im 14. Jahrhundert errichteten Festung, die herrschaftlich auf dem 159 Meter hohen Puig de Capdepera thront. Oben angekommen staunt man sicherlich nicht schlecht, denn der Innenhof des Castell de Capdepera ist riesig. Auf einer Fl\u00e4che, die etwa zwei Fu\u00dfballfeldern entspricht, befindet sich neben einem liebevoll eingerichtetem Museum f\u00fcr Korbflechtarbeiten auch eine kleine Kirche, zu der es eine sch\u00f6ne Geschichte zu erz\u00e4hlen gibt. Als die Mauren am 18. Dezember 1569 versuchten, die Burg von Capdepera zu erobern, holten die Einwohner aus dieser Kirche Ihre Schutzheilige, die &#8222;Virgen de la Esperanza&#8220; und zogen mit ihr \u00fcber das Burggel\u00e4nde. Der Legende nach zog dabei solch ein dichter Nebel auf, dass die Moslems die Burg nicht mehr erkennen konnten und den Angriff abbliesen. Dem Wunder von Capdepera zu Ehren findet jedes Jahr hier eine feierliche Prozession statt. Durch die Schutzscharten der m\u00e4chtigen Burgmauern hat der Besucher einen atemberaubenden Blick auf das \u00d6rtchen und die wundersch\u00f6ne Gegend. Au\u00dferdem f\u00fchrt an der Innenseite der Wehrmauer ein vollst\u00e4ndig erhaltener Rundweg um den Burginnenplatz herum. Von hier aus sieht man auch die Bucht von Cala Ratjada und das herrlich schimmernde Meer vor der Ostk\u00fcste der Insel. Im Burgareal selbst befindet sich zudem ein sch\u00f6n angelegter Garten mit einladenden Sitzb\u00e4nken. Einmal pro Jahr ist Capdepera der Schauplatz eines sehenswerten mittelalterlichen Spektakels. Dann verwandelt sich das Dorf zu einer Hochburg f\u00fcr Mittelalterfans. Durch die engen Gassen ziehen Aromen von leckeren Speisen und Getr\u00e4nken und Gaukler tummeln sich zwischen den mit Flaggen geschm\u00fcckten H\u00e4usern. Hoch oben auf der Burg zeigen Falkner ihr K\u00f6nnen. Ein fr\u00f6hliches Treiben und ein buntes Fest f\u00fcr Jung und Alt.","og_url":"https:\/\/www.lucie-hauri.com\/es\/das-castell-de-capdepera\/","og_site_name":"Lucie Hauri | Exclusive Real Estate","article_published_time":"2017-05-17T22:16:59+00:00","article_modified_time":"2025-01-06T13:55:34+00:00","og_image":[{"width":620,"height":279,"url":"https:\/\/www.lucie-hauri.com\/wp-content\/uploads\/2017\/05\/Capdepera-620x279-1.jpg","type":"image\/jpeg"}],"author":"Lucie Haurie","twitter_card":"summary_large_image","twitter_misc":{"Escrito por":"Lucie Haurie","Tiempo de lectura":"3 minutos"},"schema":{"@context":"https:\/\/schema.org","@graph":[{"@type":"Article","@id":"https:\/\/www.lucie-hauri.com\/en\/das-castell-de-capdepera\/#article","isPartOf":{"@id":"https:\/\/www.lucie-hauri.com\/en\/das-castell-de-capdepera\/"},"author":{"name":"Lucie Haurie","@id":"https:\/\/www.lucie-hauri.com\/en\/#\/schema\/person\/2da0f594e9d27f36e29477b9f86d1f1d"},"headline":"Das Castell de Capdepera","datePublished":"2017-05-17T22:16:59+00:00","dateModified":"2025-01-06T13:55:34+00:00","mainEntityOfPage":{"@id":"https:\/\/www.lucie-hauri.com\/en\/das-castell-de-capdepera\/"},"wordCount":407,"image":{"@id":"https:\/\/www.lucie-hauri.com\/en\/das-castell-de-capdepera\/#primaryimage"},"thumbnailUrl":"https:\/\/www.lucie-hauri.com\/wp-content\/uploads\/2017\/05\/Capdepera-620x279-1.jpg","articleSection":["Freizeit","Inselleben","Kultur"],"inLanguage":"es"},{"@type":"WebPage","@id":"https:\/\/www.lucie-hauri.com\/en\/das-castell-de-capdepera\/","url":"https:\/\/www.lucie-hauri.com\/en\/das-castell-de-capdepera\/","name":"Das Castell de Capdepera - Lucie Hauri | Exclusive Real Estate","isPartOf":{"@id":"https:\/\/www.lucie-hauri.com\/en\/#website"},"primaryImageOfPage":{"@id":"https:\/\/www.lucie-hauri.com\/en\/das-castell-de-capdepera\/#primaryimage"},"image":{"@id":"https:\/\/www.lucie-hauri.com\/en\/das-castell-de-capdepera\/#primaryimage"},"thumbnailUrl":"https:\/\/www.lucie-hauri.com\/wp-content\/uploads\/2017\/05\/Capdepera-620x279-1.jpg","datePublished":"2017-05-17T22:16:59+00:00","dateModified":"2025-01-06T13:55:34+00:00","author":{"@id":"https:\/\/www.lucie-hauri.com\/en\/#\/schema\/person\/2da0f594e9d27f36e29477b9f86d1f1d"},"inLanguage":"es","potentialAction":[{"@type":"ReadAction","target":["https:\/\/www.lucie-hauri.com\/en\/das-castell-de-capdepera\/"]}]},{"@type":"ImageObject","inLanguage":"es","@id":"https:\/\/www.lucie-hauri.com\/en\/das-castell-de-capdepera\/#primaryimage","url":"https:\/\/www.lucie-hauri.com\/wp-content\/uploads\/2017\/05\/Capdepera-620x279-1.jpg","contentUrl":"https:\/\/www.lucie-hauri.com\/wp-content\/uploads\/2017\/05\/Capdepera-620x279-1.jpg","width":620,"height":279},{"@type":"WebSite","@id":"https:\/\/www.lucie-hauri.com\/en\/#website","url":"https:\/\/www.lucie-hauri.com\/en\/","name":"Lucie Hauri | Exclusive Real Estate","description":"","potentialAction":[{"@type":"SearchAction","target":{"@type":"EntryPoint","urlTemplate":"https:\/\/www.lucie-hauri.com\/en\/?s={search_term_string}"},"query-input":{"@type":"PropertyValueSpecification","valueRequired":true,"valueName":"search_term_string"}}],"inLanguage":"es"},{"@type":"Person","@id":"https:\/\/www.lucie-hauri.com\/en\/#\/schema\/person\/2da0f594e9d27f36e29477b9f86d1f1d","name":"Lucie Haurie","image":{"@type":"ImageObject","inLanguage":"es","@id":"https:\/\/www.lucie-hauri.com\/en\/#\/schema\/person\/image\/","url":"https:\/\/secure.gravatar.com\/avatar\/5547acc5a9ccb58175658f3a6b0b1f239807fa157dfa222ae1731d25a7f34aed?s=96&d=mm&r=g","contentUrl":"https:\/\/secure.gravatar.com\/avatar\/5547acc5a9ccb58175658f3a6b0b1f239807fa157dfa222ae1731d25a7f34aed?s=96&d=mm&r=g","caption":"Lucie Haurie"},"url":"https:\/\/www.lucie-hauri.com\/es\/author\/m-wichmann\/"}]}},"_links":{"self":[{"href":"https:\/\/www.lucie-hauri.com\/es\/wp-json\/wp\/v2\/posts\/66465","targetHints":{"allow":["GET"]}}],"collection":[{"href":"https:\/\/www.lucie-hauri.com\/es\/wp-json\/wp\/v2\/posts"}],"about":[{"href":"https:\/\/www.lucie-hauri.com\/es\/wp-json\/wp\/v2\/types\/post"}],"author":[{"embeddable":true,"href":"https:\/\/www.lucie-hauri.com\/es\/wp-json\/wp\/v2\/users\/5"}],"replies":[{"embeddable":true,"href":"https:\/\/www.lucie-hauri.com\/es\/wp-json\/wp\/v2\/comments?post=66465"}],"version-history":[{"count":0,"href":"https:\/\/www.lucie-hauri.com\/es\/wp-json\/wp\/v2\/posts\/66465\/revisions"}],"wp:featuredmedia":[{"embeddable":true,"href":"https:\/\/www.lucie-hauri.com\/es\/wp-json\/wp\/v2\/media\/134061"}],"wp:attachment":[{"href":"https:\/\/www.lucie-hauri.com\/es\/wp-json\/wp\/v2\/media?parent=66465"}],"wp:term":[{"taxonomy":"category","embeddable":true,"href":"https:\/\/www.lucie-hauri.com\/es\/wp-json\/wp\/v2\/categories?post=66465"},{"taxonomy":"post_tag","embeddable":true,"href":"https:\/\/www.lucie-hauri.com\/es\/wp-json\/wp\/v2\/tags?post=66465"}],"curies":[{"name":"wp","href":"https:\/\/api.w.org\/{rel}","templated":true}]}}