{"id":66205,"date":"2019-08-22T09:59:36","date_gmt":"2019-08-22T07:59:36","guid":{"rendered":"https:\/\/lucie-hauri.hostpress.me\/junipero-serra-der-heilige-aus-petra\/"},"modified":"2025-01-06T14:55:07","modified_gmt":"2025-01-06T13:55:07","slug":"junipero-serra-der-heilige-aus-petra","status":"publish","type":"post","link":"https:\/\/www.lucie-hauri.com\/es\/junipero-serra-der-heilige-aus-petra\/","title":{"rendered":"Jun\u00edpero Serra &#8211; Der Heilige aus Petra"},"content":{"rendered":"<div data-elementor-type=\"wp-post\" data-elementor-id=\"66205\" class=\"elementor elementor-66205\" data-elementor-post-type=\"post\">\n\t\t\t\t<div class=\"elementor-element elementor-element-2d40d20 e-flex e-con-boxed e-con e-parent\" data-id=\"2d40d20\" data-element_type=\"container\">\n\t\t\t\t\t<div class=\"e-con-inner\">\n\t\t\t\t<div class=\"elementor-element elementor-element-4dff53fc elementor-widget elementor-widget-text-editor\" data-id=\"4dff53fc\" data-element_type=\"widget\" data-widget_type=\"text-editor.default\">\n\t\t\t\t<div class=\"elementor-widget-container\">\n\t\t\t\t\t\t\t\t\t<p>Rund 43 Kilometer von Palma entfernt, im Norden Mallorcas, liegt die Stadt Petra, der Geburtsort des heiligen Mallorquiners. Fray Jun\u00edpero Serra wurde hier im November des Jahres 1713 als einfacher Bauernsohn unter dem Namen Miquel Josep Serra i Ferrer geboren. Neben der Kirche San Pedro, der Klosteranlage San Bernardino und der Wallfahrtskirche der Virgen de Bonany, zeugt das Fray Jun\u00edpero Serra Museum vom Leben und Wirken des ber\u00fchmten Missionars.<\/p><p>Der Werdegang von Jun\u00edpero Serra liest sich wie aus einem Bilderbuch. Im Kloster San Bernardino ging der Heilige aus Petra die ersten Jahre zur Schule. Als er 15 Jahre alt war, wechselte er zur Franziskanerschule nach Palma, wo er fortan lebte und studierte. Bereits nach nur einem Jahr trat er dort dem Franziskaner Orden bei und wurde Priester. Im Alter von nur 26 Jahren promovierte er zum Doktor der Theologie und im Jahre 1743 wurde er Professor der Llullschen Universit\u00e4t.<\/p><p>Im Jahre 1749, im Alter von 36 Jahren meldete Jun\u00edpero Serra sich freiwillig zur Missionsarbeit und brach ins damalige Nueva Espa\u00f1a, dem heutigen Mexico auf, um dort missionarische Dienste zu verrichten. Schon auf der langen Reise von Cadiz in Spanien zum Ort Veracruz in Mexico machte er von sich reden. Denn er legte den etwa 300 Kilometer langen Weg von Veracruz nach Mexico City komplett zu Fu\u00df zur\u00fcck.<\/p><p>In den folgenden 17 Jahren arbeitete Jun\u00edpero Serra in Nord Mexico als Missionar. Er lernte die indianische Sprache und predigte das Christentum. Nach der Vertreibung der Jesuiten aus dem Vizek\u00f6nigreich, setzte er seine Missionsarbeit in Kalifornien fort. Im Jahre 1769 wurde dem Geistlichen die Leitung der Kalifornischen Mission \u00fcbertragen und er gr\u00fcndete mit weiteren Franziskanern 21 Missionsstationen. Viele davon sind heute Millionenst\u00e4dte. Einige davon gr\u00fcndete Jun\u00edpero Serra sogar pers\u00f6nlich, darunter San Francisco, San Diego sowie San Antonio.<\/p><p>Der Missionar gilt \u00fcbrigens auch als der Begr\u00fcnder des Weinbaus in Kalifornien. Der erste Weingarten wurde von ihm in der Missionsstation San Diego angelegt. Im Jun\u00edpero Serra Museum in Petra ist seine missionarische Arbeit in Kalifornien eindrucksvoll wiedergeben. Ein Besuch lohnt sich, auch wenn es keine festen \u00d6ffnungszeiten gibt. Wenn es geschlossen ist, steht auf einer Tafel eine Adresse, ganz in der N\u00e4he, bei der man um \u00d6ffnung bitten kann. In Petra findet \u00fcbrigens j\u00e4hrlich am dritten Sonntag im September ein Fest zu Ehren des Heiligen statt.<\/p>\t\t\t\t\t\t\t\t<\/div>\n\t\t\t\t<\/div>\n\t\t\t\t\t<\/div>\n\t\t\t\t<\/div>\n\t\t\t\t<\/div>","protected":false},"excerpt":{"rendered":"<p>Rund 43 Kilometer von Palma entfernt, im Norden Mallorcas, liegt die Stadt Petra, der Geburtsort des heiligen Mallorquiners. Fray Jun\u00edpero Serra wurde hier im November des Jahres 1713 als einfacher Bauernsohn unter dem Namen Miquel Josep Serra i Ferrer geboren. Neben der Kirche San Pedro, der Klosteranlage San Bernardino und der Wallfahrtskirche der Virgen de Bonany, zeugt das Fray Jun\u00edpero Serra Museum vom Leben und Wirken des ber\u00fchmten Missionars. Der Werdegang von Jun\u00edpero Serra liest sich wie aus einem Bilderbuch. Im Kloster San Bernardino ging der Heilige aus Petra die ersten Jahre zur Schule. Als er 15 Jahre alt war, wechselte er zur Franziskanerschule nach Palma, wo er fortan lebte und studierte. Bereits nach nur einem Jahr trat er dort dem Franziskaner Orden bei und wurde Priester. Im Alter von nur 26 Jahren promovierte er zum Doktor der Theologie und im Jahre 1743 wurde er Professor der Llullschen Universit\u00e4t. Im Jahre 1749, im Alter von 36 Jahren meldete Jun\u00edpero Serra sich freiwillig zur Missionsarbeit und brach ins damalige Nueva Espa\u00f1a, dem heutigen Mexico auf, um dort missionarische Dienste zu verrichten. Schon auf der langen Reise von Cadiz in Spanien zum Ort Veracruz in Mexico machte er von sich reden. Denn er legte den etwa 300 Kilometer langen Weg von Veracruz nach Mexico City komplett zu Fu\u00df zur\u00fcck. In den folgenden 17 Jahren arbeitete Jun\u00edpero Serra in Nord Mexico als Missionar. Er lernte die indianische Sprache und predigte das Christentum. Nach der Vertreibung der Jesuiten aus dem Vizek\u00f6nigreich, setzte er seine Missionsarbeit in Kalifornien fort. Im Jahre 1769 wurde dem Geistlichen die Leitung der Kalifornischen Mission \u00fcbertragen und er gr\u00fcndete mit weiteren Franziskanern 21 Missionsstationen. Viele davon sind heute Millionenst\u00e4dte. Einige davon gr\u00fcndete Jun\u00edpero Serra sogar pers\u00f6nlich, darunter San Francisco, San Diego sowie San Antonio. Der Missionar gilt \u00fcbrigens auch als der Begr\u00fcnder des Weinbaus in Kalifornien. Der erste Weingarten wurde von ihm in der Missionsstation San Diego angelegt. Im Jun\u00edpero Serra Museum in Petra ist seine missionarische Arbeit in Kalifornien eindrucksvoll wiedergeben. Ein Besuch lohnt sich, auch wenn es keine festen \u00d6ffnungszeiten gibt. Wenn es geschlossen ist, steht auf einer Tafel eine Adresse, ganz in der N\u00e4he, bei der man um \u00d6ffnung bitten kann. In Petra findet \u00fcbrigens j\u00e4hrlich am dritten Sonntag im September ein Fest zu Ehren des Heiligen statt.<\/p>","protected":false},"author":5,"featured_media":133874,"comment_status":"closed","ping_status":"open","sticky":false,"template":"","format":"standard","meta":{"_acf_changed":false,"footnotes":""},"categories":[214,219,216],"tags":[],"class_list":["post-66205","post","type-post","status-publish","format-standard","has-post-thumbnail","hentry","category-inselleben","category-kultur","category-land-leute"],"acf":[],"yoast_head":"<!-- This site is optimized with the Yoast SEO Premium plugin v24.4 (Yoast SEO v26.8) - https:\/\/yoast.com\/product\/yoast-seo-premium-wordpress\/ -->\n<title>Jun\u00edpero Serra - Der Heilige aus Petra - Lucie Hauri | Exclusive Real Estate<\/title>\n<meta name=\"robots\" content=\"index, follow, max-snippet:-1, max-image-preview:large, max-video-preview:-1\" \/>\n<link rel=\"canonical\" href=\"https:\/\/www.lucie-hauri.com\/es\/junipero-serra-der-heilige-aus-petra\/\" \/>\n<meta property=\"og:locale\" content=\"es_ES\" \/>\n<meta property=\"og:type\" content=\"article\" \/>\n<meta property=\"og:title\" content=\"Jun\u00edpero Serra - Der Heilige aus Petra - Lucie Hauri | Exclusive Real Estate\" \/>\n<meta property=\"og:description\" content=\"Rund 43 Kilometer von Palma entfernt, im Norden Mallorcas, liegt die Stadt Petra, der Geburtsort des heiligen Mallorquiners. Fray Jun\u00edpero Serra wurde hier im November des Jahres 1713 als einfacher Bauernsohn unter dem Namen Miquel Josep Serra i Ferrer geboren. Neben der Kirche San Pedro, der Klosteranlage San Bernardino und der Wallfahrtskirche der Virgen de Bonany, zeugt das Fray Jun\u00edpero Serra Museum vom Leben und Wirken des ber\u00fchmten Missionars. Der Werdegang von Jun\u00edpero Serra liest sich wie aus einem Bilderbuch. Im Kloster San Bernardino ging der Heilige aus Petra die ersten Jahre zur Schule. Als er 15 Jahre alt war, wechselte er zur Franziskanerschule nach Palma, wo er fortan lebte und studierte. Bereits nach nur einem Jahr trat er dort dem Franziskaner Orden bei und wurde Priester. Im Alter von nur 26 Jahren promovierte er zum Doktor der Theologie und im Jahre 1743 wurde er Professor der Llullschen Universit\u00e4t. Im Jahre 1749, im Alter von 36 Jahren meldete Jun\u00edpero Serra sich freiwillig zur Missionsarbeit und brach ins damalige Nueva Espa\u00f1a, dem heutigen Mexico auf, um dort missionarische Dienste zu verrichten. Schon auf der langen Reise von Cadiz in Spanien zum Ort Veracruz in Mexico machte er von sich reden. Denn er legte den etwa 300 Kilometer langen Weg von Veracruz nach Mexico City komplett zu Fu\u00df zur\u00fcck. In den folgenden 17 Jahren arbeitete Jun\u00edpero Serra in Nord Mexico als Missionar. Er lernte die indianische Sprache und predigte das Christentum. Nach der Vertreibung der Jesuiten aus dem Vizek\u00f6nigreich, setzte er seine Missionsarbeit in Kalifornien fort. Im Jahre 1769 wurde dem Geistlichen die Leitung der Kalifornischen Mission \u00fcbertragen und er gr\u00fcndete mit weiteren Franziskanern 21 Missionsstationen. Viele davon sind heute Millionenst\u00e4dte. Einige davon gr\u00fcndete Jun\u00edpero Serra sogar pers\u00f6nlich, darunter San Francisco, San Diego sowie San Antonio. Der Missionar gilt \u00fcbrigens auch als der Begr\u00fcnder des Weinbaus in Kalifornien. Der erste Weingarten wurde von ihm in der Missionsstation San Diego angelegt. Im Jun\u00edpero Serra Museum in Petra ist seine missionarische Arbeit in Kalifornien eindrucksvoll wiedergeben. Ein Besuch lohnt sich, auch wenn es keine festen \u00d6ffnungszeiten gibt. Wenn es geschlossen ist, steht auf einer Tafel eine Adresse, ganz in der N\u00e4he, bei der man um \u00d6ffnung bitten kann. In Petra findet \u00fcbrigens j\u00e4hrlich am dritten Sonntag im September ein Fest zu Ehren des Heiligen statt.\" \/>\n<meta property=\"og:url\" content=\"https:\/\/www.lucie-hauri.com\/es\/junipero-serra-der-heilige-aus-petra\/\" \/>\n<meta property=\"og:site_name\" content=\"Lucie Hauri | Exclusive Real Estate\" \/>\n<meta property=\"article:published_time\" content=\"2019-08-22T07:59:36+00:00\" \/>\n<meta property=\"article:modified_time\" content=\"2025-01-06T13:55:07+00:00\" \/>\n<meta property=\"og:image\" content=\"https:\/\/www.lucie-hauri.com\/wp-content\/uploads\/2019\/08\/Petra-1.jpg\" \/>\n\t<meta property=\"og:image:width\" content=\"670\" \/>\n\t<meta property=\"og:image:height\" content=\"330\" \/>\n\t<meta property=\"og:image:type\" content=\"image\/jpeg\" \/>\n<meta name=\"author\" content=\"Lucie Haurie\" \/>\n<meta name=\"twitter:card\" content=\"summary_large_image\" \/>\n<meta name=\"twitter:label1\" content=\"Escrito por\" \/>\n\t<meta name=\"twitter:data1\" content=\"Lucie Haurie\" \/>\n\t<meta name=\"twitter:label2\" content=\"Tiempo de lectura\" \/>\n\t<meta name=\"twitter:data2\" content=\"3 minutos\" \/>\n<script type=\"application\/ld+json\" class=\"yoast-schema-graph\">{\"@context\":\"https:\/\/schema.org\",\"@graph\":[{\"@type\":\"Article\",\"@id\":\"https:\/\/www.lucie-hauri.com\/de\/junipero-serra-der-heilige-aus-petra\/#article\",\"isPartOf\":{\"@id\":\"https:\/\/www.lucie-hauri.com\/de\/junipero-serra-der-heilige-aus-petra\/\"},\"author\":{\"name\":\"Lucie Haurie\",\"@id\":\"https:\/\/www.lucie-hauri.com\/en\/#\/schema\/person\/2da0f594e9d27f36e29477b9f86d1f1d\"},\"headline\":\"Jun\u00edpero Serra &#8211; Der Heilige aus Petra\",\"datePublished\":\"2019-08-22T07:59:36+00:00\",\"dateModified\":\"2025-01-06T13:55:07+00:00\",\"mainEntityOfPage\":{\"@id\":\"https:\/\/www.lucie-hauri.com\/de\/junipero-serra-der-heilige-aus-petra\/\"},\"wordCount\":397,\"image\":{\"@id\":\"https:\/\/www.lucie-hauri.com\/de\/junipero-serra-der-heilige-aus-petra\/#primaryimage\"},\"thumbnailUrl\":\"https:\/\/www.lucie-hauri.com\/wp-content\/uploads\/2019\/08\/Petra-1.jpg\",\"articleSection\":[\"Inselleben\",\"Kultur\",\"Land &amp; Leute\"],\"inLanguage\":\"es\"},{\"@type\":\"WebPage\",\"@id\":\"https:\/\/www.lucie-hauri.com\/de\/junipero-serra-der-heilige-aus-petra\/\",\"url\":\"https:\/\/www.lucie-hauri.com\/de\/junipero-serra-der-heilige-aus-petra\/\",\"name\":\"Jun\u00edpero Serra - Der Heilige aus Petra - Lucie Hauri | Exclusive Real Estate\",\"isPartOf\":{\"@id\":\"https:\/\/www.lucie-hauri.com\/en\/#website\"},\"primaryImageOfPage\":{\"@id\":\"https:\/\/www.lucie-hauri.com\/de\/junipero-serra-der-heilige-aus-petra\/#primaryimage\"},\"image\":{\"@id\":\"https:\/\/www.lucie-hauri.com\/de\/junipero-serra-der-heilige-aus-petra\/#primaryimage\"},\"thumbnailUrl\":\"https:\/\/www.lucie-hauri.com\/wp-content\/uploads\/2019\/08\/Petra-1.jpg\",\"datePublished\":\"2019-08-22T07:59:36+00:00\",\"dateModified\":\"2025-01-06T13:55:07+00:00\",\"author\":{\"@id\":\"https:\/\/www.lucie-hauri.com\/en\/#\/schema\/person\/2da0f594e9d27f36e29477b9f86d1f1d\"},\"inLanguage\":\"es\",\"potentialAction\":[{\"@type\":\"ReadAction\",\"target\":[\"https:\/\/www.lucie-hauri.com\/de\/junipero-serra-der-heilige-aus-petra\/\"]}]},{\"@type\":\"ImageObject\",\"inLanguage\":\"es\",\"@id\":\"https:\/\/www.lucie-hauri.com\/de\/junipero-serra-der-heilige-aus-petra\/#primaryimage\",\"url\":\"https:\/\/www.lucie-hauri.com\/wp-content\/uploads\/2019\/08\/Petra-1.jpg\",\"contentUrl\":\"https:\/\/www.lucie-hauri.com\/wp-content\/uploads\/2019\/08\/Petra-1.jpg\",\"width\":670,\"height\":330},{\"@type\":\"WebSite\",\"@id\":\"https:\/\/www.lucie-hauri.com\/en\/#website\",\"url\":\"https:\/\/www.lucie-hauri.com\/en\/\",\"name\":\"Lucie Hauri | Exclusive Real Estate\",\"description\":\"\",\"potentialAction\":[{\"@type\":\"SearchAction\",\"target\":{\"@type\":\"EntryPoint\",\"urlTemplate\":\"https:\/\/www.lucie-hauri.com\/en\/?s={search_term_string}\"},\"query-input\":{\"@type\":\"PropertyValueSpecification\",\"valueRequired\":true,\"valueName\":\"search_term_string\"}}],\"inLanguage\":\"es\"},{\"@type\":\"Person\",\"@id\":\"https:\/\/www.lucie-hauri.com\/en\/#\/schema\/person\/2da0f594e9d27f36e29477b9f86d1f1d\",\"name\":\"Lucie Haurie\",\"image\":{\"@type\":\"ImageObject\",\"inLanguage\":\"es\",\"@id\":\"https:\/\/www.lucie-hauri.com\/en\/#\/schema\/person\/image\/\",\"url\":\"https:\/\/secure.gravatar.com\/avatar\/5547acc5a9ccb58175658f3a6b0b1f239807fa157dfa222ae1731d25a7f34aed?s=96&d=mm&r=g\",\"contentUrl\":\"https:\/\/secure.gravatar.com\/avatar\/5547acc5a9ccb58175658f3a6b0b1f239807fa157dfa222ae1731d25a7f34aed?s=96&d=mm&r=g\",\"caption\":\"Lucie Haurie\"},\"url\":\"https:\/\/www.lucie-hauri.com\/es\/author\/m-wichmann\/\"}]}<\/script>\n<!-- \/ Yoast SEO Premium plugin. -->","yoast_head_json":{"title":"Jun\u00edpero Serra - Der Heilige aus Petra - Lucie Hauri | Exclusive Real Estate","robots":{"index":"index","follow":"follow","max-snippet":"max-snippet:-1","max-image-preview":"max-image-preview:large","max-video-preview":"max-video-preview:-1"},"canonical":"https:\/\/www.lucie-hauri.com\/es\/junipero-serra-der-heilige-aus-petra\/","og_locale":"es_ES","og_type":"article","og_title":"Jun\u00edpero Serra - Der Heilige aus Petra - Lucie Hauri | Exclusive Real Estate","og_description":"Rund 43 Kilometer von Palma entfernt, im Norden Mallorcas, liegt die Stadt Petra, der Geburtsort des heiligen Mallorquiners. Fray Jun\u00edpero Serra wurde hier im November des Jahres 1713 als einfacher Bauernsohn unter dem Namen Miquel Josep Serra i Ferrer geboren. Neben der Kirche San Pedro, der Klosteranlage San Bernardino und der Wallfahrtskirche der Virgen de Bonany, zeugt das Fray Jun\u00edpero Serra Museum vom Leben und Wirken des ber\u00fchmten Missionars. Der Werdegang von Jun\u00edpero Serra liest sich wie aus einem Bilderbuch. Im Kloster San Bernardino ging der Heilige aus Petra die ersten Jahre zur Schule. Als er 15 Jahre alt war, wechselte er zur Franziskanerschule nach Palma, wo er fortan lebte und studierte. Bereits nach nur einem Jahr trat er dort dem Franziskaner Orden bei und wurde Priester. Im Alter von nur 26 Jahren promovierte er zum Doktor der Theologie und im Jahre 1743 wurde er Professor der Llullschen Universit\u00e4t. Im Jahre 1749, im Alter von 36 Jahren meldete Jun\u00edpero Serra sich freiwillig zur Missionsarbeit und brach ins damalige Nueva Espa\u00f1a, dem heutigen Mexico auf, um dort missionarische Dienste zu verrichten. Schon auf der langen Reise von Cadiz in Spanien zum Ort Veracruz in Mexico machte er von sich reden. Denn er legte den etwa 300 Kilometer langen Weg von Veracruz nach Mexico City komplett zu Fu\u00df zur\u00fcck. In den folgenden 17 Jahren arbeitete Jun\u00edpero Serra in Nord Mexico als Missionar. Er lernte die indianische Sprache und predigte das Christentum. Nach der Vertreibung der Jesuiten aus dem Vizek\u00f6nigreich, setzte er seine Missionsarbeit in Kalifornien fort. Im Jahre 1769 wurde dem Geistlichen die Leitung der Kalifornischen Mission \u00fcbertragen und er gr\u00fcndete mit weiteren Franziskanern 21 Missionsstationen. Viele davon sind heute Millionenst\u00e4dte. Einige davon gr\u00fcndete Jun\u00edpero Serra sogar pers\u00f6nlich, darunter San Francisco, San Diego sowie San Antonio. Der Missionar gilt \u00fcbrigens auch als der Begr\u00fcnder des Weinbaus in Kalifornien. Der erste Weingarten wurde von ihm in der Missionsstation San Diego angelegt. Im Jun\u00edpero Serra Museum in Petra ist seine missionarische Arbeit in Kalifornien eindrucksvoll wiedergeben. Ein Besuch lohnt sich, auch wenn es keine festen \u00d6ffnungszeiten gibt. Wenn es geschlossen ist, steht auf einer Tafel eine Adresse, ganz in der N\u00e4he, bei der man um \u00d6ffnung bitten kann. In Petra findet \u00fcbrigens j\u00e4hrlich am dritten Sonntag im September ein Fest zu Ehren des Heiligen statt.","og_url":"https:\/\/www.lucie-hauri.com\/es\/junipero-serra-der-heilige-aus-petra\/","og_site_name":"Lucie Hauri | Exclusive Real Estate","article_published_time":"2019-08-22T07:59:36+00:00","article_modified_time":"2025-01-06T13:55:07+00:00","og_image":[{"width":670,"height":330,"url":"https:\/\/www.lucie-hauri.com\/wp-content\/uploads\/2019\/08\/Petra-1.jpg","type":"image\/jpeg"}],"author":"Lucie Haurie","twitter_card":"summary_large_image","twitter_misc":{"Escrito por":"Lucie Haurie","Tiempo de lectura":"3 minutos"},"schema":{"@context":"https:\/\/schema.org","@graph":[{"@type":"Article","@id":"https:\/\/www.lucie-hauri.com\/de\/junipero-serra-der-heilige-aus-petra\/#article","isPartOf":{"@id":"https:\/\/www.lucie-hauri.com\/de\/junipero-serra-der-heilige-aus-petra\/"},"author":{"name":"Lucie Haurie","@id":"https:\/\/www.lucie-hauri.com\/en\/#\/schema\/person\/2da0f594e9d27f36e29477b9f86d1f1d"},"headline":"Jun\u00edpero Serra &#8211; Der Heilige aus Petra","datePublished":"2019-08-22T07:59:36+00:00","dateModified":"2025-01-06T13:55:07+00:00","mainEntityOfPage":{"@id":"https:\/\/www.lucie-hauri.com\/de\/junipero-serra-der-heilige-aus-petra\/"},"wordCount":397,"image":{"@id":"https:\/\/www.lucie-hauri.com\/de\/junipero-serra-der-heilige-aus-petra\/#primaryimage"},"thumbnailUrl":"https:\/\/www.lucie-hauri.com\/wp-content\/uploads\/2019\/08\/Petra-1.jpg","articleSection":["Inselleben","Kultur","Land &amp; Leute"],"inLanguage":"es"},{"@type":"WebPage","@id":"https:\/\/www.lucie-hauri.com\/de\/junipero-serra-der-heilige-aus-petra\/","url":"https:\/\/www.lucie-hauri.com\/de\/junipero-serra-der-heilige-aus-petra\/","name":"Jun\u00edpero Serra - Der Heilige aus Petra - Lucie Hauri | Exclusive Real Estate","isPartOf":{"@id":"https:\/\/www.lucie-hauri.com\/en\/#website"},"primaryImageOfPage":{"@id":"https:\/\/www.lucie-hauri.com\/de\/junipero-serra-der-heilige-aus-petra\/#primaryimage"},"image":{"@id":"https:\/\/www.lucie-hauri.com\/de\/junipero-serra-der-heilige-aus-petra\/#primaryimage"},"thumbnailUrl":"https:\/\/www.lucie-hauri.com\/wp-content\/uploads\/2019\/08\/Petra-1.jpg","datePublished":"2019-08-22T07:59:36+00:00","dateModified":"2025-01-06T13:55:07+00:00","author":{"@id":"https:\/\/www.lucie-hauri.com\/en\/#\/schema\/person\/2da0f594e9d27f36e29477b9f86d1f1d"},"inLanguage":"es","potentialAction":[{"@type":"ReadAction","target":["https:\/\/www.lucie-hauri.com\/de\/junipero-serra-der-heilige-aus-petra\/"]}]},{"@type":"ImageObject","inLanguage":"es","@id":"https:\/\/www.lucie-hauri.com\/de\/junipero-serra-der-heilige-aus-petra\/#primaryimage","url":"https:\/\/www.lucie-hauri.com\/wp-content\/uploads\/2019\/08\/Petra-1.jpg","contentUrl":"https:\/\/www.lucie-hauri.com\/wp-content\/uploads\/2019\/08\/Petra-1.jpg","width":670,"height":330},{"@type":"WebSite","@id":"https:\/\/www.lucie-hauri.com\/en\/#website","url":"https:\/\/www.lucie-hauri.com\/en\/","name":"Lucie Hauri | Exclusive Real Estate","description":"","potentialAction":[{"@type":"SearchAction","target":{"@type":"EntryPoint","urlTemplate":"https:\/\/www.lucie-hauri.com\/en\/?s={search_term_string}"},"query-input":{"@type":"PropertyValueSpecification","valueRequired":true,"valueName":"search_term_string"}}],"inLanguage":"es"},{"@type":"Person","@id":"https:\/\/www.lucie-hauri.com\/en\/#\/schema\/person\/2da0f594e9d27f36e29477b9f86d1f1d","name":"Lucie Haurie","image":{"@type":"ImageObject","inLanguage":"es","@id":"https:\/\/www.lucie-hauri.com\/en\/#\/schema\/person\/image\/","url":"https:\/\/secure.gravatar.com\/avatar\/5547acc5a9ccb58175658f3a6b0b1f239807fa157dfa222ae1731d25a7f34aed?s=96&d=mm&r=g","contentUrl":"https:\/\/secure.gravatar.com\/avatar\/5547acc5a9ccb58175658f3a6b0b1f239807fa157dfa222ae1731d25a7f34aed?s=96&d=mm&r=g","caption":"Lucie Haurie"},"url":"https:\/\/www.lucie-hauri.com\/es\/author\/m-wichmann\/"}]}},"_links":{"self":[{"href":"https:\/\/www.lucie-hauri.com\/es\/wp-json\/wp\/v2\/posts\/66205","targetHints":{"allow":["GET"]}}],"collection":[{"href":"https:\/\/www.lucie-hauri.com\/es\/wp-json\/wp\/v2\/posts"}],"about":[{"href":"https:\/\/www.lucie-hauri.com\/es\/wp-json\/wp\/v2\/types\/post"}],"author":[{"embeddable":true,"href":"https:\/\/www.lucie-hauri.com\/es\/wp-json\/wp\/v2\/users\/5"}],"replies":[{"embeddable":true,"href":"https:\/\/www.lucie-hauri.com\/es\/wp-json\/wp\/v2\/comments?post=66205"}],"version-history":[{"count":0,"href":"https:\/\/www.lucie-hauri.com\/es\/wp-json\/wp\/v2\/posts\/66205\/revisions"}],"wp:featuredmedia":[{"embeddable":true,"href":"https:\/\/www.lucie-hauri.com\/es\/wp-json\/wp\/v2\/media\/133874"}],"wp:attachment":[{"href":"https:\/\/www.lucie-hauri.com\/es\/wp-json\/wp\/v2\/media?parent=66205"}],"wp:term":[{"taxonomy":"category","embeddable":true,"href":"https:\/\/www.lucie-hauri.com\/es\/wp-json\/wp\/v2\/categories?post=66205"},{"taxonomy":"post_tag","embeddable":true,"href":"https:\/\/www.lucie-hauri.com\/es\/wp-json\/wp\/v2\/tags?post=66205"}],"curies":[{"name":"wp","href":"https:\/\/api.w.org\/{rel}","templated":true}]}}