{"id":63703,"date":"2017-02-04T21:14:26","date_gmt":"2017-02-04T20:14:26","guid":{"rendered":"https:\/\/lucie-hauri.hostpress.me\/die-leuchttuerme-von-mallorca\/"},"modified":"2025-01-06T14:55:49","modified_gmt":"2025-01-06T13:55:49","slug":"die-leuchttuerme-von-mallorca","status":"publish","type":"post","link":"https:\/\/www.lucie-hauri.com\/es\/die-leuchttuerme-von-mallorca\/","title":{"rendered":"Die Leuchtt\u00fcrme von Mallorca"},"content":{"rendered":"<div data-elementor-type=\"wp-post\" data-elementor-id=\"63703\" class=\"elementor elementor-63703\" data-elementor-post-type=\"post\">\n\t\t\t\t<div class=\"elementor-element elementor-element-3a599626 e-flex e-con-boxed e-con e-parent\" data-id=\"3a599626\" data-element_type=\"container\">\n\t\t\t\t\t<div class=\"e-con-inner\">\n\t\t\t\t<div class=\"elementor-element elementor-element-25c81705 elementor-widget elementor-widget-text-editor\" data-id=\"25c81705\" data-element_type=\"widget\" data-widget_type=\"text-editor.default\">\n\t\t\t\t<div class=\"elementor-widget-container\">\n\t\t\t\t\t\t\t\t\t<p>Auf Klippen oder Felsen sind sie zu finden. Die Leuchtt\u00fcrme Mallorcas thronen einsam und abgeschieden \u00fcber dem Meeresspiegel und sind schon aus der Ferne zu sehen. Von den insgesamt 16 Leuchtt\u00fcrmen auf der Insel sind jedoch derzeit nur noch f\u00fcnf in Betrieb. Drei weitere werden im Rahmen von wissenschaftlichen Zwecken genutzt. Ein Besuch der Leuchtt\u00fcrme ist meist nicht m\u00f6glich, da die meisten von ihnen verschlossen sind und die Lichtsignale per Fernsteuerung bedient werden.<\/p><p>Ein Gro\u00dfteil der Leuchtt\u00fcrme auf Mallorca wurden im 19. Jahrhundert erbaut und sind zum Teil stark restaurationsbed\u00fcrftig. Die aktuelle Gesetzeslage sieht jedoch bislang keine \u00f6ffentliche Nutzung der T\u00fcrme vor. Jedoch hat sich die balearische Hafenbeh\u00f6rde um einen neuen Zugang zu den Leuchtt\u00fcrmen bem\u00fcht. Auf einer speziell eingerichteten Internetseite hat man die M\u00f6glichkeit, eine virtuelle Tour zu unternehmen, in der man Einblicke in die Arbeitswelt und Wohnsituation der damaligen Leuchtturmw\u00e4rter erh\u00e4lt.<\/p><p>Doch auch eine \u00c4nderung der Gesetze zur Erhaltung der Leuchtt\u00fcrme ist in Zukunft zu erwarten, denn die Leuchtt\u00fcrme als Touristenattraktion k\u00f6nnten eine weitere Einnahmequelle f\u00fcr den Tourismus darstellen. Leuchtt\u00fcrme bieten wie kaum ein anderes Bauwerk einen uneingeschr\u00e4nkten Meerblick. So hat sich beispielsweise im Leuchtturm am Cap de Formentor ein Restaurant etabliert. Das im Jahre 1862 erbaute Geb\u00e4ude l\u00e4dt mit seinem einmaligen Ambiente zum Schlemmen und Genie\u00dfen ein.<\/p><p>Im 700 Jahre alten Leuchtturm von Porto Pi ist ein Museum untergebracht. Selbst vielen Einheimischen ist das unbekannt. F\u00fcr die etwa einst\u00fcndige Besichtigungstour, die immer am Donnerstag vormittags stattfindet, muss man sich allerdings vorher anmelden. Die F\u00fchrung selbst findet in spanischer Sprache statt. Der Eintritt ist frei. Es lohnt sich, die 127 Stufen hinauf zum Laternenraum auf sich zu nehmen, denn die Aussicht \u00fcber die Bucht ist einfach atemberaubend.<\/p><p>Schon von weitem zu erkennen ist der alte Leuchtturm von Palma. Er ist der dritt\u00e4lteste noch in Betrieb befindliche Turm der Welt. Ein sch\u00f6nes Ausflugsziel ist auch der Leuchtturm Far de Capdepera am \u00f6stlichsten Punkt Mallorcas. Der im Jahre 1861 vom ber\u00fchmten spanischen Ingenieur Emili Pou y Bonet, erbaute Leuchtturm steht am Punta de Capdepera ganz in der N\u00e4he von Cala Ratjada. Auch hier kann man einen wundersch\u00f6nen Ausblick genie\u00dfen. Bei guter Fernsicht, vor allem in den Wintermonaten, kann man sogar die Nachbarinsel Menorca erkennen.<\/p>\t\t\t\t\t\t\t\t<\/div>\n\t\t\t\t<\/div>\n\t\t\t\t\t<\/div>\n\t\t\t\t<\/div>\n\t\t\t\t<\/div>","protected":false},"excerpt":{"rendered":"<p>Auf Klippen oder Felsen sind sie zu finden. Die Leuchtt\u00fcrme Mallorcas thronen einsam und abgeschieden \u00fcber dem Meeresspiegel und sind schon aus der Ferne zu sehen. Von den insgesamt 16 Leuchtt\u00fcrmen auf der Insel sind jedoch derzeit nur noch f\u00fcnf in Betrieb. Drei weitere werden im Rahmen von wissenschaftlichen Zwecken genutzt. Ein Besuch der Leuchtt\u00fcrme ist meist nicht m\u00f6glich, da die meisten von ihnen verschlossen sind und die Lichtsignale per Fernsteuerung bedient werden. Ein Gro\u00dfteil der Leuchtt\u00fcrme auf Mallorca wurden im 19. Jahrhundert erbaut und sind zum Teil stark restaurationsbed\u00fcrftig. Die aktuelle Gesetzeslage sieht jedoch bislang keine \u00f6ffentliche Nutzung der T\u00fcrme vor. Jedoch hat sich die balearische Hafenbeh\u00f6rde um einen neuen Zugang zu den Leuchtt\u00fcrmen bem\u00fcht. Auf einer speziell eingerichteten Internetseite hat man die M\u00f6glichkeit, eine virtuelle Tour zu unternehmen, in der man Einblicke in die Arbeitswelt und Wohnsituation der damaligen Leuchtturmw\u00e4rter erh\u00e4lt. Doch auch eine \u00c4nderung der Gesetze zur Erhaltung der Leuchtt\u00fcrme ist in Zukunft zu erwarten, denn die Leuchtt\u00fcrme als Touristenattraktion k\u00f6nnten eine weitere Einnahmequelle f\u00fcr den Tourismus darstellen. Leuchtt\u00fcrme bieten wie kaum ein anderes Bauwerk einen uneingeschr\u00e4nkten Meerblick. So hat sich beispielsweise im Leuchtturm am Cap de Formentor ein Restaurant etabliert. Das im Jahre 1862 erbaute Geb\u00e4ude l\u00e4dt mit seinem einmaligen Ambiente zum Schlemmen und Genie\u00dfen ein. Im 700 Jahre alten Leuchtturm von Porto Pi ist ein Museum untergebracht. Selbst vielen Einheimischen ist das unbekannt. F\u00fcr die etwa einst\u00fcndige Besichtigungstour, die immer am Donnerstag vormittags stattfindet, muss man sich allerdings vorher anmelden. Die F\u00fchrung selbst findet in spanischer Sprache statt. Der Eintritt ist frei. Es lohnt sich, die 127 Stufen hinauf zum Laternenraum auf sich zu nehmen, denn die Aussicht \u00fcber die Bucht ist einfach atemberaubend. Schon von weitem zu erkennen ist der alte Leuchtturm von Palma. Er ist der dritt\u00e4lteste noch in Betrieb befindliche Turm der Welt. Ein sch\u00f6nes Ausflugsziel ist auch der Leuchtturm Far de Capdepera am \u00f6stlichsten Punkt Mallorcas. Der im Jahre 1861 vom ber\u00fchmten spanischen Ingenieur Emili Pou y Bonet, erbaute Leuchtturm steht am Punta de Capdepera ganz in der N\u00e4he von Cala Ratjada. Auch hier kann man einen wundersch\u00f6nen Ausblick genie\u00dfen. Bei guter Fernsicht, vor allem in den Wintermonaten, kann man sogar die Nachbarinsel Menorca erkennen.<\/p>","protected":false},"author":5,"featured_media":134335,"comment_status":"closed","ping_status":"open","sticky":false,"template":"","format":"standard","meta":{"_acf_changed":false,"footnotes":""},"categories":[214,216],"tags":[],"class_list":["post-63703","post","type-post","status-publish","format-standard","has-post-thumbnail","hentry","category-inselleben","category-land-leute"],"acf":[],"yoast_head":"<!-- This site is optimized with the Yoast SEO Premium plugin v24.4 (Yoast SEO v26.8) - https:\/\/yoast.com\/product\/yoast-seo-premium-wordpress\/ -->\n<title>Die Leuchtt\u00fcrme von Mallorca - Lucie Hauri | Exclusive Real Estate<\/title>\n<meta name=\"robots\" content=\"index, follow, max-snippet:-1, max-image-preview:large, max-video-preview:-1\" \/>\n<link rel=\"canonical\" href=\"https:\/\/www.lucie-hauri.com\/es\/die-leuchttuerme-von-mallorca\/\" \/>\n<meta property=\"og:locale\" content=\"es_ES\" \/>\n<meta property=\"og:type\" content=\"article\" \/>\n<meta property=\"og:title\" content=\"Die Leuchtt\u00fcrme von Mallorca - Lucie Hauri | Exclusive Real Estate\" \/>\n<meta property=\"og:description\" content=\"Auf Klippen oder Felsen sind sie zu finden. Die Leuchtt\u00fcrme Mallorcas thronen einsam und abgeschieden \u00fcber dem Meeresspiegel und sind schon aus der Ferne zu sehen. Von den insgesamt 16 Leuchtt\u00fcrmen auf der Insel sind jedoch derzeit nur noch f\u00fcnf in Betrieb. Drei weitere werden im Rahmen von wissenschaftlichen Zwecken genutzt. Ein Besuch der Leuchtt\u00fcrme ist meist nicht m\u00f6glich, da die meisten von ihnen verschlossen sind und die Lichtsignale per Fernsteuerung bedient werden. Ein Gro\u00dfteil der Leuchtt\u00fcrme auf Mallorca wurden im 19. Jahrhundert erbaut und sind zum Teil stark restaurationsbed\u00fcrftig. Die aktuelle Gesetzeslage sieht jedoch bislang keine \u00f6ffentliche Nutzung der T\u00fcrme vor. Jedoch hat sich die balearische Hafenbeh\u00f6rde um einen neuen Zugang zu den Leuchtt\u00fcrmen bem\u00fcht. Auf einer speziell eingerichteten Internetseite hat man die M\u00f6glichkeit, eine virtuelle Tour zu unternehmen, in der man Einblicke in die Arbeitswelt und Wohnsituation der damaligen Leuchtturmw\u00e4rter erh\u00e4lt. Doch auch eine \u00c4nderung der Gesetze zur Erhaltung der Leuchtt\u00fcrme ist in Zukunft zu erwarten, denn die Leuchtt\u00fcrme als Touristenattraktion k\u00f6nnten eine weitere Einnahmequelle f\u00fcr den Tourismus darstellen. Leuchtt\u00fcrme bieten wie kaum ein anderes Bauwerk einen uneingeschr\u00e4nkten Meerblick. So hat sich beispielsweise im Leuchtturm am Cap de Formentor ein Restaurant etabliert. Das im Jahre 1862 erbaute Geb\u00e4ude l\u00e4dt mit seinem einmaligen Ambiente zum Schlemmen und Genie\u00dfen ein. Im 700 Jahre alten Leuchtturm von Porto Pi ist ein Museum untergebracht. Selbst vielen Einheimischen ist das unbekannt. F\u00fcr die etwa einst\u00fcndige Besichtigungstour, die immer am Donnerstag vormittags stattfindet, muss man sich allerdings vorher anmelden. Die F\u00fchrung selbst findet in spanischer Sprache statt. Der Eintritt ist frei. Es lohnt sich, die 127 Stufen hinauf zum Laternenraum auf sich zu nehmen, denn die Aussicht \u00fcber die Bucht ist einfach atemberaubend. Schon von weitem zu erkennen ist der alte Leuchtturm von Palma. Er ist der dritt\u00e4lteste noch in Betrieb befindliche Turm der Welt. Ein sch\u00f6nes Ausflugsziel ist auch der Leuchtturm Far de Capdepera am \u00f6stlichsten Punkt Mallorcas. Der im Jahre 1861 vom ber\u00fchmten spanischen Ingenieur Emili Pou y Bonet, erbaute Leuchtturm steht am Punta de Capdepera ganz in der N\u00e4he von Cala Ratjada. Auch hier kann man einen wundersch\u00f6nen Ausblick genie\u00dfen. Bei guter Fernsicht, vor allem in den Wintermonaten, kann man sogar die Nachbarinsel Menorca erkennen.\" \/>\n<meta property=\"og:url\" content=\"https:\/\/www.lucie-hauri.com\/es\/die-leuchttuerme-von-mallorca\/\" \/>\n<meta property=\"og:site_name\" content=\"Lucie Hauri | Exclusive Real Estate\" \/>\n<meta property=\"article:published_time\" content=\"2017-02-04T20:14:26+00:00\" \/>\n<meta property=\"article:modified_time\" content=\"2025-01-06T13:55:49+00:00\" \/>\n<meta property=\"og:image\" content=\"https:\/\/www.lucie-hauri.com\/wp-content\/uploads\/2017\/02\/Leuchtturm-e1484518728421-620x322-1.jpg\" \/>\n\t<meta property=\"og:image:width\" content=\"620\" \/>\n\t<meta property=\"og:image:height\" content=\"322\" \/>\n\t<meta property=\"og:image:type\" content=\"image\/jpeg\" \/>\n<meta name=\"author\" content=\"Lucie Haurie\" \/>\n<meta name=\"twitter:card\" content=\"summary_large_image\" \/>\n<meta name=\"twitter:label1\" content=\"Escrito por\" \/>\n\t<meta name=\"twitter:data1\" content=\"Lucie Haurie\" \/>\n\t<meta name=\"twitter:label2\" content=\"Tiempo de lectura\" \/>\n\t<meta name=\"twitter:data2\" content=\"3 minutos\" \/>\n<script type=\"application\/ld+json\" class=\"yoast-schema-graph\">{\"@context\":\"https:\/\/schema.org\",\"@graph\":[{\"@type\":\"Article\",\"@id\":\"https:\/\/www.lucie-hauri.com\/de\/die-leuchttuerme-von-mallorca\/#article\",\"isPartOf\":{\"@id\":\"https:\/\/www.lucie-hauri.com\/de\/die-leuchttuerme-von-mallorca\/\"},\"author\":{\"name\":\"Lucie Haurie\",\"@id\":\"https:\/\/www.lucie-hauri.com\/en\/#\/schema\/person\/2da0f594e9d27f36e29477b9f86d1f1d\"},\"headline\":\"Die Leuchtt\u00fcrme von Mallorca\",\"datePublished\":\"2017-02-04T20:14:26+00:00\",\"dateModified\":\"2025-01-06T13:55:49+00:00\",\"mainEntityOfPage\":{\"@id\":\"https:\/\/www.lucie-hauri.com\/de\/die-leuchttuerme-von-mallorca\/\"},\"wordCount\":396,\"image\":{\"@id\":\"https:\/\/www.lucie-hauri.com\/de\/die-leuchttuerme-von-mallorca\/#primaryimage\"},\"thumbnailUrl\":\"https:\/\/www.lucie-hauri.com\/wp-content\/uploads\/2017\/02\/Leuchtturm-e1484518728421-620x322-1.jpg\",\"articleSection\":[\"Inselleben\",\"Land &amp; Leute\"],\"inLanguage\":\"es\"},{\"@type\":\"WebPage\",\"@id\":\"https:\/\/www.lucie-hauri.com\/de\/die-leuchttuerme-von-mallorca\/\",\"url\":\"https:\/\/www.lucie-hauri.com\/de\/die-leuchttuerme-von-mallorca\/\",\"name\":\"Die Leuchtt\u00fcrme von Mallorca - Lucie Hauri | Exclusive Real Estate\",\"isPartOf\":{\"@id\":\"https:\/\/www.lucie-hauri.com\/en\/#website\"},\"primaryImageOfPage\":{\"@id\":\"https:\/\/www.lucie-hauri.com\/de\/die-leuchttuerme-von-mallorca\/#primaryimage\"},\"image\":{\"@id\":\"https:\/\/www.lucie-hauri.com\/de\/die-leuchttuerme-von-mallorca\/#primaryimage\"},\"thumbnailUrl\":\"https:\/\/www.lucie-hauri.com\/wp-content\/uploads\/2017\/02\/Leuchtturm-e1484518728421-620x322-1.jpg\",\"datePublished\":\"2017-02-04T20:14:26+00:00\",\"dateModified\":\"2025-01-06T13:55:49+00:00\",\"author\":{\"@id\":\"https:\/\/www.lucie-hauri.com\/en\/#\/schema\/person\/2da0f594e9d27f36e29477b9f86d1f1d\"},\"inLanguage\":\"es\",\"potentialAction\":[{\"@type\":\"ReadAction\",\"target\":[\"https:\/\/www.lucie-hauri.com\/de\/die-leuchttuerme-von-mallorca\/\"]}]},{\"@type\":\"ImageObject\",\"inLanguage\":\"es\",\"@id\":\"https:\/\/www.lucie-hauri.com\/de\/die-leuchttuerme-von-mallorca\/#primaryimage\",\"url\":\"https:\/\/www.lucie-hauri.com\/wp-content\/uploads\/2017\/02\/Leuchtturm-e1484518728421-620x322-1.jpg\",\"contentUrl\":\"https:\/\/www.lucie-hauri.com\/wp-content\/uploads\/2017\/02\/Leuchtturm-e1484518728421-620x322-1.jpg\",\"width\":620,\"height\":322},{\"@type\":\"WebSite\",\"@id\":\"https:\/\/www.lucie-hauri.com\/en\/#website\",\"url\":\"https:\/\/www.lucie-hauri.com\/en\/\",\"name\":\"Lucie Hauri | Exclusive Real Estate\",\"description\":\"\",\"potentialAction\":[{\"@type\":\"SearchAction\",\"target\":{\"@type\":\"EntryPoint\",\"urlTemplate\":\"https:\/\/www.lucie-hauri.com\/en\/?s={search_term_string}\"},\"query-input\":{\"@type\":\"PropertyValueSpecification\",\"valueRequired\":true,\"valueName\":\"search_term_string\"}}],\"inLanguage\":\"es\"},{\"@type\":\"Person\",\"@id\":\"https:\/\/www.lucie-hauri.com\/en\/#\/schema\/person\/2da0f594e9d27f36e29477b9f86d1f1d\",\"name\":\"Lucie Haurie\",\"image\":{\"@type\":\"ImageObject\",\"inLanguage\":\"es\",\"@id\":\"https:\/\/www.lucie-hauri.com\/en\/#\/schema\/person\/image\/\",\"url\":\"https:\/\/secure.gravatar.com\/avatar\/5547acc5a9ccb58175658f3a6b0b1f239807fa157dfa222ae1731d25a7f34aed?s=96&d=mm&r=g\",\"contentUrl\":\"https:\/\/secure.gravatar.com\/avatar\/5547acc5a9ccb58175658f3a6b0b1f239807fa157dfa222ae1731d25a7f34aed?s=96&d=mm&r=g\",\"caption\":\"Lucie Haurie\"},\"url\":\"https:\/\/www.lucie-hauri.com\/es\/author\/m-wichmann\/\"}]}<\/script>\n<!-- \/ Yoast SEO Premium plugin. -->","yoast_head_json":{"title":"Die Leuchtt\u00fcrme von Mallorca - Lucie Hauri | Exclusive Real Estate","robots":{"index":"index","follow":"follow","max-snippet":"max-snippet:-1","max-image-preview":"max-image-preview:large","max-video-preview":"max-video-preview:-1"},"canonical":"https:\/\/www.lucie-hauri.com\/es\/die-leuchttuerme-von-mallorca\/","og_locale":"es_ES","og_type":"article","og_title":"Die Leuchtt\u00fcrme von Mallorca - Lucie Hauri | Exclusive Real Estate","og_description":"Auf Klippen oder Felsen sind sie zu finden. Die Leuchtt\u00fcrme Mallorcas thronen einsam und abgeschieden \u00fcber dem Meeresspiegel und sind schon aus der Ferne zu sehen. Von den insgesamt 16 Leuchtt\u00fcrmen auf der Insel sind jedoch derzeit nur noch f\u00fcnf in Betrieb. Drei weitere werden im Rahmen von wissenschaftlichen Zwecken genutzt. Ein Besuch der Leuchtt\u00fcrme ist meist nicht m\u00f6glich, da die meisten von ihnen verschlossen sind und die Lichtsignale per Fernsteuerung bedient werden. Ein Gro\u00dfteil der Leuchtt\u00fcrme auf Mallorca wurden im 19. Jahrhundert erbaut und sind zum Teil stark restaurationsbed\u00fcrftig. Die aktuelle Gesetzeslage sieht jedoch bislang keine \u00f6ffentliche Nutzung der T\u00fcrme vor. Jedoch hat sich die balearische Hafenbeh\u00f6rde um einen neuen Zugang zu den Leuchtt\u00fcrmen bem\u00fcht. Auf einer speziell eingerichteten Internetseite hat man die M\u00f6glichkeit, eine virtuelle Tour zu unternehmen, in der man Einblicke in die Arbeitswelt und Wohnsituation der damaligen Leuchtturmw\u00e4rter erh\u00e4lt. Doch auch eine \u00c4nderung der Gesetze zur Erhaltung der Leuchtt\u00fcrme ist in Zukunft zu erwarten, denn die Leuchtt\u00fcrme als Touristenattraktion k\u00f6nnten eine weitere Einnahmequelle f\u00fcr den Tourismus darstellen. Leuchtt\u00fcrme bieten wie kaum ein anderes Bauwerk einen uneingeschr\u00e4nkten Meerblick. So hat sich beispielsweise im Leuchtturm am Cap de Formentor ein Restaurant etabliert. Das im Jahre 1862 erbaute Geb\u00e4ude l\u00e4dt mit seinem einmaligen Ambiente zum Schlemmen und Genie\u00dfen ein. Im 700 Jahre alten Leuchtturm von Porto Pi ist ein Museum untergebracht. Selbst vielen Einheimischen ist das unbekannt. F\u00fcr die etwa einst\u00fcndige Besichtigungstour, die immer am Donnerstag vormittags stattfindet, muss man sich allerdings vorher anmelden. Die F\u00fchrung selbst findet in spanischer Sprache statt. Der Eintritt ist frei. Es lohnt sich, die 127 Stufen hinauf zum Laternenraum auf sich zu nehmen, denn die Aussicht \u00fcber die Bucht ist einfach atemberaubend. Schon von weitem zu erkennen ist der alte Leuchtturm von Palma. Er ist der dritt\u00e4lteste noch in Betrieb befindliche Turm der Welt. Ein sch\u00f6nes Ausflugsziel ist auch der Leuchtturm Far de Capdepera am \u00f6stlichsten Punkt Mallorcas. Der im Jahre 1861 vom ber\u00fchmten spanischen Ingenieur Emili Pou y Bonet, erbaute Leuchtturm steht am Punta de Capdepera ganz in der N\u00e4he von Cala Ratjada. Auch hier kann man einen wundersch\u00f6nen Ausblick genie\u00dfen. Bei guter Fernsicht, vor allem in den Wintermonaten, kann man sogar die Nachbarinsel Menorca erkennen.","og_url":"https:\/\/www.lucie-hauri.com\/es\/die-leuchttuerme-von-mallorca\/","og_site_name":"Lucie Hauri | Exclusive Real Estate","article_published_time":"2017-02-04T20:14:26+00:00","article_modified_time":"2025-01-06T13:55:49+00:00","og_image":[{"width":620,"height":322,"url":"https:\/\/www.lucie-hauri.com\/wp-content\/uploads\/2017\/02\/Leuchtturm-e1484518728421-620x322-1.jpg","type":"image\/jpeg"}],"author":"Lucie Haurie","twitter_card":"summary_large_image","twitter_misc":{"Escrito por":"Lucie Haurie","Tiempo de lectura":"3 minutos"},"schema":{"@context":"https:\/\/schema.org","@graph":[{"@type":"Article","@id":"https:\/\/www.lucie-hauri.com\/de\/die-leuchttuerme-von-mallorca\/#article","isPartOf":{"@id":"https:\/\/www.lucie-hauri.com\/de\/die-leuchttuerme-von-mallorca\/"},"author":{"name":"Lucie Haurie","@id":"https:\/\/www.lucie-hauri.com\/en\/#\/schema\/person\/2da0f594e9d27f36e29477b9f86d1f1d"},"headline":"Die Leuchtt\u00fcrme von Mallorca","datePublished":"2017-02-04T20:14:26+00:00","dateModified":"2025-01-06T13:55:49+00:00","mainEntityOfPage":{"@id":"https:\/\/www.lucie-hauri.com\/de\/die-leuchttuerme-von-mallorca\/"},"wordCount":396,"image":{"@id":"https:\/\/www.lucie-hauri.com\/de\/die-leuchttuerme-von-mallorca\/#primaryimage"},"thumbnailUrl":"https:\/\/www.lucie-hauri.com\/wp-content\/uploads\/2017\/02\/Leuchtturm-e1484518728421-620x322-1.jpg","articleSection":["Inselleben","Land &amp; Leute"],"inLanguage":"es"},{"@type":"WebPage","@id":"https:\/\/www.lucie-hauri.com\/de\/die-leuchttuerme-von-mallorca\/","url":"https:\/\/www.lucie-hauri.com\/de\/die-leuchttuerme-von-mallorca\/","name":"Die Leuchtt\u00fcrme von Mallorca - Lucie Hauri | Exclusive Real Estate","isPartOf":{"@id":"https:\/\/www.lucie-hauri.com\/en\/#website"},"primaryImageOfPage":{"@id":"https:\/\/www.lucie-hauri.com\/de\/die-leuchttuerme-von-mallorca\/#primaryimage"},"image":{"@id":"https:\/\/www.lucie-hauri.com\/de\/die-leuchttuerme-von-mallorca\/#primaryimage"},"thumbnailUrl":"https:\/\/www.lucie-hauri.com\/wp-content\/uploads\/2017\/02\/Leuchtturm-e1484518728421-620x322-1.jpg","datePublished":"2017-02-04T20:14:26+00:00","dateModified":"2025-01-06T13:55:49+00:00","author":{"@id":"https:\/\/www.lucie-hauri.com\/en\/#\/schema\/person\/2da0f594e9d27f36e29477b9f86d1f1d"},"inLanguage":"es","potentialAction":[{"@type":"ReadAction","target":["https:\/\/www.lucie-hauri.com\/de\/die-leuchttuerme-von-mallorca\/"]}]},{"@type":"ImageObject","inLanguage":"es","@id":"https:\/\/www.lucie-hauri.com\/de\/die-leuchttuerme-von-mallorca\/#primaryimage","url":"https:\/\/www.lucie-hauri.com\/wp-content\/uploads\/2017\/02\/Leuchtturm-e1484518728421-620x322-1.jpg","contentUrl":"https:\/\/www.lucie-hauri.com\/wp-content\/uploads\/2017\/02\/Leuchtturm-e1484518728421-620x322-1.jpg","width":620,"height":322},{"@type":"WebSite","@id":"https:\/\/www.lucie-hauri.com\/en\/#website","url":"https:\/\/www.lucie-hauri.com\/en\/","name":"Lucie Hauri | Exclusive Real Estate","description":"","potentialAction":[{"@type":"SearchAction","target":{"@type":"EntryPoint","urlTemplate":"https:\/\/www.lucie-hauri.com\/en\/?s={search_term_string}"},"query-input":{"@type":"PropertyValueSpecification","valueRequired":true,"valueName":"search_term_string"}}],"inLanguage":"es"},{"@type":"Person","@id":"https:\/\/www.lucie-hauri.com\/en\/#\/schema\/person\/2da0f594e9d27f36e29477b9f86d1f1d","name":"Lucie Haurie","image":{"@type":"ImageObject","inLanguage":"es","@id":"https:\/\/www.lucie-hauri.com\/en\/#\/schema\/person\/image\/","url":"https:\/\/secure.gravatar.com\/avatar\/5547acc5a9ccb58175658f3a6b0b1f239807fa157dfa222ae1731d25a7f34aed?s=96&d=mm&r=g","contentUrl":"https:\/\/secure.gravatar.com\/avatar\/5547acc5a9ccb58175658f3a6b0b1f239807fa157dfa222ae1731d25a7f34aed?s=96&d=mm&r=g","caption":"Lucie Haurie"},"url":"https:\/\/www.lucie-hauri.com\/es\/author\/m-wichmann\/"}]}},"_links":{"self":[{"href":"https:\/\/www.lucie-hauri.com\/es\/wp-json\/wp\/v2\/posts\/63703","targetHints":{"allow":["GET"]}}],"collection":[{"href":"https:\/\/www.lucie-hauri.com\/es\/wp-json\/wp\/v2\/posts"}],"about":[{"href":"https:\/\/www.lucie-hauri.com\/es\/wp-json\/wp\/v2\/types\/post"}],"author":[{"embeddable":true,"href":"https:\/\/www.lucie-hauri.com\/es\/wp-json\/wp\/v2\/users\/5"}],"replies":[{"embeddable":true,"href":"https:\/\/www.lucie-hauri.com\/es\/wp-json\/wp\/v2\/comments?post=63703"}],"version-history":[{"count":0,"href":"https:\/\/www.lucie-hauri.com\/es\/wp-json\/wp\/v2\/posts\/63703\/revisions"}],"wp:featuredmedia":[{"embeddable":true,"href":"https:\/\/www.lucie-hauri.com\/es\/wp-json\/wp\/v2\/media\/134335"}],"wp:attachment":[{"href":"https:\/\/www.lucie-hauri.com\/es\/wp-json\/wp\/v2\/media?parent=63703"}],"wp:term":[{"taxonomy":"category","embeddable":true,"href":"https:\/\/www.lucie-hauri.com\/es\/wp-json\/wp\/v2\/categories?post=63703"},{"taxonomy":"post_tag","embeddable":true,"href":"https:\/\/www.lucie-hauri.com\/es\/wp-json\/wp\/v2\/tags?post=63703"}],"curies":[{"name":"wp","href":"https:\/\/api.w.org\/{rel}","templated":true}]}}