{"id":58822,"date":"2016-08-10T11:50:28","date_gmt":"2016-08-10T09:50:28","guid":{"rendered":"https:\/\/lucie-hauri.hostpress.me\/cabrera-mallorcas-keine-schwester\/"},"modified":"2025-01-06T14:56:12","modified_gmt":"2025-01-06T13:56:12","slug":"cabrera-mallorcas-keine-schwester","status":"publish","type":"post","link":"https:\/\/www.lucie-hauri.com\/es\/cabrera-mallorcas-keine-schwester\/","title":{"rendered":"Cabrera &#8211; Mallorcas kleine Schwester"},"content":{"rendered":"<div data-elementor-type=\"wp-post\" data-elementor-id=\"58822\" class=\"elementor elementor-58822\" data-elementor-post-type=\"post\">\n\t\t\t\t<div class=\"elementor-element elementor-element-29f80e95 e-flex e-con-boxed e-con e-parent\" data-id=\"29f80e95\" data-element_type=\"container\">\n\t\t\t\t\t<div class=\"e-con-inner\">\n\t\t\t\t<div class=\"elementor-element elementor-element-1c47162f elementor-widget elementor-widget-text-editor\" data-id=\"1c47162f\" data-element_type=\"widget\" data-widget_type=\"text-editor.default\">\n\t\t\t\t<div class=\"elementor-widget-container\">\n\t\t\t\t\t\t\t\t\t<p>Kaum bekannt und noch immer ein absoluter Geheimtipp unter Mallorca-Kennern ist Cabrera Gran, die kleine Schwester Mallorcas. Mit ihren gerade mal 1.155 Hektar tr\u00e4gt Cabrera Gran ihren Beinamen eigentlich zu unrecht, aber sie ist immerhin die gr\u00f6\u00dfte Insel des Archipi\u00e9lago de Cabrera. Insgesamt 19 Inselchen umfasst das Cabrera-Archipel, welches etwa 10 Kilometer vor dem Cap de Ses Salines, Mallorcas S\u00fcdspitze, liegt und von Palma aus verwaltet wird.<\/p><p>Cabrera, auch die \u201eZiegeninsel\u201c genannt, hat nur rund 20 Bewohner. Touristen sind auf dieser Natursch\u00f6nheit eher eine Seltenheit. Der Besuch der Insel unterliegt strengsten Vorschriften, denn Cabrera geh\u00f6rt zum Parque Nacional Mar\u00edtimo-Terrestre del Archipi\u00e9lago de Cabrera.<\/p><p>Die Inselgruppe um Cabrera, mit ihrem sagenhaften Meeres-\u00d6kosystem und der urspr\u00fcnglichsten naturbelassenen K\u00fcstenregion ganz Spaniens, verzaubert durch seine fantastische und unber\u00fchrte Natur. Die Unterwasserwelt bietet eine atemberaubende Vielzahl an Wasserpflanzen und Meeresbewohnern. Auch die gro\u00dfen Vogelkolonien, die auf dem Inselparadies Zuflucht gefunden haben, lassen das Herz jedes Naturfreundes h\u00f6her schlagen. Nicht verwunderlich also, dass das Cabrera-Archipel im Jahre 1991 zum Nationalpark erkl\u00e4rt wurde. Da die Pflanzen und Tierwelt unter besonderem Schutz steht, d\u00fcrfen von allen Besuchern grunds\u00e4tzlich nur ausgewiesene Wege auf der Insel benutzt werden.<\/p><p><div id='gallery-1' class='gallery galleryid-58822 gallery-columns-3 gallery-size-thumbnail'><figure class='gallery-item'>\n\t\t\t<div class='gallery-icon landscape'>\n\t\t\t\t<a href='https:\/\/www.lucie-hauri.com\/es\/cabrera-mallorcas-keine-schwester\/cabrera_hafen2\/'><img decoding=\"async\" width=\"150\" height=\"150\" src=\"https:\/\/www.lucie-hauri.com\/wp-content\/uploads\/2016\/08\/Cabrera_Hafen2-150x150.jpg\" class=\"attachment-thumbnail size-thumbnail\" alt=\"\" \/><\/a>\n\t\t\t<\/div><\/figure><figure class='gallery-item'>\n\t\t\t<div class='gallery-icon landscape'>\n\t\t\t\t<a href='https:\/\/www.lucie-hauri.com\/es\/cabrera-mallorcas-keine-schwester\/cabrera_festung_bucht2\/'><img decoding=\"async\" width=\"150\" height=\"150\" src=\"https:\/\/www.lucie-hauri.com\/wp-content\/uploads\/2016\/08\/Cabrera_Festung_Bucht2-e1470063550543-150x150.jpg\" class=\"attachment-thumbnail size-thumbnail\" alt=\"\" \/><\/a>\n\t\t\t<\/div><\/figure><figure class='gallery-item'>\n\t\t\t<div class='gallery-icon landscape'>\n\t\t\t\t<a href='https:\/\/www.lucie-hauri.com\/es\/cabrera-mallorcas-keine-schwester\/cabrera_geschichte2\/'><img decoding=\"async\" width=\"150\" height=\"150\" src=\"https:\/\/www.lucie-hauri.com\/wp-content\/uploads\/2016\/08\/Cabrera_Geschichte2-150x150.jpg\" class=\"attachment-thumbnail size-thumbnail\" alt=\"\" \/><\/a>\n\t\t\t<\/div><\/figure><figure class='gallery-item'>\n\t\t\t<div class='gallery-icon landscape'>\n\t\t\t\t<a href='https:\/\/www.lucie-hauri.com\/es\/cabrera-mallorcas-keine-schwester\/cabrera_inseln2\/'><img loading=\"lazy\" decoding=\"async\" width=\"150\" height=\"150\" src=\"https:\/\/www.lucie-hauri.com\/wp-content\/uploads\/2016\/08\/Cabrera_Inseln2-150x150.jpg\" class=\"attachment-thumbnail size-thumbnail\" alt=\"\" \/><\/a>\n\t\t\t<\/div><\/figure><figure class='gallery-item'>\n\t\t\t<div class='gallery-icon landscape'>\n\t\t\t\t<a href='https:\/\/www.lucie-hauri.com\/es\/cabrera-mallorcas-keine-schwester\/cabrera_festung2-2\/'><img loading=\"lazy\" decoding=\"async\" width=\"150\" height=\"150\" src=\"https:\/\/www.lucie-hauri.com\/wp-content\/uploads\/2016\/08\/Cabrera_Festung21-150x150.jpg\" class=\"attachment-thumbnail size-thumbnail\" alt=\"\" \/><\/a>\n\t\t\t<\/div><\/figure><figure class='gallery-item'>\n\t\t\t<div class='gallery-icon landscape'>\n\t\t\t\t<a href='https:\/\/www.lucie-hauri.com\/es\/cabrera-mallorcas-keine-schwester\/cabrera_festung_bucht2-4\/'><img loading=\"lazy\" decoding=\"async\" width=\"150\" height=\"150\" src=\"https:\/\/www.lucie-hauri.com\/wp-content\/uploads\/2016\/08\/Cabrera_Festung_Bucht23-150x150.jpg\" class=\"attachment-thumbnail size-thumbnail\" alt=\"\" \/><\/a>\n\t\t\t<\/div><\/figure><figure class='gallery-item'>\n\t\t\t<div class='gallery-icon landscape'>\n\t\t\t\t<a href='https:\/\/www.lucie-hauri.com\/es\/cabrera-mallorcas-keine-schwester\/cabrera_festung_bucht2-e1470063550543-620x289\/'><img loading=\"lazy\" decoding=\"async\" width=\"150\" height=\"150\" src=\"https:\/\/www.lucie-hauri.com\/wp-content\/uploads\/2016\/08\/Cabrera_Festung_Bucht2-e1470063550543-620x289-1-150x150.jpg\" class=\"attachment-thumbnail size-thumbnail\" alt=\"\" \/><\/a>\n\t\t\t<\/div><\/figure>\n\t\t<\/div>\n<\/p><p>Besonders sehenswert ist die Cova Blava, die \u201eblaue Grotte\u201c. Sie ist nur vom Meer aus zug\u00e4nglich. Das Wasser in dieser etwa 160 Meter langen, rund 50 Meter breiten H\u00f6hle glitzert in einer ganz besonderen Farbe und erscheint noch blauer durch die besonderen Lichtreflexionen. Neben den zauberhaften Natursch\u00f6nheiten, hat Cabrera auch kulturelle Highlights. So lohnt sich z.B. ein Besuch der alten Festung, die an die Piratenangriffe im 14. Jahrhundert erinnert. Oder ein Spaziergang zum Denkmal f\u00fcr die von 1809 bis 1814 umgekommenen franz\u00f6sischen Kriegsgefangenen, die hier in einem Internierungslager gelebt haben.<\/p><p>Wer hier Urlaubsvergn\u00fcgen \u00e0 la Ballermann und Co. sucht, ist auf dieser kleinen Mittelmeer-Oase definitiv am falschen Ort, denn lautstarkes Partygegr\u00f6le und exzessive Saufgelage sind hier alles andere als erw\u00fcnscht. F\u00fcr den Besuch von Cabrera gelten strenge Regeln. Pro Tag erhalten z.B. maximal 50 Besucher, die privat mit dem eigenen Boot kommen, f\u00fcr einen Tag eine Genehmigung auf Cabrera zu bleiben. Das Boot darf nur an daf\u00fcr vorgesehenen Bojen festgemacht werden. Ansonsten fahren t\u00e4glich von Col\u00f2nia de Sant Jordi aus organisierte Bootstouren zum Naturhafen der Insel. Zwischen Juli und September steht auch eine Herberge mit zw\u00f6lf Doppelzimmern, f\u00fcr maximal eine \u00dcbernachtung, zur Verf\u00fcgung.<\/p>\t\t\t\t\t\t\t\t<\/div>\n\t\t\t\t<\/div>\n\t\t\t\t\t<\/div>\n\t\t\t\t<\/div>\n\t\t\t\t<\/div>","protected":false},"excerpt":{"rendered":"<p>Kaum bekannt und noch immer ein absoluter Geheimtipp unter Mallorca-Kennern ist Cabrera Gran, die kleine Schwester Mallorcas. Mit ihren gerade mal 1.155 Hektar tr\u00e4gt Cabrera Gran ihren Beinamen eigentlich zu unrecht, aber sie ist immerhin die gr\u00f6\u00dfte Insel des Archipi\u00e9lago de Cabrera. Insgesamt 19 Inselchen umfasst das Cabrera-Archipel, welches etwa 10 Kilometer vor dem Cap de Ses Salines, Mallorcas S\u00fcdspitze, liegt und von Palma aus verwaltet wird. Cabrera, auch die \u201eZiegeninsel\u201c genannt, hat nur rund 20 Bewohner. Touristen sind auf dieser Natursch\u00f6nheit eher eine Seltenheit. Der Besuch der Insel unterliegt strengsten Vorschriften, denn Cabrera geh\u00f6rt zum Parque Nacional Mar\u00edtimo-Terrestre del Archipi\u00e9lago de Cabrera. Die Inselgruppe um Cabrera, mit ihrem sagenhaften Meeres-\u00d6kosystem und der urspr\u00fcnglichsten naturbelassenen K\u00fcstenregion ganz Spaniens, verzaubert durch seine fantastische und unber\u00fchrte Natur. Die Unterwasserwelt bietet eine atemberaubende Vielzahl an Wasserpflanzen und Meeresbewohnern. Auch die gro\u00dfen Vogelkolonien, die auf dem Inselparadies Zuflucht gefunden haben, lassen das Herz jedes Naturfreundes h\u00f6her schlagen. Nicht verwunderlich also, dass das Cabrera-Archipel im Jahre 1991 zum Nationalpark erkl\u00e4rt wurde. Da die Pflanzen und Tierwelt unter besonderem Schutz steht, d\u00fcrfen von allen Besuchern grunds\u00e4tzlich nur ausgewiesene Wege auf der Insel benutzt werden. Besonders sehenswert ist die Cova Blava, die \u201eblaue Grotte\u201c. Sie ist nur vom Meer aus zug\u00e4nglich. Das Wasser in dieser etwa 160 Meter langen, rund 50 Meter breiten H\u00f6hle glitzert in einer ganz besonderen Farbe und erscheint noch blauer durch die besonderen Lichtreflexionen. Neben den zauberhaften Natursch\u00f6nheiten, hat Cabrera auch kulturelle Highlights. So lohnt sich z.B. ein Besuch der alten Festung, die an die Piratenangriffe im 14. Jahrhundert erinnert. Oder ein Spaziergang zum Denkmal f\u00fcr die von 1809 bis 1814 umgekommenen franz\u00f6sischen Kriegsgefangenen, die hier in einem Internierungslager gelebt haben. Wer hier Urlaubsvergn\u00fcgen \u00e0 la Ballermann und Co. sucht, ist auf dieser kleinen Mittelmeer-Oase definitiv am falschen Ort, denn lautstarkes Partygegr\u00f6le und exzessive Saufgelage sind hier alles andere als erw\u00fcnscht. F\u00fcr den Besuch von Cabrera gelten strenge Regeln. Pro Tag erhalten z.B. maximal 50 Besucher, die privat mit dem eigenen Boot kommen, f\u00fcr einen Tag eine Genehmigung auf Cabrera zu bleiben. Das Boot darf nur an daf\u00fcr vorgesehenen Bojen festgemacht werden. Ansonsten fahren t\u00e4glich von Col\u00f2nia de Sant Jordi aus organisierte Bootstouren zum Naturhafen der Insel. Zwischen Juli und September steht auch eine Herberge mit zw\u00f6lf Doppelzimmern, f\u00fcr maximal eine \u00dcbernachtung, zur Verf\u00fcgung.<\/p>","protected":false},"author":5,"featured_media":134187,"comment_status":"closed","ping_status":"open","sticky":false,"template":"","format":"standard","meta":{"_acf_changed":false,"footnotes":""},"categories":[218,214,219,216],"tags":[],"class_list":["post-58822","post","type-post","status-publish","format-standard","has-post-thumbnail","hentry","category-freizeit","category-inselleben","category-kultur","category-land-leute"],"acf":[],"yoast_head":"<!-- This site is optimized with the Yoast SEO Premium plugin v24.4 (Yoast SEO v26.8) - https:\/\/yoast.com\/product\/yoast-seo-premium-wordpress\/ -->\n<title>Cabrera - Mallorcas kleine Schwester - Lucie Hauri | Exclusive Real Estate<\/title>\n<meta name=\"robots\" content=\"index, follow, max-snippet:-1, max-image-preview:large, max-video-preview:-1\" \/>\n<link rel=\"canonical\" href=\"https:\/\/www.lucie-hauri.com\/es\/cabrera-mallorcas-keine-schwester\/\" \/>\n<meta property=\"og:locale\" content=\"es_ES\" \/>\n<meta property=\"og:type\" content=\"article\" \/>\n<meta property=\"og:title\" content=\"Cabrera - Mallorcas kleine Schwester - Lucie Hauri | Exclusive Real Estate\" \/>\n<meta property=\"og:description\" content=\"Kaum bekannt und noch immer ein absoluter Geheimtipp unter Mallorca-Kennern ist Cabrera Gran, die kleine Schwester Mallorcas. Mit ihren gerade mal 1.155 Hektar tr\u00e4gt Cabrera Gran ihren Beinamen eigentlich zu unrecht, aber sie ist immerhin die gr\u00f6\u00dfte Insel des Archipi\u00e9lago de Cabrera. Insgesamt 19 Inselchen umfasst das Cabrera-Archipel, welches etwa 10 Kilometer vor dem Cap de Ses Salines, Mallorcas S\u00fcdspitze, liegt und von Palma aus verwaltet wird. Cabrera, auch die \u201eZiegeninsel\u201c genannt, hat nur rund 20 Bewohner. Touristen sind auf dieser Natursch\u00f6nheit eher eine Seltenheit. Der Besuch der Insel unterliegt strengsten Vorschriften, denn Cabrera geh\u00f6rt zum Parque Nacional Mar\u00edtimo-Terrestre del Archipi\u00e9lago de Cabrera. Die Inselgruppe um Cabrera, mit ihrem sagenhaften Meeres-\u00d6kosystem und der urspr\u00fcnglichsten naturbelassenen K\u00fcstenregion ganz Spaniens, verzaubert durch seine fantastische und unber\u00fchrte Natur. Die Unterwasserwelt bietet eine atemberaubende Vielzahl an Wasserpflanzen und Meeresbewohnern. Auch die gro\u00dfen Vogelkolonien, die auf dem Inselparadies Zuflucht gefunden haben, lassen das Herz jedes Naturfreundes h\u00f6her schlagen. Nicht verwunderlich also, dass das Cabrera-Archipel im Jahre 1991 zum Nationalpark erkl\u00e4rt wurde. Da die Pflanzen und Tierwelt unter besonderem Schutz steht, d\u00fcrfen von allen Besuchern grunds\u00e4tzlich nur ausgewiesene Wege auf der Insel benutzt werden. Besonders sehenswert ist die Cova Blava, die \u201eblaue Grotte\u201c. Sie ist nur vom Meer aus zug\u00e4nglich. Das Wasser in dieser etwa 160 Meter langen, rund 50 Meter breiten H\u00f6hle glitzert in einer ganz besonderen Farbe und erscheint noch blauer durch die besonderen Lichtreflexionen. Neben den zauberhaften Natursch\u00f6nheiten, hat Cabrera auch kulturelle Highlights. So lohnt sich z.B. ein Besuch der alten Festung, die an die Piratenangriffe im 14. Jahrhundert erinnert. Oder ein Spaziergang zum Denkmal f\u00fcr die von 1809 bis 1814 umgekommenen franz\u00f6sischen Kriegsgefangenen, die hier in einem Internierungslager gelebt haben. Wer hier Urlaubsvergn\u00fcgen \u00e0 la Ballermann und Co. sucht, ist auf dieser kleinen Mittelmeer-Oase definitiv am falschen Ort, denn lautstarkes Partygegr\u00f6le und exzessive Saufgelage sind hier alles andere als erw\u00fcnscht. F\u00fcr den Besuch von Cabrera gelten strenge Regeln. Pro Tag erhalten z.B. maximal 50 Besucher, die privat mit dem eigenen Boot kommen, f\u00fcr einen Tag eine Genehmigung auf Cabrera zu bleiben. Das Boot darf nur an daf\u00fcr vorgesehenen Bojen festgemacht werden. Ansonsten fahren t\u00e4glich von Col\u00f2nia de Sant Jordi aus organisierte Bootstouren zum Naturhafen der Insel. Zwischen Juli und September steht auch eine Herberge mit zw\u00f6lf Doppelzimmern, f\u00fcr maximal eine \u00dcbernachtung, zur Verf\u00fcgung.\" \/>\n<meta property=\"og:url\" content=\"https:\/\/www.lucie-hauri.com\/es\/cabrera-mallorcas-keine-schwester\/\" \/>\n<meta property=\"og:site_name\" content=\"Lucie Hauri | Exclusive Real Estate\" \/>\n<meta property=\"article:published_time\" content=\"2016-08-10T09:50:28+00:00\" \/>\n<meta property=\"article:modified_time\" content=\"2025-01-06T13:56:12+00:00\" \/>\n<meta property=\"og:image\" content=\"https:\/\/www.lucie-hauri.com\/wp-content\/uploads\/2016\/08\/Cabrera_Festung_Bucht2-e1470063550543-620x289-1.jpg\" \/>\n\t<meta property=\"og:image:width\" content=\"620\" \/>\n\t<meta property=\"og:image:height\" content=\"289\" \/>\n\t<meta property=\"og:image:type\" content=\"image\/jpeg\" \/>\n<meta name=\"author\" content=\"Lucie Haurie\" \/>\n<meta name=\"twitter:card\" content=\"summary_large_image\" \/>\n<meta name=\"twitter:label1\" content=\"Escrito por\" \/>\n\t<meta name=\"twitter:data1\" content=\"Lucie Haurie\" \/>\n\t<meta name=\"twitter:label2\" content=\"Tiempo de lectura\" \/>\n\t<meta name=\"twitter:data2\" content=\"3 minutos\" \/>\n<script type=\"application\/ld+json\" class=\"yoast-schema-graph\">{\"@context\":\"https:\/\/schema.org\",\"@graph\":[{\"@type\":\"Article\",\"@id\":\"https:\/\/www.lucie-hauri.com\/de\/cabrera-mallorcas-keine-schwester\/#article\",\"isPartOf\":{\"@id\":\"https:\/\/www.lucie-hauri.com\/de\/cabrera-mallorcas-keine-schwester\/\"},\"author\":{\"name\":\"Lucie Haurie\",\"@id\":\"https:\/\/www.lucie-hauri.com\/en\/#\/schema\/person\/2da0f594e9d27f36e29477b9f86d1f1d\"},\"headline\":\"Cabrera &#8211; Mallorcas kleine Schwester\",\"datePublished\":\"2016-08-10T09:50:28+00:00\",\"dateModified\":\"2025-01-06T13:56:12+00:00\",\"mainEntityOfPage\":{\"@id\":\"https:\/\/www.lucie-hauri.com\/de\/cabrera-mallorcas-keine-schwester\/\"},\"wordCount\":413,\"image\":{\"@id\":\"https:\/\/www.lucie-hauri.com\/de\/cabrera-mallorcas-keine-schwester\/#primaryimage\"},\"thumbnailUrl\":\"https:\/\/www.lucie-hauri.com\/wp-content\/uploads\/2016\/08\/Cabrera_Festung_Bucht2-e1470063550543-620x289-1.jpg\",\"articleSection\":[\"Freizeit\",\"Inselleben\",\"Kultur\",\"Land &amp; Leute\"],\"inLanguage\":\"es\"},{\"@type\":\"WebPage\",\"@id\":\"https:\/\/www.lucie-hauri.com\/de\/cabrera-mallorcas-keine-schwester\/\",\"url\":\"https:\/\/www.lucie-hauri.com\/de\/cabrera-mallorcas-keine-schwester\/\",\"name\":\"Cabrera - Mallorcas kleine Schwester - Lucie Hauri | Exclusive Real Estate\",\"isPartOf\":{\"@id\":\"https:\/\/www.lucie-hauri.com\/en\/#website\"},\"primaryImageOfPage\":{\"@id\":\"https:\/\/www.lucie-hauri.com\/de\/cabrera-mallorcas-keine-schwester\/#primaryimage\"},\"image\":{\"@id\":\"https:\/\/www.lucie-hauri.com\/de\/cabrera-mallorcas-keine-schwester\/#primaryimage\"},\"thumbnailUrl\":\"https:\/\/www.lucie-hauri.com\/wp-content\/uploads\/2016\/08\/Cabrera_Festung_Bucht2-e1470063550543-620x289-1.jpg\",\"datePublished\":\"2016-08-10T09:50:28+00:00\",\"dateModified\":\"2025-01-06T13:56:12+00:00\",\"author\":{\"@id\":\"https:\/\/www.lucie-hauri.com\/en\/#\/schema\/person\/2da0f594e9d27f36e29477b9f86d1f1d\"},\"inLanguage\":\"es\",\"potentialAction\":[{\"@type\":\"ReadAction\",\"target\":[\"https:\/\/www.lucie-hauri.com\/de\/cabrera-mallorcas-keine-schwester\/\"]}]},{\"@type\":\"ImageObject\",\"inLanguage\":\"es\",\"@id\":\"https:\/\/www.lucie-hauri.com\/de\/cabrera-mallorcas-keine-schwester\/#primaryimage\",\"url\":\"https:\/\/www.lucie-hauri.com\/wp-content\/uploads\/2016\/08\/Cabrera_Festung_Bucht2-e1470063550543-620x289-1.jpg\",\"contentUrl\":\"https:\/\/www.lucie-hauri.com\/wp-content\/uploads\/2016\/08\/Cabrera_Festung_Bucht2-e1470063550543-620x289-1.jpg\",\"width\":620,\"height\":289},{\"@type\":\"WebSite\",\"@id\":\"https:\/\/www.lucie-hauri.com\/en\/#website\",\"url\":\"https:\/\/www.lucie-hauri.com\/en\/\",\"name\":\"Lucie Hauri | Exclusive Real Estate\",\"description\":\"\",\"potentialAction\":[{\"@type\":\"SearchAction\",\"target\":{\"@type\":\"EntryPoint\",\"urlTemplate\":\"https:\/\/www.lucie-hauri.com\/en\/?s={search_term_string}\"},\"query-input\":{\"@type\":\"PropertyValueSpecification\",\"valueRequired\":true,\"valueName\":\"search_term_string\"}}],\"inLanguage\":\"es\"},{\"@type\":\"Person\",\"@id\":\"https:\/\/www.lucie-hauri.com\/en\/#\/schema\/person\/2da0f594e9d27f36e29477b9f86d1f1d\",\"name\":\"Lucie Haurie\",\"image\":{\"@type\":\"ImageObject\",\"inLanguage\":\"es\",\"@id\":\"https:\/\/www.lucie-hauri.com\/en\/#\/schema\/person\/image\/\",\"url\":\"https:\/\/secure.gravatar.com\/avatar\/5547acc5a9ccb58175658f3a6b0b1f239807fa157dfa222ae1731d25a7f34aed?s=96&d=mm&r=g\",\"contentUrl\":\"https:\/\/secure.gravatar.com\/avatar\/5547acc5a9ccb58175658f3a6b0b1f239807fa157dfa222ae1731d25a7f34aed?s=96&d=mm&r=g\",\"caption\":\"Lucie Haurie\"},\"url\":\"https:\/\/www.lucie-hauri.com\/es\/author\/m-wichmann\/\"}]}<\/script>\n<!-- \/ Yoast SEO Premium plugin. -->","yoast_head_json":{"title":"Cabrera - Mallorcas kleine Schwester - Lucie Hauri | Exclusive Real Estate","robots":{"index":"index","follow":"follow","max-snippet":"max-snippet:-1","max-image-preview":"max-image-preview:large","max-video-preview":"max-video-preview:-1"},"canonical":"https:\/\/www.lucie-hauri.com\/es\/cabrera-mallorcas-keine-schwester\/","og_locale":"es_ES","og_type":"article","og_title":"Cabrera - Mallorcas kleine Schwester - Lucie Hauri | Exclusive Real Estate","og_description":"Kaum bekannt und noch immer ein absoluter Geheimtipp unter Mallorca-Kennern ist Cabrera Gran, die kleine Schwester Mallorcas. Mit ihren gerade mal 1.155 Hektar tr\u00e4gt Cabrera Gran ihren Beinamen eigentlich zu unrecht, aber sie ist immerhin die gr\u00f6\u00dfte Insel des Archipi\u00e9lago de Cabrera. Insgesamt 19 Inselchen umfasst das Cabrera-Archipel, welches etwa 10 Kilometer vor dem Cap de Ses Salines, Mallorcas S\u00fcdspitze, liegt und von Palma aus verwaltet wird. Cabrera, auch die \u201eZiegeninsel\u201c genannt, hat nur rund 20 Bewohner. Touristen sind auf dieser Natursch\u00f6nheit eher eine Seltenheit. Der Besuch der Insel unterliegt strengsten Vorschriften, denn Cabrera geh\u00f6rt zum Parque Nacional Mar\u00edtimo-Terrestre del Archipi\u00e9lago de Cabrera. Die Inselgruppe um Cabrera, mit ihrem sagenhaften Meeres-\u00d6kosystem und der urspr\u00fcnglichsten naturbelassenen K\u00fcstenregion ganz Spaniens, verzaubert durch seine fantastische und unber\u00fchrte Natur. Die Unterwasserwelt bietet eine atemberaubende Vielzahl an Wasserpflanzen und Meeresbewohnern. Auch die gro\u00dfen Vogelkolonien, die auf dem Inselparadies Zuflucht gefunden haben, lassen das Herz jedes Naturfreundes h\u00f6her schlagen. Nicht verwunderlich also, dass das Cabrera-Archipel im Jahre 1991 zum Nationalpark erkl\u00e4rt wurde. Da die Pflanzen und Tierwelt unter besonderem Schutz steht, d\u00fcrfen von allen Besuchern grunds\u00e4tzlich nur ausgewiesene Wege auf der Insel benutzt werden. Besonders sehenswert ist die Cova Blava, die \u201eblaue Grotte\u201c. Sie ist nur vom Meer aus zug\u00e4nglich. Das Wasser in dieser etwa 160 Meter langen, rund 50 Meter breiten H\u00f6hle glitzert in einer ganz besonderen Farbe und erscheint noch blauer durch die besonderen Lichtreflexionen. Neben den zauberhaften Natursch\u00f6nheiten, hat Cabrera auch kulturelle Highlights. So lohnt sich z.B. ein Besuch der alten Festung, die an die Piratenangriffe im 14. Jahrhundert erinnert. Oder ein Spaziergang zum Denkmal f\u00fcr die von 1809 bis 1814 umgekommenen franz\u00f6sischen Kriegsgefangenen, die hier in einem Internierungslager gelebt haben. Wer hier Urlaubsvergn\u00fcgen \u00e0 la Ballermann und Co. sucht, ist auf dieser kleinen Mittelmeer-Oase definitiv am falschen Ort, denn lautstarkes Partygegr\u00f6le und exzessive Saufgelage sind hier alles andere als erw\u00fcnscht. F\u00fcr den Besuch von Cabrera gelten strenge Regeln. Pro Tag erhalten z.B. maximal 50 Besucher, die privat mit dem eigenen Boot kommen, f\u00fcr einen Tag eine Genehmigung auf Cabrera zu bleiben. Das Boot darf nur an daf\u00fcr vorgesehenen Bojen festgemacht werden. Ansonsten fahren t\u00e4glich von Col\u00f2nia de Sant Jordi aus organisierte Bootstouren zum Naturhafen der Insel. Zwischen Juli und September steht auch eine Herberge mit zw\u00f6lf Doppelzimmern, f\u00fcr maximal eine \u00dcbernachtung, zur Verf\u00fcgung.","og_url":"https:\/\/www.lucie-hauri.com\/es\/cabrera-mallorcas-keine-schwester\/","og_site_name":"Lucie Hauri | Exclusive Real Estate","article_published_time":"2016-08-10T09:50:28+00:00","article_modified_time":"2025-01-06T13:56:12+00:00","og_image":[{"width":620,"height":289,"url":"https:\/\/www.lucie-hauri.com\/wp-content\/uploads\/2016\/08\/Cabrera_Festung_Bucht2-e1470063550543-620x289-1.jpg","type":"image\/jpeg"}],"author":"Lucie Haurie","twitter_card":"summary_large_image","twitter_misc":{"Escrito por":"Lucie Haurie","Tiempo de lectura":"3 minutos"},"schema":{"@context":"https:\/\/schema.org","@graph":[{"@type":"Article","@id":"https:\/\/www.lucie-hauri.com\/de\/cabrera-mallorcas-keine-schwester\/#article","isPartOf":{"@id":"https:\/\/www.lucie-hauri.com\/de\/cabrera-mallorcas-keine-schwester\/"},"author":{"name":"Lucie Haurie","@id":"https:\/\/www.lucie-hauri.com\/en\/#\/schema\/person\/2da0f594e9d27f36e29477b9f86d1f1d"},"headline":"Cabrera &#8211; Mallorcas kleine Schwester","datePublished":"2016-08-10T09:50:28+00:00","dateModified":"2025-01-06T13:56:12+00:00","mainEntityOfPage":{"@id":"https:\/\/www.lucie-hauri.com\/de\/cabrera-mallorcas-keine-schwester\/"},"wordCount":413,"image":{"@id":"https:\/\/www.lucie-hauri.com\/de\/cabrera-mallorcas-keine-schwester\/#primaryimage"},"thumbnailUrl":"https:\/\/www.lucie-hauri.com\/wp-content\/uploads\/2016\/08\/Cabrera_Festung_Bucht2-e1470063550543-620x289-1.jpg","articleSection":["Freizeit","Inselleben","Kultur","Land &amp; Leute"],"inLanguage":"es"},{"@type":"WebPage","@id":"https:\/\/www.lucie-hauri.com\/de\/cabrera-mallorcas-keine-schwester\/","url":"https:\/\/www.lucie-hauri.com\/de\/cabrera-mallorcas-keine-schwester\/","name":"Cabrera - Mallorcas kleine Schwester - Lucie Hauri | Exclusive Real Estate","isPartOf":{"@id":"https:\/\/www.lucie-hauri.com\/en\/#website"},"primaryImageOfPage":{"@id":"https:\/\/www.lucie-hauri.com\/de\/cabrera-mallorcas-keine-schwester\/#primaryimage"},"image":{"@id":"https:\/\/www.lucie-hauri.com\/de\/cabrera-mallorcas-keine-schwester\/#primaryimage"},"thumbnailUrl":"https:\/\/www.lucie-hauri.com\/wp-content\/uploads\/2016\/08\/Cabrera_Festung_Bucht2-e1470063550543-620x289-1.jpg","datePublished":"2016-08-10T09:50:28+00:00","dateModified":"2025-01-06T13:56:12+00:00","author":{"@id":"https:\/\/www.lucie-hauri.com\/en\/#\/schema\/person\/2da0f594e9d27f36e29477b9f86d1f1d"},"inLanguage":"es","potentialAction":[{"@type":"ReadAction","target":["https:\/\/www.lucie-hauri.com\/de\/cabrera-mallorcas-keine-schwester\/"]}]},{"@type":"ImageObject","inLanguage":"es","@id":"https:\/\/www.lucie-hauri.com\/de\/cabrera-mallorcas-keine-schwester\/#primaryimage","url":"https:\/\/www.lucie-hauri.com\/wp-content\/uploads\/2016\/08\/Cabrera_Festung_Bucht2-e1470063550543-620x289-1.jpg","contentUrl":"https:\/\/www.lucie-hauri.com\/wp-content\/uploads\/2016\/08\/Cabrera_Festung_Bucht2-e1470063550543-620x289-1.jpg","width":620,"height":289},{"@type":"WebSite","@id":"https:\/\/www.lucie-hauri.com\/en\/#website","url":"https:\/\/www.lucie-hauri.com\/en\/","name":"Lucie Hauri | Exclusive Real Estate","description":"","potentialAction":[{"@type":"SearchAction","target":{"@type":"EntryPoint","urlTemplate":"https:\/\/www.lucie-hauri.com\/en\/?s={search_term_string}"},"query-input":{"@type":"PropertyValueSpecification","valueRequired":true,"valueName":"search_term_string"}}],"inLanguage":"es"},{"@type":"Person","@id":"https:\/\/www.lucie-hauri.com\/en\/#\/schema\/person\/2da0f594e9d27f36e29477b9f86d1f1d","name":"Lucie Haurie","image":{"@type":"ImageObject","inLanguage":"es","@id":"https:\/\/www.lucie-hauri.com\/en\/#\/schema\/person\/image\/","url":"https:\/\/secure.gravatar.com\/avatar\/5547acc5a9ccb58175658f3a6b0b1f239807fa157dfa222ae1731d25a7f34aed?s=96&d=mm&r=g","contentUrl":"https:\/\/secure.gravatar.com\/avatar\/5547acc5a9ccb58175658f3a6b0b1f239807fa157dfa222ae1731d25a7f34aed?s=96&d=mm&r=g","caption":"Lucie Haurie"},"url":"https:\/\/www.lucie-hauri.com\/es\/author\/m-wichmann\/"}]}},"_links":{"self":[{"href":"https:\/\/www.lucie-hauri.com\/es\/wp-json\/wp\/v2\/posts\/58822","targetHints":{"allow":["GET"]}}],"collection":[{"href":"https:\/\/www.lucie-hauri.com\/es\/wp-json\/wp\/v2\/posts"}],"about":[{"href":"https:\/\/www.lucie-hauri.com\/es\/wp-json\/wp\/v2\/types\/post"}],"author":[{"embeddable":true,"href":"https:\/\/www.lucie-hauri.com\/es\/wp-json\/wp\/v2\/users\/5"}],"replies":[{"embeddable":true,"href":"https:\/\/www.lucie-hauri.com\/es\/wp-json\/wp\/v2\/comments?post=58822"}],"version-history":[{"count":0,"href":"https:\/\/www.lucie-hauri.com\/es\/wp-json\/wp\/v2\/posts\/58822\/revisions"}],"wp:featuredmedia":[{"embeddable":true,"href":"https:\/\/www.lucie-hauri.com\/es\/wp-json\/wp\/v2\/media\/134187"}],"wp:attachment":[{"href":"https:\/\/www.lucie-hauri.com\/es\/wp-json\/wp\/v2\/media?parent=58822"}],"wp:term":[{"taxonomy":"category","embeddable":true,"href":"https:\/\/www.lucie-hauri.com\/es\/wp-json\/wp\/v2\/categories?post=58822"},{"taxonomy":"post_tag","embeddable":true,"href":"https:\/\/www.lucie-hauri.com\/es\/wp-json\/wp\/v2\/tags?post=58822"}],"curies":[{"name":"wp","href":"https:\/\/api.w.org\/{rel}","templated":true}]}}