{"id":121428,"date":"2021-02-27T19:44:44","date_gmt":"2021-02-27T18:44:44","guid":{"rendered":"https:\/\/lucie-hauri.hostpress.me\/mandelbluete-auf-mallorca-eine-symphonie-der-duefte-und-farben\/"},"modified":"2025-01-06T14:55:04","modified_gmt":"2025-01-06T13:55:04","slug":"mandelbluete-auf-mallorca-eine-symphonie-der-duefte-und-farben","status":"publish","type":"post","link":"https:\/\/www.lucie-hauri.com\/es\/mandelbluete-auf-mallorca-eine-symphonie-der-duefte-und-farben\/","title":{"rendered":"Mandelbl\u00fcte auf Mallorca &#8211; Eine Symphonie der D\u00fcfte und Farben"},"content":{"rendered":"<div data-elementor-type=\"wp-post\" data-elementor-id=\"121428\" class=\"elementor elementor-121428\" data-elementor-post-type=\"post\">\n\t\t\t\t<div class=\"elementor-element elementor-element-653d475f e-flex e-con-boxed e-con e-parent\" data-id=\"653d475f\" data-element_type=\"container\">\n\t\t\t\t\t<div class=\"e-con-inner\">\n\t\t\t\t<div class=\"elementor-element elementor-element-51bba57c elementor-widget elementor-widget-text-editor\" data-id=\"51bba57c\" data-element_type=\"widget\" data-widget_type=\"text-editor.default\">\n\t\t\t\t<div class=\"elementor-widget-container\">\n\t\t\t\t\t\t\t\t\t<p>Den Beginn des Fr\u00fchlings markiert auf Mallorca die Mandelbl\u00fctensaison.<\/p><p>Zwischen Ende Januar bis etwa Mitte M\u00e4rz verwandeln rund vier Millionen Mandelb\u00e4ume die Landschaft der Baleareninsel in ein wei\u00dfes und rosafarbenes Bl\u00fctenmeer.<\/p><p>Die Bl\u00fctezeit der Mandelb\u00e4ume beginnt mit den ersten Temperaturanstiegen im Fr\u00fchling. Bei milden Temperaturen, um die 15 Grad, \u00f6ffnen die ersten Knospen und ein spektakul\u00e4res Naturschauspiel nimmt seinen Lauf: Wei\u00dfe und rosafarbene Bl\u00fcten \u00fcberziehen die Insel und ein zarter s\u00fc\u00dflicher Duft erf\u00fcllt die Luft.<\/p><p>Dabei zieren vor allem zwei Mandelarten die Landstriche Mallorcas. Die rosabl\u00fchende Bittermandel und die wei\u00dfbl\u00fchende S\u00fc\u00dfmandel.<\/p><h2>Mandelbl\u00fcten, soweit das Auge reicht<\/h2><p>Bedingt durch das Mikroklima kommen nicht in allen Regionen Mallorcas Mandelb\u00e4ume vor: Im S\u00fcden, an der Ostk\u00fcste und damit im S\u00fcdosten von Mallorca sind mit die meisten Mandelb\u00e4ume zu finden.<\/p><p>Die bl\u00fchenden Mandelb\u00e4ume lassen sich in drei Zonen bestaunen:<\/p><p>Eine der sch\u00f6nsten Gebiete liegt im S\u00fcdosten der Insel n\u00f6rdlich von Santany\u00ed.<\/p><h2>Aus dem Orient auf die Balearen<\/h2><p>Die Mandelbl\u00fcte auf Mallorca hat eine weitreichende Vergangenheit.<\/p><p>Die ersten Mandelb\u00e4ume wurden von den Mauren im 10. Jahrhundert aus dem Orient mitgebracht. Ihren Siegeszug erlebten sie jedoch erst im 19. Jahrhundert, als eine verheerende Reblausplage die mallorquinischen Weinanbaugebiete vernichtete und die Bauern dazu zwang, vermehrt auf den Anbau von Mandelb\u00e4umen zu setzen, um das \u00dcberleben zu sichern.<\/p><p>Seitdem nehmen die Mandelb\u00e4ume einen wichtigen Stellenwert in der mallorquinischen Wirtschaft ein und z\u00e4hlen zu den wichtigsten Exportg\u00fctern der Insel.<\/p><h2>Nicht nur eine wahre Gaumenfreude&#8230;<\/h2><p>Das gute Klima und die eisen- und kalziumreichen B\u00f6den sorgen daf\u00fcr, dass sich Mallorca hervorragend f\u00fcr den Anbau von Mandelplantagen eignet.<\/p><p>Die mallorquinischen Mandeln zeichnen sich durch ihren einzigartigen, charakteristischen Geschmack und ihr Aroma aus.<\/p><p>Die Einsatzm\u00f6glichkeiten der mallorquinischen Mandel sind sehr vielf\u00e4ltig: Zu den bekanntesten kulinarischen Highlights z\u00e4hlen insbesondere Gat\u00f3 de Almendra, ein mallorquinischer Mandelkuchen, Turr\u00f3n, ein wei\u00dfer Nougatkonfekt und das herzhafte Gericht Spanferkel mit Mandelf\u00fcllung.<\/p><p>Doch nicht nur f\u00fcr den Gaumen werden Produkte aus mallorquinischen Mandeln gefertigt, sondern auch f\u00fcr den Geruchssinn.<\/p><h2>Der unnachahmliche Duft der Mandelbl\u00fcte<\/h2><p>Flor d\u2019Ametler ist ein weltbekanntes Parfum, das aus mallorquinischen Mandelbl\u00fcten von Hand produziert wird.<\/p><p>Bernardo Vallori kam bereits vor 70 Jahren auf die Idee den unverkennbaren zarten, s\u00fc\u00dflichen Duft der Mandelbl\u00fcten einzufangen. Noch heute wird das Parfum, wie damals von Hand hergestellt.<\/p><p>Sie sehen, die Mandelbl\u00fctensaison ist der ideale Zeitpunkt, um Mallorca von einer au\u00dfergew\u00f6hnlichen und spektakul\u00e4ren Seite zu erleben.<\/p><p>Auch f\u00fcr Besichtigungen Ihrer zuk\u00fcnftigen Immobilie ist die Mandelbl\u00fctensaison wie geschaffen.<\/p><p>Desde hace m\u00e1s de 30 a\u00f1os unimos a personas y a casas. Ofrecemos una gama de propiedades de primera calidad cuidadosamente seleccionadas en el sureste de la isla: fincas rom\u00e1nticas y mansiones en Mallorca, exclusivas villas de lujo frente al mar, parcelas maravillosas y casas de pueblo as\u00ed como apartamentos con vistas impresionantes. A trav\u00e9s de muchos a\u00f1os hemos formado una red extensa y fiable de: comunidades, constructores, artesanos, arquitectos, autoridades, notarios, bancos, organismos financieros, abogados, asesores fiscales y muchos otros expertos relacionados con la compra y planificaci\u00f3n de una propiedad.<\/p><p>Sie m\u00f6chten die allj\u00e4hrliche Mandelbl\u00fcte in Zukunft von Ihrer eigenen Immobilie aus bestaunen?<\/p><p>Lassen Sie sich inspirieren von unseren neusten Immobilien.<\/p>\t\t\t\t\t\t\t\t<\/div>\n\t\t\t\t<\/div>\n\t\t\t\t\t<\/div>\n\t\t\t\t<\/div>\n\t\t\t\t<\/div>","protected":false},"excerpt":{"rendered":"<p>Den Beginn des Fr\u00fchlings markiert auf Mallorca die Mandelbl\u00fctensaison. Zwischen Ende Januar bis etwa Mitte M\u00e4rz verwandeln rund vier Millionen Mandelb\u00e4ume die Landschaft der Baleareninsel in ein wei\u00dfes und rosafarbenes Bl\u00fctenmeer. Die Bl\u00fctezeit der Mandelb\u00e4ume beginnt mit den ersten Temperaturanstiegen im Fr\u00fchling. Bei milden Temperaturen, um die 15 Grad, \u00f6ffnen die ersten Knospen und ein spektakul\u00e4res Naturschauspiel nimmt seinen Lauf: Wei\u00dfe und rosafarbene Bl\u00fcten \u00fcberziehen die Insel und ein zarter s\u00fc\u00dflicher Duft erf\u00fcllt die Luft. Dabei zieren vor allem zwei Mandelarten die Landstriche Mallorcas. Die rosabl\u00fchende Bittermandel und die wei\u00dfbl\u00fchende S\u00fc\u00dfmandel. Mandelbl\u00fcten, soweit das Auge reicht Bedingt durch das Mikroklima kommen nicht in allen Regionen Mallorcas Mandelb\u00e4ume vor: Im S\u00fcden, an der Ostk\u00fcste und damit im S\u00fcdosten von Mallorca sind mit die meisten Mandelb\u00e4ume zu finden. Die bl\u00fchenden Mandelb\u00e4ume lassen sich in drei Zonen bestaunen: Eine der sch\u00f6nsten Gebiete liegt im S\u00fcdosten der Insel n\u00f6rdlich von Santany\u00ed. Aus dem Orient auf die Balearen Die Mandelbl\u00fcte auf Mallorca hat eine weitreichende Vergangenheit. Die ersten Mandelb\u00e4ume wurden von den Mauren im 10. Jahrhundert aus dem Orient mitgebracht. Ihren Siegeszug erlebten sie jedoch erst im 19. Jahrhundert, als eine verheerende Reblausplage die mallorquinischen Weinanbaugebiete vernichtete und die Bauern dazu zwang, vermehrt auf den Anbau von Mandelb\u00e4umen zu setzen, um das \u00dcberleben zu sichern. Seitdem nehmen die Mandelb\u00e4ume einen wichtigen Stellenwert in der mallorquinischen Wirtschaft ein und z\u00e4hlen zu den wichtigsten Exportg\u00fctern der Insel. Nicht nur eine wahre Gaumenfreude&#8230; Das gute Klima und die eisen- und kalziumreichen B\u00f6den sorgen daf\u00fcr, dass sich Mallorca hervorragend f\u00fcr den Anbau von Mandelplantagen eignet. Die mallorquinischen Mandeln zeichnen sich durch ihren einzigartigen, charakteristischen Geschmack und ihr Aroma aus. Die Einsatzm\u00f6glichkeiten der mallorquinischen Mandel sind sehr vielf\u00e4ltig: Zu den bekanntesten kulinarischen Highlights z\u00e4hlen insbesondere Gat\u00f3 de Almendra, ein mallorquinischer Mandelkuchen, Turr\u00f3n, ein wei\u00dfer Nougatkonfekt und das herzhafte Gericht Spanferkel mit Mandelf\u00fcllung. Doch nicht nur f\u00fcr den Gaumen werden Produkte aus mallorquinischen Mandeln gefertigt, sondern auch f\u00fcr den Geruchssinn. Der unnachahmliche Duft der Mandelbl\u00fcte Flor d\u2019Ametler ist ein weltbekanntes Parfum, das aus mallorquinischen Mandelbl\u00fcten von Hand produziert wird. Bernardo Vallori kam bereits vor 70 Jahren auf die Idee den unverkennbaren zarten, s\u00fc\u00dflichen Duft der Mandelbl\u00fcten einzufangen. Noch heute wird das Parfum, wie damals von Hand hergestellt. Sie sehen, die Mandelbl\u00fctensaison ist der ideale Zeitpunkt, um Mallorca von einer au\u00dfergew\u00f6hnlichen und spektakul\u00e4ren Seite zu erleben. Auch f\u00fcr Besichtigungen Ihrer zuk\u00fcnftigen Immobilie ist die Mandelbl\u00fctensaison wie geschaffen. Seit \u00fcber 30 Jahren f\u00fchren wir Menschen und H\u00e4user zusammen. Wir bieten eine erstklassige Auswahl an sorgf\u00e4ltig ausgew\u00e4hlten Immobilien im S\u00fcdosten: romantische Fincas und Anwesen in der traumhaften Landschaft Mallorcas, exklusive Luxusvillen in erster Meereslinie, fantastische Grundst\u00fccke und Dorfh\u00e4user sowie Apartments mit atemberaubender Aussicht. Sie m\u00f6chten die allj\u00e4hrliche Mandelbl\u00fcte in Zukunft von Ihrer eigenen Immobilie aus bestaunen? Lassen Sie sich inspirieren von unseren neusten Immobilien.<\/p>","protected":false},"author":5,"featured_media":121429,"comment_status":"closed","ping_status":"open","sticky":false,"template":"","format":"standard","meta":{"_acf_changed":false,"footnotes":""},"categories":[218,214,219,216],"tags":[],"class_list":["post-121428","post","type-post","status-publish","format-standard","has-post-thumbnail","hentry","category-freizeit","category-inselleben","category-kultur","category-land-leute"],"acf":[],"yoast_head":"<!-- This site is optimized with the Yoast SEO Premium plugin v24.4 (Yoast SEO v26.8) - https:\/\/yoast.com\/product\/yoast-seo-premium-wordpress\/ -->\n<title>Mandelbl\u00fcte auf Mallorca - Eine Symphonie der D\u00fcfte und Farben - Lucie Hauri | Exclusive Real Estate<\/title>\n<meta name=\"description\" content=\"Im S\u00fcden, an der Ostk\u00fcste und damit im S\u00fcdosten von Mallorca sind mit die meisten Mandelb\u00e4ume zu finden.\" \/>\n<meta name=\"robots\" content=\"index, follow, max-snippet:-1, max-image-preview:large, max-video-preview:-1\" \/>\n<link rel=\"canonical\" href=\"https:\/\/www.lucie-hauri.com\/es\/mandelbluete-auf-mallorca-eine-symphonie-der-duefte-und-farben\/\" \/>\n<meta property=\"og:locale\" content=\"es_ES\" \/>\n<meta property=\"og:type\" content=\"article\" \/>\n<meta property=\"og:title\" content=\"Mandelbl\u00fcte auf Mallorca - Eine Symphonie der D\u00fcfte und Farben - Lucie Hauri | Exclusive Real Estate\" \/>\n<meta property=\"og:description\" content=\"Im S\u00fcden, an der Ostk\u00fcste und damit im S\u00fcdosten von Mallorca sind mit die meisten Mandelb\u00e4ume zu finden.\" \/>\n<meta property=\"og:url\" content=\"https:\/\/www.lucie-hauri.com\/es\/mandelbluete-auf-mallorca-eine-symphonie-der-duefte-und-farben\/\" \/>\n<meta property=\"og:site_name\" content=\"Lucie Hauri | Exclusive Real Estate\" \/>\n<meta property=\"article:published_time\" content=\"2021-02-27T18:44:44+00:00\" \/>\n<meta property=\"article:modified_time\" content=\"2025-01-06T13:55:04+00:00\" \/>\n<meta property=\"og:image\" content=\"https:\/\/www.lucie-hauri.com\/wp-content\/uploads\/2021\/02\/Mandelbluete-Mallorca-Suedosten.jpg\" \/>\n\t<meta property=\"og:image:width\" content=\"1000\" \/>\n\t<meta property=\"og:image:height\" content=\"667\" \/>\n\t<meta property=\"og:image:type\" content=\"image\/jpeg\" \/>\n<meta name=\"author\" content=\"Lucie Haurie\" \/>\n<meta name=\"twitter:card\" content=\"summary_large_image\" \/>\n<meta name=\"twitter:label1\" content=\"Escrito por\" \/>\n\t<meta name=\"twitter:data1\" content=\"Lucie Haurie\" \/>\n\t<meta name=\"twitter:label2\" content=\"Tiempo de lectura\" \/>\n\t<meta name=\"twitter:data2\" content=\"3 minutos\" \/>\n<script type=\"application\/ld+json\" class=\"yoast-schema-graph\">{\"@context\":\"https:\/\/schema.org\",\"@graph\":[{\"@type\":\"Article\",\"@id\":\"https:\/\/www.lucie-hauri.com\/de\/mandelbluete-auf-mallorca-eine-symphonie-der-duefte-und-farben\/#article\",\"isPartOf\":{\"@id\":\"https:\/\/www.lucie-hauri.com\/de\/mandelbluete-auf-mallorca-eine-symphonie-der-duefte-und-farben\/\"},\"author\":{\"name\":\"Lucie Haurie\",\"@id\":\"https:\/\/www.lucie-hauri.com\/en\/#\/schema\/person\/2da0f594e9d27f36e29477b9f86d1f1d\"},\"headline\":\"Mandelbl\u00fcte auf Mallorca &#8211; Eine Symphonie der D\u00fcfte und Farben\",\"datePublished\":\"2021-02-27T18:44:44+00:00\",\"dateModified\":\"2025-01-06T13:55:04+00:00\",\"mainEntityOfPage\":{\"@id\":\"https:\/\/www.lucie-hauri.com\/de\/mandelbluete-auf-mallorca-eine-symphonie-der-duefte-und-farben\/\"},\"wordCount\":535,\"image\":{\"@id\":\"https:\/\/www.lucie-hauri.com\/de\/mandelbluete-auf-mallorca-eine-symphonie-der-duefte-und-farben\/#primaryimage\"},\"thumbnailUrl\":\"https:\/\/www.lucie-hauri.com\/wp-content\/uploads\/2021\/02\/Mandelbluete-Mallorca-Suedosten.jpg\",\"articleSection\":[\"Freizeit\",\"Inselleben\",\"Kultur\",\"Land &amp; Leute\"],\"inLanguage\":\"es\"},{\"@type\":\"WebPage\",\"@id\":\"https:\/\/www.lucie-hauri.com\/de\/mandelbluete-auf-mallorca-eine-symphonie-der-duefte-und-farben\/\",\"url\":\"https:\/\/www.lucie-hauri.com\/de\/mandelbluete-auf-mallorca-eine-symphonie-der-duefte-und-farben\/\",\"name\":\"Mandelbl\u00fcte auf Mallorca - Eine Symphonie der D\u00fcfte und Farben - Lucie Hauri | Exclusive Real Estate\",\"isPartOf\":{\"@id\":\"https:\/\/www.lucie-hauri.com\/en\/#website\"},\"primaryImageOfPage\":{\"@id\":\"https:\/\/www.lucie-hauri.com\/de\/mandelbluete-auf-mallorca-eine-symphonie-der-duefte-und-farben\/#primaryimage\"},\"image\":{\"@id\":\"https:\/\/www.lucie-hauri.com\/de\/mandelbluete-auf-mallorca-eine-symphonie-der-duefte-und-farben\/#primaryimage\"},\"thumbnailUrl\":\"https:\/\/www.lucie-hauri.com\/wp-content\/uploads\/2021\/02\/Mandelbluete-Mallorca-Suedosten.jpg\",\"datePublished\":\"2021-02-27T18:44:44+00:00\",\"dateModified\":\"2025-01-06T13:55:04+00:00\",\"author\":{\"@id\":\"https:\/\/www.lucie-hauri.com\/en\/#\/schema\/person\/2da0f594e9d27f36e29477b9f86d1f1d\"},\"description\":\"Im S\u00fcden, an der Ostk\u00fcste und damit im S\u00fcdosten von Mallorca sind mit die meisten Mandelb\u00e4ume zu finden.\",\"inLanguage\":\"es\",\"potentialAction\":[{\"@type\":\"ReadAction\",\"target\":[\"https:\/\/www.lucie-hauri.com\/de\/mandelbluete-auf-mallorca-eine-symphonie-der-duefte-und-farben\/\"]}]},{\"@type\":\"ImageObject\",\"inLanguage\":\"es\",\"@id\":\"https:\/\/www.lucie-hauri.com\/de\/mandelbluete-auf-mallorca-eine-symphonie-der-duefte-und-farben\/#primaryimage\",\"url\":\"https:\/\/www.lucie-hauri.com\/wp-content\/uploads\/2021\/02\/Mandelbluete-Mallorca-Suedosten.jpg\",\"contentUrl\":\"https:\/\/www.lucie-hauri.com\/wp-content\/uploads\/2021\/02\/Mandelbluete-Mallorca-Suedosten.jpg\",\"width\":1000,\"height\":667,\"caption\":\"Die Mandelbl\u00fcte im S\u00fcdosten von Mallorca\"},{\"@type\":\"WebSite\",\"@id\":\"https:\/\/www.lucie-hauri.com\/en\/#website\",\"url\":\"https:\/\/www.lucie-hauri.com\/en\/\",\"name\":\"Lucie Hauri | Exclusive Real Estate\",\"description\":\"\",\"potentialAction\":[{\"@type\":\"SearchAction\",\"target\":{\"@type\":\"EntryPoint\",\"urlTemplate\":\"https:\/\/www.lucie-hauri.com\/en\/?s={search_term_string}\"},\"query-input\":{\"@type\":\"PropertyValueSpecification\",\"valueRequired\":true,\"valueName\":\"search_term_string\"}}],\"inLanguage\":\"es\"},{\"@type\":\"Person\",\"@id\":\"https:\/\/www.lucie-hauri.com\/en\/#\/schema\/person\/2da0f594e9d27f36e29477b9f86d1f1d\",\"name\":\"Lucie Haurie\",\"image\":{\"@type\":\"ImageObject\",\"inLanguage\":\"es\",\"@id\":\"https:\/\/www.lucie-hauri.com\/en\/#\/schema\/person\/image\/\",\"url\":\"https:\/\/secure.gravatar.com\/avatar\/5547acc5a9ccb58175658f3a6b0b1f239807fa157dfa222ae1731d25a7f34aed?s=96&d=mm&r=g\",\"contentUrl\":\"https:\/\/secure.gravatar.com\/avatar\/5547acc5a9ccb58175658f3a6b0b1f239807fa157dfa222ae1731d25a7f34aed?s=96&d=mm&r=g\",\"caption\":\"Lucie Haurie\"},\"url\":\"https:\/\/www.lucie-hauri.com\/es\/author\/m-wichmann\/\"}]}<\/script>\n<!-- \/ Yoast SEO Premium plugin. -->","yoast_head_json":{"title":"Mandelbl\u00fcte auf Mallorca - Eine Symphonie der D\u00fcfte und Farben - Lucie Hauri | Exclusive Real Estate","description":"Im S\u00fcden, an der Ostk\u00fcste und damit im S\u00fcdosten von Mallorca sind mit die meisten Mandelb\u00e4ume zu finden.","robots":{"index":"index","follow":"follow","max-snippet":"max-snippet:-1","max-image-preview":"max-image-preview:large","max-video-preview":"max-video-preview:-1"},"canonical":"https:\/\/www.lucie-hauri.com\/es\/mandelbluete-auf-mallorca-eine-symphonie-der-duefte-und-farben\/","og_locale":"es_ES","og_type":"article","og_title":"Mandelbl\u00fcte auf Mallorca - Eine Symphonie der D\u00fcfte und Farben - Lucie Hauri | Exclusive Real Estate","og_description":"Im S\u00fcden, an der Ostk\u00fcste und damit im S\u00fcdosten von Mallorca sind mit die meisten Mandelb\u00e4ume zu finden.","og_url":"https:\/\/www.lucie-hauri.com\/es\/mandelbluete-auf-mallorca-eine-symphonie-der-duefte-und-farben\/","og_site_name":"Lucie Hauri | Exclusive Real Estate","article_published_time":"2021-02-27T18:44:44+00:00","article_modified_time":"2025-01-06T13:55:04+00:00","og_image":[{"width":1000,"height":667,"url":"https:\/\/www.lucie-hauri.com\/wp-content\/uploads\/2021\/02\/Mandelbluete-Mallorca-Suedosten.jpg","type":"image\/jpeg"}],"author":"Lucie Haurie","twitter_card":"summary_large_image","twitter_misc":{"Escrito por":"Lucie Haurie","Tiempo de lectura":"3 minutos"},"schema":{"@context":"https:\/\/schema.org","@graph":[{"@type":"Article","@id":"https:\/\/www.lucie-hauri.com\/de\/mandelbluete-auf-mallorca-eine-symphonie-der-duefte-und-farben\/#article","isPartOf":{"@id":"https:\/\/www.lucie-hauri.com\/de\/mandelbluete-auf-mallorca-eine-symphonie-der-duefte-und-farben\/"},"author":{"name":"Lucie Haurie","@id":"https:\/\/www.lucie-hauri.com\/en\/#\/schema\/person\/2da0f594e9d27f36e29477b9f86d1f1d"},"headline":"Mandelbl\u00fcte auf Mallorca &#8211; Eine Symphonie der D\u00fcfte und Farben","datePublished":"2021-02-27T18:44:44+00:00","dateModified":"2025-01-06T13:55:04+00:00","mainEntityOfPage":{"@id":"https:\/\/www.lucie-hauri.com\/de\/mandelbluete-auf-mallorca-eine-symphonie-der-duefte-und-farben\/"},"wordCount":535,"image":{"@id":"https:\/\/www.lucie-hauri.com\/de\/mandelbluete-auf-mallorca-eine-symphonie-der-duefte-und-farben\/#primaryimage"},"thumbnailUrl":"https:\/\/www.lucie-hauri.com\/wp-content\/uploads\/2021\/02\/Mandelbluete-Mallorca-Suedosten.jpg","articleSection":["Freizeit","Inselleben","Kultur","Land &amp; Leute"],"inLanguage":"es"},{"@type":"WebPage","@id":"https:\/\/www.lucie-hauri.com\/de\/mandelbluete-auf-mallorca-eine-symphonie-der-duefte-und-farben\/","url":"https:\/\/www.lucie-hauri.com\/de\/mandelbluete-auf-mallorca-eine-symphonie-der-duefte-und-farben\/","name":"Mandelbl\u00fcte auf Mallorca - Eine Symphonie der D\u00fcfte und Farben - Lucie Hauri | Exclusive Real Estate","isPartOf":{"@id":"https:\/\/www.lucie-hauri.com\/en\/#website"},"primaryImageOfPage":{"@id":"https:\/\/www.lucie-hauri.com\/de\/mandelbluete-auf-mallorca-eine-symphonie-der-duefte-und-farben\/#primaryimage"},"image":{"@id":"https:\/\/www.lucie-hauri.com\/de\/mandelbluete-auf-mallorca-eine-symphonie-der-duefte-und-farben\/#primaryimage"},"thumbnailUrl":"https:\/\/www.lucie-hauri.com\/wp-content\/uploads\/2021\/02\/Mandelbluete-Mallorca-Suedosten.jpg","datePublished":"2021-02-27T18:44:44+00:00","dateModified":"2025-01-06T13:55:04+00:00","author":{"@id":"https:\/\/www.lucie-hauri.com\/en\/#\/schema\/person\/2da0f594e9d27f36e29477b9f86d1f1d"},"description":"Im S\u00fcden, an der Ostk\u00fcste und damit im S\u00fcdosten von Mallorca sind mit die meisten Mandelb\u00e4ume zu finden.","inLanguage":"es","potentialAction":[{"@type":"ReadAction","target":["https:\/\/www.lucie-hauri.com\/de\/mandelbluete-auf-mallorca-eine-symphonie-der-duefte-und-farben\/"]}]},{"@type":"ImageObject","inLanguage":"es","@id":"https:\/\/www.lucie-hauri.com\/de\/mandelbluete-auf-mallorca-eine-symphonie-der-duefte-und-farben\/#primaryimage","url":"https:\/\/www.lucie-hauri.com\/wp-content\/uploads\/2021\/02\/Mandelbluete-Mallorca-Suedosten.jpg","contentUrl":"https:\/\/www.lucie-hauri.com\/wp-content\/uploads\/2021\/02\/Mandelbluete-Mallorca-Suedosten.jpg","width":1000,"height":667,"caption":"Die Mandelbl\u00fcte im S\u00fcdosten von Mallorca"},{"@type":"WebSite","@id":"https:\/\/www.lucie-hauri.com\/en\/#website","url":"https:\/\/www.lucie-hauri.com\/en\/","name":"Lucie Hauri | Exclusive Real Estate","description":"","potentialAction":[{"@type":"SearchAction","target":{"@type":"EntryPoint","urlTemplate":"https:\/\/www.lucie-hauri.com\/en\/?s={search_term_string}"},"query-input":{"@type":"PropertyValueSpecification","valueRequired":true,"valueName":"search_term_string"}}],"inLanguage":"es"},{"@type":"Person","@id":"https:\/\/www.lucie-hauri.com\/en\/#\/schema\/person\/2da0f594e9d27f36e29477b9f86d1f1d","name":"Lucie Haurie","image":{"@type":"ImageObject","inLanguage":"es","@id":"https:\/\/www.lucie-hauri.com\/en\/#\/schema\/person\/image\/","url":"https:\/\/secure.gravatar.com\/avatar\/5547acc5a9ccb58175658f3a6b0b1f239807fa157dfa222ae1731d25a7f34aed?s=96&d=mm&r=g","contentUrl":"https:\/\/secure.gravatar.com\/avatar\/5547acc5a9ccb58175658f3a6b0b1f239807fa157dfa222ae1731d25a7f34aed?s=96&d=mm&r=g","caption":"Lucie Haurie"},"url":"https:\/\/www.lucie-hauri.com\/es\/author\/m-wichmann\/"}]}},"_links":{"self":[{"href":"https:\/\/www.lucie-hauri.com\/es\/wp-json\/wp\/v2\/posts\/121428","targetHints":{"allow":["GET"]}}],"collection":[{"href":"https:\/\/www.lucie-hauri.com\/es\/wp-json\/wp\/v2\/posts"}],"about":[{"href":"https:\/\/www.lucie-hauri.com\/es\/wp-json\/wp\/v2\/types\/post"}],"author":[{"embeddable":true,"href":"https:\/\/www.lucie-hauri.com\/es\/wp-json\/wp\/v2\/users\/5"}],"replies":[{"embeddable":true,"href":"https:\/\/www.lucie-hauri.com\/es\/wp-json\/wp\/v2\/comments?post=121428"}],"version-history":[{"count":0,"href":"https:\/\/www.lucie-hauri.com\/es\/wp-json\/wp\/v2\/posts\/121428\/revisions"}],"wp:featuredmedia":[{"embeddable":true,"href":"https:\/\/www.lucie-hauri.com\/es\/wp-json\/wp\/v2\/media\/121429"}],"wp:attachment":[{"href":"https:\/\/www.lucie-hauri.com\/es\/wp-json\/wp\/v2\/media?parent=121428"}],"wp:term":[{"taxonomy":"category","embeddable":true,"href":"https:\/\/www.lucie-hauri.com\/es\/wp-json\/wp\/v2\/categories?post=121428"},{"taxonomy":"post_tag","embeddable":true,"href":"https:\/\/www.lucie-hauri.com\/es\/wp-json\/wp\/v2\/tags?post=121428"}],"curies":[{"name":"wp","href":"https:\/\/api.w.org\/{rel}","templated":true}]}}