{"id":64774,"date":"2017-03-01T09:56:14","date_gmt":"2017-03-01T08:56:14","guid":{"rendered":"https:\/\/lucie-hauri.hostpress.me\/versteckte-orte-santa-maria-de-bellpuig\/"},"modified":"2025-01-06T14:55:42","modified_gmt":"2025-01-06T13:55:42","slug":"versteckte-orte-santa-maria-de-bellpuig","status":"publish","type":"post","link":"https:\/\/www.lucie-hauri.com\/en\/versteckte-orte-santa-maria-de-bellpuig\/","title":{"rendered":"Versteckte Orte &#8211; Santa Maria de Bellpuig"},"content":{"rendered":"<div data-elementor-type=\"wp-post\" data-elementor-id=\"64774\" class=\"elementor elementor-64774\" data-elementor-post-type=\"post\">\n\t\t\t\t<div class=\"elementor-element elementor-element-2df264f5 e-flex e-con-boxed e-con e-parent\" data-id=\"2df264f5\" data-element_type=\"container\">\n\t\t\t\t\t<div class=\"e-con-inner\">\n\t\t\t\t<div class=\"elementor-element elementor-element-2f47d7c4 elementor-widget elementor-widget-text-editor\" data-id=\"2f47d7c4\" data-element_type=\"widget\" data-widget_type=\"text-editor.default\">\n\t\t\t\t<div class=\"elementor-widget-container\">\n\t\t\t\t\t\t\t\t\t<p>Das historische Kloster Bellpuig liegt idyllisch eingebettet auf einem mit Steineichen bewaldetem H\u00fcgel und befindet sich bei Art\u00e0, ganz in der N\u00e4he des Cami Vell de Ciutat. Die Geschichte der Anlage geht bis in das Jahr 1230 zur\u00fcck. Damals, nachdem Jaume I. in den Bergen Art\u00e1s die letzte maurische Bastion niedergeschlagen hatte und seinen Eroberungssieg feierte, wurde das Land christianisiert. Kirchen und Kl\u00f6ster wurden errichtet und der K\u00f6nig \u00fcberlie\u00df das Kloster zusammen mit acht weiteren Landg\u00fctern den Ordensm\u00f6nchen der Abtei von Bellpuig de les Avellanes aus Katalonien.<\/p><p>Die Klostergr\u00fcndung brachte auch eine Neubesiedelung mit sich. Neue Bauten wurden errichtet, in denen auch das Material von r\u00f6mischen und maurischen Geb\u00e4uden mit einbezogen wurde. Im Jahre 1244 gr\u00fcndeten acht M\u00f6nche die erste Christengemeinde in Art\u00e0. Die von ihnen errichtete Kirche, das Gemeindehaus sowie die anderen angrenzenden Geb\u00e4ude der Klosteranlage Bellpuig wurden im Laufe der kommenden Jahrhunderte unterschiedlich genutzt. Im Jahre 1425 verlie\u00dfen die M\u00f6nche das Kloster Bellpuig. Neuer Eigent\u00fcmer war die Familie Vivot und sp\u00e4ter die Familie Damento, die im Jahre 1637 den Titel Markgrafen von Bellpuig erhielt. Sp\u00e4ter \u00fcbernahmen deren Nachfolger das Kloster. Die letzten Mitglieder dieser Familie, mit dem Namen Truyols, leben heute in einem Stadtpalast von Art\u00e0.<\/p><p>Die Klosteranlage Bellpuig ordnet sich um einen viereckigen Patio an. Wie bei einem Kreuzgang befanden sich die Klostergeb\u00e4ude, die Kirche sowie die Vorratsr\u00e4ume an den Seitenfl\u00fcgeln. Von allen Geb\u00e4uden ist heute lediglich die Kirche noch architektonisch relativ gut erhalten. Alle weiteren Bauwerke sind verfallen. Bei dem Gotteshaus handelt es sich um eine einschiffige Kirche im gotischen Stil mit einem Satteldach. Im Inneren ist das Bauwerk sehr karg und schlicht ausgeschm\u00fcckt. Das Hauptportal zeigt geometrische Symbole und auch das kleine Fenster der Apsis sowie die Kapitelle der Pilaster sind mit geometrischen Motiven verziert. Urspr\u00fcnglich beherbergte die Klosterkirche eine Marienskluptur, diese wurde aber im Jahre 1425, als die M\u00f6nche das Kloster verlie\u00dfen, nach Art\u00e0 gebracht.<\/p><p>Nach dem \u00dcbergang in Privatbesitz wurde aus der Klosteranlage ein Bauernanwesen, welches entsprechend den neuen Nutzungsanforderungen umgebaut wurde. Seit dem Jahre 1999 geh\u00f6rt das Kloster Bellpuig dem Inselrat von Mallorca, der in den letzten Jahren damit besch\u00e4ftigt war, auf dem Gel\u00e4nde arch\u00e4ologische Ausgrabungen durchzuf\u00fchren. Im Zuge dieser Arbeiten wurden Reste von pr\u00e4historischen, r\u00f6mischen und maurischen Bauwerken zu Tage gef\u00f6rdert.<\/p>\t\t\t\t\t\t\t\t<\/div>\n\t\t\t\t<\/div>\n\t\t\t\t\t<\/div>\n\t\t\t\t<\/div>\n\t\t\t\t<\/div>","protected":false},"excerpt":{"rendered":"<p>Das historische Kloster Bellpuig liegt idyllisch eingebettet auf einem mit Steineichen bewaldetem H\u00fcgel und befindet sich bei Art\u00e0, ganz in der N\u00e4he des Cami Vell de Ciutat. Die Geschichte der Anlage geht bis in das Jahr 1230 zur\u00fcck. Damals, nachdem Jaume I. in den Bergen Art\u00e1s die letzte maurische Bastion niedergeschlagen hatte und seinen Eroberungssieg feierte, wurde das Land christianisiert. Kirchen und Kl\u00f6ster wurden errichtet und der K\u00f6nig \u00fcberlie\u00df das Kloster zusammen mit acht weiteren Landg\u00fctern den Ordensm\u00f6nchen der Abtei von Bellpuig de les Avellanes aus Katalonien. Die Klostergr\u00fcndung brachte auch eine Neubesiedelung mit sich. Neue Bauten wurden errichtet, in denen auch das Material von r\u00f6mischen und maurischen Geb\u00e4uden mit einbezogen wurde. Im Jahre 1244 gr\u00fcndeten acht M\u00f6nche die erste Christengemeinde in Art\u00e0. Die von ihnen errichtete Kirche, das Gemeindehaus sowie die anderen angrenzenden Geb\u00e4ude der Klosteranlage Bellpuig wurden im Laufe der kommenden Jahrhunderte unterschiedlich genutzt. Im Jahre 1425 verlie\u00dfen die M\u00f6nche das Kloster Bellpuig. Neuer Eigent\u00fcmer war die Familie Vivot und sp\u00e4ter die Familie Damento, die im Jahre 1637 den Titel Markgrafen von Bellpuig erhielt. Sp\u00e4ter \u00fcbernahmen deren Nachfolger das Kloster. Die letzten Mitglieder dieser Familie, mit dem Namen Truyols, leben heute in einem Stadtpalast von Art\u00e0. Die Klosteranlage Bellpuig ordnet sich um einen viereckigen Patio an. Wie bei einem Kreuzgang befanden sich die Klostergeb\u00e4ude, die Kirche sowie die Vorratsr\u00e4ume an den Seitenfl\u00fcgeln. Von allen Geb\u00e4uden ist heute lediglich die Kirche noch architektonisch relativ gut erhalten. Alle weiteren Bauwerke sind verfallen. Bei dem Gotteshaus handelt es sich um eine einschiffige Kirche im gotischen Stil mit einem Satteldach. Im Inneren ist das Bauwerk sehr karg und schlicht ausgeschm\u00fcckt. Das Hauptportal zeigt geometrische Symbole und auch das kleine Fenster der Apsis sowie die Kapitelle der Pilaster sind mit geometrischen Motiven verziert. Urspr\u00fcnglich beherbergte die Klosterkirche eine Marienskluptur, diese wurde aber im Jahre 1425, als die M\u00f6nche das Kloster verlie\u00dfen, nach Art\u00e0 gebracht. Nach dem \u00dcbergang in Privatbesitz wurde aus der Klosteranlage ein Bauernanwesen, welches entsprechend den neuen Nutzungsanforderungen umgebaut wurde. Seit dem Jahre 1999 geh\u00f6rt das Kloster Bellpuig dem Inselrat von Mallorca, der in den letzten Jahren damit besch\u00e4ftigt war, auf dem Gel\u00e4nde arch\u00e4ologische Ausgrabungen durchzuf\u00fchren. Im Zuge dieser Arbeiten wurden Reste von pr\u00e4historischen, r\u00f6mischen und maurischen Bauwerken zu Tage gef\u00f6rdert.<\/p>","protected":false},"author":5,"featured_media":134101,"comment_status":"closed","ping_status":"open","sticky":false,"template":"","format":"standard","meta":{"_acf_changed":false,"footnotes":""},"categories":[214,219,216],"tags":[],"class_list":["post-64774","post","type-post","status-publish","format-standard","has-post-thumbnail","hentry","category-inselleben","category-kultur","category-land-leute"],"acf":[],"yoast_head":"<!-- This site is optimized with the Yoast SEO Premium plugin v24.4 (Yoast SEO v26.8) - https:\/\/yoast.com\/product\/yoast-seo-premium-wordpress\/ -->\n<title>Versteckte Orte - Santa Maria de Bellpuig - Lucie Hauri | Exclusive Real Estate<\/title>\n<meta name=\"robots\" content=\"index, follow, max-snippet:-1, max-image-preview:large, max-video-preview:-1\" \/>\n<link rel=\"canonical\" href=\"https:\/\/www.lucie-hauri.com\/en\/versteckte-orte-santa-maria-de-bellpuig\/\" \/>\n<meta property=\"og:locale\" content=\"en_US\" \/>\n<meta property=\"og:type\" content=\"article\" \/>\n<meta property=\"og:title\" content=\"Versteckte Orte - Santa Maria de Bellpuig - Lucie Hauri | Exclusive Real Estate\" \/>\n<meta property=\"og:description\" content=\"Das historische Kloster Bellpuig liegt idyllisch eingebettet auf einem mit Steineichen bewaldetem H\u00fcgel und befindet sich bei Art\u00e0, ganz in der N\u00e4he des Cami Vell de Ciutat. Die Geschichte der Anlage geht bis in das Jahr 1230 zur\u00fcck. Damals, nachdem Jaume I. in den Bergen Art\u00e1s die letzte maurische Bastion niedergeschlagen hatte und seinen Eroberungssieg feierte, wurde das Land christianisiert. Kirchen und Kl\u00f6ster wurden errichtet und der K\u00f6nig \u00fcberlie\u00df das Kloster zusammen mit acht weiteren Landg\u00fctern den Ordensm\u00f6nchen der Abtei von Bellpuig de les Avellanes aus Katalonien. Die Klostergr\u00fcndung brachte auch eine Neubesiedelung mit sich. Neue Bauten wurden errichtet, in denen auch das Material von r\u00f6mischen und maurischen Geb\u00e4uden mit einbezogen wurde. Im Jahre 1244 gr\u00fcndeten acht M\u00f6nche die erste Christengemeinde in Art\u00e0. Die von ihnen errichtete Kirche, das Gemeindehaus sowie die anderen angrenzenden Geb\u00e4ude der Klosteranlage Bellpuig wurden im Laufe der kommenden Jahrhunderte unterschiedlich genutzt. Im Jahre 1425 verlie\u00dfen die M\u00f6nche das Kloster Bellpuig. Neuer Eigent\u00fcmer war die Familie Vivot und sp\u00e4ter die Familie Damento, die im Jahre 1637 den Titel Markgrafen von Bellpuig erhielt. Sp\u00e4ter \u00fcbernahmen deren Nachfolger das Kloster. Die letzten Mitglieder dieser Familie, mit dem Namen Truyols, leben heute in einem Stadtpalast von Art\u00e0. Die Klosteranlage Bellpuig ordnet sich um einen viereckigen Patio an. Wie bei einem Kreuzgang befanden sich die Klostergeb\u00e4ude, die Kirche sowie die Vorratsr\u00e4ume an den Seitenfl\u00fcgeln. Von allen Geb\u00e4uden ist heute lediglich die Kirche noch architektonisch relativ gut erhalten. Alle weiteren Bauwerke sind verfallen. Bei dem Gotteshaus handelt es sich um eine einschiffige Kirche im gotischen Stil mit einem Satteldach. Im Inneren ist das Bauwerk sehr karg und schlicht ausgeschm\u00fcckt. Das Hauptportal zeigt geometrische Symbole und auch das kleine Fenster der Apsis sowie die Kapitelle der Pilaster sind mit geometrischen Motiven verziert. Urspr\u00fcnglich beherbergte die Klosterkirche eine Marienskluptur, diese wurde aber im Jahre 1425, als die M\u00f6nche das Kloster verlie\u00dfen, nach Art\u00e0 gebracht. Nach dem \u00dcbergang in Privatbesitz wurde aus der Klosteranlage ein Bauernanwesen, welches entsprechend den neuen Nutzungsanforderungen umgebaut wurde. Seit dem Jahre 1999 geh\u00f6rt das Kloster Bellpuig dem Inselrat von Mallorca, der in den letzten Jahren damit besch\u00e4ftigt war, auf dem Gel\u00e4nde arch\u00e4ologische Ausgrabungen durchzuf\u00fchren. Im Zuge dieser Arbeiten wurden Reste von pr\u00e4historischen, r\u00f6mischen und maurischen Bauwerken zu Tage gef\u00f6rdert.\" \/>\n<meta property=\"og:url\" content=\"https:\/\/www.lucie-hauri.com\/en\/versteckte-orte-santa-maria-de-bellpuig\/\" \/>\n<meta property=\"og:site_name\" content=\"Lucie Hauri | Exclusive Real Estate\" \/>\n<meta property=\"article:published_time\" content=\"2017-03-01T08:56:14+00:00\" \/>\n<meta property=\"article:modified_time\" content=\"2025-01-06T13:55:42+00:00\" \/>\n<meta property=\"og:image\" content=\"https:\/\/www.lucie-hauri.com\/wp-content\/uploads\/2017\/03\/Bellpuig-in-Arta-620x261-1.jpg\" \/>\n\t<meta property=\"og:image:width\" content=\"620\" \/>\n\t<meta property=\"og:image:height\" content=\"261\" \/>\n\t<meta property=\"og:image:type\" content=\"image\/jpeg\" \/>\n<meta name=\"author\" content=\"Lucie Haurie\" \/>\n<meta name=\"twitter:card\" content=\"summary_large_image\" \/>\n<meta name=\"twitter:label1\" content=\"Written by\" \/>\n\t<meta name=\"twitter:data1\" content=\"Lucie Haurie\" \/>\n\t<meta name=\"twitter:label2\" content=\"Est. reading time\" \/>\n\t<meta name=\"twitter:data2\" content=\"3 minutes\" \/>\n<script type=\"application\/ld+json\" class=\"yoast-schema-graph\">{\"@context\":\"https:\/\/schema.org\",\"@graph\":[{\"@type\":\"Article\",\"@id\":\"https:\/\/www.lucie-hauri.com\/de\/versteckte-orte-santa-maria-de-bellpuig\/#article\",\"isPartOf\":{\"@id\":\"https:\/\/www.lucie-hauri.com\/de\/versteckte-orte-santa-maria-de-bellpuig\/\"},\"author\":{\"name\":\"Lucie Haurie\",\"@id\":\"https:\/\/www.lucie-hauri.com\/en\/#\/schema\/person\/2da0f594e9d27f36e29477b9f86d1f1d\"},\"headline\":\"Versteckte Orte &#8211; Santa Maria de Bellpuig\",\"datePublished\":\"2017-03-01T08:56:14+00:00\",\"dateModified\":\"2025-01-06T13:55:42+00:00\",\"mainEntityOfPage\":{\"@id\":\"https:\/\/www.lucie-hauri.com\/de\/versteckte-orte-santa-maria-de-bellpuig\/\"},\"wordCount\":406,\"image\":{\"@id\":\"https:\/\/www.lucie-hauri.com\/de\/versteckte-orte-santa-maria-de-bellpuig\/#primaryimage\"},\"thumbnailUrl\":\"https:\/\/www.lucie-hauri.com\/wp-content\/uploads\/2017\/03\/Bellpuig-in-Arta-620x261-1.jpg\",\"articleSection\":[\"Inselleben\",\"Kultur\",\"Land &amp; Leute\"],\"inLanguage\":\"en-US\"},{\"@type\":\"WebPage\",\"@id\":\"https:\/\/www.lucie-hauri.com\/de\/versteckte-orte-santa-maria-de-bellpuig\/\",\"url\":\"https:\/\/www.lucie-hauri.com\/de\/versteckte-orte-santa-maria-de-bellpuig\/\",\"name\":\"Versteckte Orte - Santa Maria de Bellpuig - Lucie Hauri | Exclusive Real Estate\",\"isPartOf\":{\"@id\":\"https:\/\/www.lucie-hauri.com\/en\/#website\"},\"primaryImageOfPage\":{\"@id\":\"https:\/\/www.lucie-hauri.com\/de\/versteckte-orte-santa-maria-de-bellpuig\/#primaryimage\"},\"image\":{\"@id\":\"https:\/\/www.lucie-hauri.com\/de\/versteckte-orte-santa-maria-de-bellpuig\/#primaryimage\"},\"thumbnailUrl\":\"https:\/\/www.lucie-hauri.com\/wp-content\/uploads\/2017\/03\/Bellpuig-in-Arta-620x261-1.jpg\",\"datePublished\":\"2017-03-01T08:56:14+00:00\",\"dateModified\":\"2025-01-06T13:55:42+00:00\",\"author\":{\"@id\":\"https:\/\/www.lucie-hauri.com\/en\/#\/schema\/person\/2da0f594e9d27f36e29477b9f86d1f1d\"},\"inLanguage\":\"en-US\",\"potentialAction\":[{\"@type\":\"ReadAction\",\"target\":[\"https:\/\/www.lucie-hauri.com\/de\/versteckte-orte-santa-maria-de-bellpuig\/\"]}]},{\"@type\":\"ImageObject\",\"inLanguage\":\"en-US\",\"@id\":\"https:\/\/www.lucie-hauri.com\/de\/versteckte-orte-santa-maria-de-bellpuig\/#primaryimage\",\"url\":\"https:\/\/www.lucie-hauri.com\/wp-content\/uploads\/2017\/03\/Bellpuig-in-Arta-620x261-1.jpg\",\"contentUrl\":\"https:\/\/www.lucie-hauri.com\/wp-content\/uploads\/2017\/03\/Bellpuig-in-Arta-620x261-1.jpg\",\"width\":620,\"height\":261},{\"@type\":\"WebSite\",\"@id\":\"https:\/\/www.lucie-hauri.com\/en\/#website\",\"url\":\"https:\/\/www.lucie-hauri.com\/en\/\",\"name\":\"Lucie Hauri | Exclusive Real Estate\",\"description\":\"\",\"potentialAction\":[{\"@type\":\"SearchAction\",\"target\":{\"@type\":\"EntryPoint\",\"urlTemplate\":\"https:\/\/www.lucie-hauri.com\/en\/?s={search_term_string}\"},\"query-input\":{\"@type\":\"PropertyValueSpecification\",\"valueRequired\":true,\"valueName\":\"search_term_string\"}}],\"inLanguage\":\"en-US\"},{\"@type\":\"Person\",\"@id\":\"https:\/\/www.lucie-hauri.com\/en\/#\/schema\/person\/2da0f594e9d27f36e29477b9f86d1f1d\",\"name\":\"Lucie Haurie\",\"image\":{\"@type\":\"ImageObject\",\"inLanguage\":\"en-US\",\"@id\":\"https:\/\/www.lucie-hauri.com\/en\/#\/schema\/person\/image\/\",\"url\":\"https:\/\/secure.gravatar.com\/avatar\/5547acc5a9ccb58175658f3a6b0b1f239807fa157dfa222ae1731d25a7f34aed?s=96&d=mm&r=g\",\"contentUrl\":\"https:\/\/secure.gravatar.com\/avatar\/5547acc5a9ccb58175658f3a6b0b1f239807fa157dfa222ae1731d25a7f34aed?s=96&d=mm&r=g\",\"caption\":\"Lucie Haurie\"},\"url\":\"https:\/\/www.lucie-hauri.com\/en\/author\/m-wichmann\/\"}]}<\/script>\n<!-- \/ Yoast SEO Premium plugin. -->","yoast_head_json":{"title":"Versteckte Orte - Santa Maria de Bellpuig - Lucie Hauri | Exclusive Real Estate","robots":{"index":"index","follow":"follow","max-snippet":"max-snippet:-1","max-image-preview":"max-image-preview:large","max-video-preview":"max-video-preview:-1"},"canonical":"https:\/\/www.lucie-hauri.com\/en\/versteckte-orte-santa-maria-de-bellpuig\/","og_locale":"en_US","og_type":"article","og_title":"Versteckte Orte - Santa Maria de Bellpuig - Lucie Hauri | Exclusive Real Estate","og_description":"Das historische Kloster Bellpuig liegt idyllisch eingebettet auf einem mit Steineichen bewaldetem H\u00fcgel und befindet sich bei Art\u00e0, ganz in der N\u00e4he des Cami Vell de Ciutat. Die Geschichte der Anlage geht bis in das Jahr 1230 zur\u00fcck. Damals, nachdem Jaume I. in den Bergen Art\u00e1s die letzte maurische Bastion niedergeschlagen hatte und seinen Eroberungssieg feierte, wurde das Land christianisiert. Kirchen und Kl\u00f6ster wurden errichtet und der K\u00f6nig \u00fcberlie\u00df das Kloster zusammen mit acht weiteren Landg\u00fctern den Ordensm\u00f6nchen der Abtei von Bellpuig de les Avellanes aus Katalonien. Die Klostergr\u00fcndung brachte auch eine Neubesiedelung mit sich. Neue Bauten wurden errichtet, in denen auch das Material von r\u00f6mischen und maurischen Geb\u00e4uden mit einbezogen wurde. Im Jahre 1244 gr\u00fcndeten acht M\u00f6nche die erste Christengemeinde in Art\u00e0. Die von ihnen errichtete Kirche, das Gemeindehaus sowie die anderen angrenzenden Geb\u00e4ude der Klosteranlage Bellpuig wurden im Laufe der kommenden Jahrhunderte unterschiedlich genutzt. Im Jahre 1425 verlie\u00dfen die M\u00f6nche das Kloster Bellpuig. Neuer Eigent\u00fcmer war die Familie Vivot und sp\u00e4ter die Familie Damento, die im Jahre 1637 den Titel Markgrafen von Bellpuig erhielt. Sp\u00e4ter \u00fcbernahmen deren Nachfolger das Kloster. Die letzten Mitglieder dieser Familie, mit dem Namen Truyols, leben heute in einem Stadtpalast von Art\u00e0. Die Klosteranlage Bellpuig ordnet sich um einen viereckigen Patio an. Wie bei einem Kreuzgang befanden sich die Klostergeb\u00e4ude, die Kirche sowie die Vorratsr\u00e4ume an den Seitenfl\u00fcgeln. Von allen Geb\u00e4uden ist heute lediglich die Kirche noch architektonisch relativ gut erhalten. Alle weiteren Bauwerke sind verfallen. Bei dem Gotteshaus handelt es sich um eine einschiffige Kirche im gotischen Stil mit einem Satteldach. Im Inneren ist das Bauwerk sehr karg und schlicht ausgeschm\u00fcckt. Das Hauptportal zeigt geometrische Symbole und auch das kleine Fenster der Apsis sowie die Kapitelle der Pilaster sind mit geometrischen Motiven verziert. Urspr\u00fcnglich beherbergte die Klosterkirche eine Marienskluptur, diese wurde aber im Jahre 1425, als die M\u00f6nche das Kloster verlie\u00dfen, nach Art\u00e0 gebracht. Nach dem \u00dcbergang in Privatbesitz wurde aus der Klosteranlage ein Bauernanwesen, welches entsprechend den neuen Nutzungsanforderungen umgebaut wurde. Seit dem Jahre 1999 geh\u00f6rt das Kloster Bellpuig dem Inselrat von Mallorca, der in den letzten Jahren damit besch\u00e4ftigt war, auf dem Gel\u00e4nde arch\u00e4ologische Ausgrabungen durchzuf\u00fchren. Im Zuge dieser Arbeiten wurden Reste von pr\u00e4historischen, r\u00f6mischen und maurischen Bauwerken zu Tage gef\u00f6rdert.","og_url":"https:\/\/www.lucie-hauri.com\/en\/versteckte-orte-santa-maria-de-bellpuig\/","og_site_name":"Lucie Hauri | Exclusive Real Estate","article_published_time":"2017-03-01T08:56:14+00:00","article_modified_time":"2025-01-06T13:55:42+00:00","og_image":[{"width":620,"height":261,"url":"https:\/\/www.lucie-hauri.com\/wp-content\/uploads\/2017\/03\/Bellpuig-in-Arta-620x261-1.jpg","type":"image\/jpeg"}],"author":"Lucie Haurie","twitter_card":"summary_large_image","twitter_misc":{"Written by":"Lucie Haurie","Est. reading time":"3 minutes"},"schema":{"@context":"https:\/\/schema.org","@graph":[{"@type":"Article","@id":"https:\/\/www.lucie-hauri.com\/de\/versteckte-orte-santa-maria-de-bellpuig\/#article","isPartOf":{"@id":"https:\/\/www.lucie-hauri.com\/de\/versteckte-orte-santa-maria-de-bellpuig\/"},"author":{"name":"Lucie Haurie","@id":"https:\/\/www.lucie-hauri.com\/en\/#\/schema\/person\/2da0f594e9d27f36e29477b9f86d1f1d"},"headline":"Versteckte Orte &#8211; Santa Maria de Bellpuig","datePublished":"2017-03-01T08:56:14+00:00","dateModified":"2025-01-06T13:55:42+00:00","mainEntityOfPage":{"@id":"https:\/\/www.lucie-hauri.com\/de\/versteckte-orte-santa-maria-de-bellpuig\/"},"wordCount":406,"image":{"@id":"https:\/\/www.lucie-hauri.com\/de\/versteckte-orte-santa-maria-de-bellpuig\/#primaryimage"},"thumbnailUrl":"https:\/\/www.lucie-hauri.com\/wp-content\/uploads\/2017\/03\/Bellpuig-in-Arta-620x261-1.jpg","articleSection":["Inselleben","Kultur","Land &amp; Leute"],"inLanguage":"en-US"},{"@type":"WebPage","@id":"https:\/\/www.lucie-hauri.com\/de\/versteckte-orte-santa-maria-de-bellpuig\/","url":"https:\/\/www.lucie-hauri.com\/de\/versteckte-orte-santa-maria-de-bellpuig\/","name":"Versteckte Orte - Santa Maria de Bellpuig - Lucie Hauri | Exclusive Real Estate","isPartOf":{"@id":"https:\/\/www.lucie-hauri.com\/en\/#website"},"primaryImageOfPage":{"@id":"https:\/\/www.lucie-hauri.com\/de\/versteckte-orte-santa-maria-de-bellpuig\/#primaryimage"},"image":{"@id":"https:\/\/www.lucie-hauri.com\/de\/versteckte-orte-santa-maria-de-bellpuig\/#primaryimage"},"thumbnailUrl":"https:\/\/www.lucie-hauri.com\/wp-content\/uploads\/2017\/03\/Bellpuig-in-Arta-620x261-1.jpg","datePublished":"2017-03-01T08:56:14+00:00","dateModified":"2025-01-06T13:55:42+00:00","author":{"@id":"https:\/\/www.lucie-hauri.com\/en\/#\/schema\/person\/2da0f594e9d27f36e29477b9f86d1f1d"},"inLanguage":"en-US","potentialAction":[{"@type":"ReadAction","target":["https:\/\/www.lucie-hauri.com\/de\/versteckte-orte-santa-maria-de-bellpuig\/"]}]},{"@type":"ImageObject","inLanguage":"en-US","@id":"https:\/\/www.lucie-hauri.com\/de\/versteckte-orte-santa-maria-de-bellpuig\/#primaryimage","url":"https:\/\/www.lucie-hauri.com\/wp-content\/uploads\/2017\/03\/Bellpuig-in-Arta-620x261-1.jpg","contentUrl":"https:\/\/www.lucie-hauri.com\/wp-content\/uploads\/2017\/03\/Bellpuig-in-Arta-620x261-1.jpg","width":620,"height":261},{"@type":"WebSite","@id":"https:\/\/www.lucie-hauri.com\/en\/#website","url":"https:\/\/www.lucie-hauri.com\/en\/","name":"Lucie Hauri | Exclusive real estate","description":"","potentialAction":[{"@type":"SearchAction","target":{"@type":"EntryPoint","urlTemplate":"https:\/\/www.lucie-hauri.com\/en\/?s={search_term_string}"},"query-input":{"@type":"PropertyValueSpecification","valueRequired":true,"valueName":"search_term_string"}}],"inLanguage":"en-US"},{"@type":"Person","@id":"https:\/\/www.lucie-hauri.com\/en\/#\/schema\/person\/2da0f594e9d27f36e29477b9f86d1f1d","name":"Lucie Haurie","image":{"@type":"ImageObject","inLanguage":"en-US","@id":"https:\/\/www.lucie-hauri.com\/en\/#\/schema\/person\/image\/","url":"https:\/\/secure.gravatar.com\/avatar\/5547acc5a9ccb58175658f3a6b0b1f239807fa157dfa222ae1731d25a7f34aed?s=96&d=mm&r=g","contentUrl":"https:\/\/secure.gravatar.com\/avatar\/5547acc5a9ccb58175658f3a6b0b1f239807fa157dfa222ae1731d25a7f34aed?s=96&d=mm&r=g","caption":"Lucie Haurie"},"url":"https:\/\/www.lucie-hauri.com\/en\/author\/m-wichmann\/"}]}},"_links":{"self":[{"href":"https:\/\/www.lucie-hauri.com\/en\/wp-json\/wp\/v2\/posts\/64774","targetHints":{"allow":["GET"]}}],"collection":[{"href":"https:\/\/www.lucie-hauri.com\/en\/wp-json\/wp\/v2\/posts"}],"about":[{"href":"https:\/\/www.lucie-hauri.com\/en\/wp-json\/wp\/v2\/types\/post"}],"author":[{"embeddable":true,"href":"https:\/\/www.lucie-hauri.com\/en\/wp-json\/wp\/v2\/users\/5"}],"replies":[{"embeddable":true,"href":"https:\/\/www.lucie-hauri.com\/en\/wp-json\/wp\/v2\/comments?post=64774"}],"version-history":[{"count":0,"href":"https:\/\/www.lucie-hauri.com\/en\/wp-json\/wp\/v2\/posts\/64774\/revisions"}],"wp:featuredmedia":[{"embeddable":true,"href":"https:\/\/www.lucie-hauri.com\/en\/wp-json\/wp\/v2\/media\/134101"}],"wp:attachment":[{"href":"https:\/\/www.lucie-hauri.com\/en\/wp-json\/wp\/v2\/media?parent=64774"}],"wp:term":[{"taxonomy":"category","embeddable":true,"href":"https:\/\/www.lucie-hauri.com\/en\/wp-json\/wp\/v2\/categories?post=64774"},{"taxonomy":"post_tag","embeddable":true,"href":"https:\/\/www.lucie-hauri.com\/en\/wp-json\/wp\/v2\/tags?post=64774"}],"curies":[{"name":"wp","href":"https:\/\/api.w.org\/{rel}","templated":true}]}}