{"id":64757,"date":"2017-03-22T10:17:25","date_gmt":"2017-03-22T09:17:25","guid":{"rendered":"https:\/\/lucie-hauri.hostpress.me\/wandern-durch-die-serra-de-llevant-bei-arta\/"},"modified":"2025-01-06T14:55:37","modified_gmt":"2025-01-06T13:55:37","slug":"wandern-durch-die-serra-de-llevant-bei-arta","status":"publish","type":"post","link":"https:\/\/www.lucie-hauri.com\/en\/wandern-durch-die-serra-de-llevant-bei-arta\/","title":{"rendered":"Wandern durch die Serra de Llevant bei Art\u00e0"},"content":{"rendered":"<div data-elementor-type=\"wp-post\" data-elementor-id=\"64757\" class=\"elementor elementor-64757\" data-elementor-post-type=\"post\">\n\t\t\t\t<div class=\"elementor-element elementor-element-77220603 e-flex e-con-boxed e-con e-parent\" data-id=\"77220603\" data-element_type=\"container\">\n\t\t\t\t\t<div class=\"e-con-inner\">\n\t\t\t\t<div class=\"elementor-element elementor-element-72f8a841 elementor-widget elementor-widget-text-editor\" data-id=\"72f8a841\" data-element_type=\"widget\" data-widget_type=\"text-editor.default\">\n\t\t\t\t<div class=\"elementor-widget-container\">\n\t\t\t\t\t\t\t\t\t<p>Ein wahres Paradies f\u00fcr Naturliebhaber und Wanderfreunde ist der &#8222;Parc natural de la Pen\u00ednsula de Llevant&#8220; im Nordosten Mallorcas. Das im Jahre 2001 zum Naturgebiet erkl\u00e4rte Reservat zeichnet sich durch seine au\u00dfergew\u00f6hnliche Tier- und Pflanzenwelt aus. In der N\u00e4he des St\u00e4dtchens Art\u00e0, auf der Halbinsel des Llevant gibt es auf einem Areal von rund 17 Quadratkilometern eine ganz besondere Artenvielfalt zu entdecken.<\/p><p>Insgesamt 13 Wanderwege unterschiedlicher Streckenl\u00e4ngen und Schwierigkeitsgrade durchziehen das Naturschutzgebiet. Am Eingang des Nationalparks gibt eine \u00fcbersichtliche Infotafel einen \u00dcberblick \u00fcber alle Routen. So hat man die Wahl zwischen Kurztouren f\u00fcr Gelegenheitswanderer von 550 Metern oder Tagestouren von einer L\u00e4nge bis 19 Kilometern. F\u00fcr Wanderprofis k\u00f6nnen im Sa Talaia Freda bis zu 565 H\u00f6henmeter erklommen werden.<\/p><p>Alle Wanderrouten sind sehr gut ausgeschildert und f\u00fchren teils durch gebirgiges Gel\u00e4nde, niedriges Buschland mit Zwergpalmen und auch \u00fcber den beschaulichen kleinen Strand von S&#8217;Arenalet des Verger. Sehr beliebt ist beispielsweise die Wanderroute entlang der K\u00fcste von der Bucht Cala Estreta Richtung Westen bis zum bekannten Roten Felsen. Vom Penya Roja f\u00fchrt ein kleiner Pfad zu den beiden Aussichtspunkten Talaia de Moreia und Sa Tudosa. Hier auf einer H\u00f6he von rund 400 Metern hat man eine atemberaubende Aussicht \u00fcber das glitzernde Mittelmeer, das Cap der Ferrutx und die Halbinsel de Llevant.<\/p><p>Die Pflanzenwelt des &#8222;Parc natural de la Pen\u00ednsula de Llevant&#8220; wird gepr\u00e4gt von weitem Buschland mit bis zu drei Meter hohen Gr\u00e4sern. Au\u00dferdem wachsen hier duftende Oliven- und Mandelb\u00e4ume sowie Alleppo-Kiefern und das seltene Balearische Johanniskraut, das nur auf Mallorca w\u00e4chst.<\/p><p>Das Besondere an diesem Nationalpark sind allerdings die vielen einheimischen Kleintiere, die man hier in freier Wildbahn beobachten kann. Dazu geh\u00f6ren unter anderem die Balearische Wechselkr\u00f6te, die Schnikelschnecke oder der H\u00f6hlen-Pseudoskorpion. Manchmal trifft man in den Uferzonen des Nationalparks auch auf die seltenen Mittelmeerschildkr\u00f6ten, die sich in diesem Gebiet ausruhen. In der Stille dieser herrlichen Naturkulisse l\u00e4sst es sich auch wunderbar Rast machen und die Seele baumeln lassen.<\/p><p>Auch f\u00fcr Vogelbeobachtungen ist dieses Gebiet bestens geeignet. So trifft man bei Wanderungen auf zahlreiche Greifv\u00f6gel, wie den Fischadler, den Zwergadler oder verschiedene Falkenarten die hier beschaulich ihre Kreise ziehen. Weiterhin erlebt man Korallenm\u00f6ven, Kormorane oder Kr\u00e4henscharben in ihrem nat\u00fcrlichem Lebensraum. Und auch die balearische Grasm\u00fccke ist hier zu finden.<\/p>\t\t\t\t\t\t\t\t<\/div>\n\t\t\t\t<\/div>\n\t\t\t\t\t<\/div>\n\t\t\t\t<\/div>\n\t\t\t\t<\/div>","protected":false},"excerpt":{"rendered":"<p>Ein wahres Paradies f\u00fcr Naturliebhaber und Wanderfreunde ist der &#8222;Parc natural de la Pen\u00ednsula de Llevant&#8220; im Nordosten Mallorcas. Das im Jahre 2001 zum Naturgebiet erkl\u00e4rte Reservat zeichnet sich durch seine au\u00dfergew\u00f6hnliche Tier- und Pflanzenwelt aus. In der N\u00e4he des St\u00e4dtchens Art\u00e0, auf der Halbinsel des Llevant gibt es auf einem Areal von rund 17 Quadratkilometern eine ganz besondere Artenvielfalt zu entdecken. Insgesamt 13 Wanderwege unterschiedlicher Streckenl\u00e4ngen und Schwierigkeitsgrade durchziehen das Naturschutzgebiet. Am Eingang des Nationalparks gibt eine \u00fcbersichtliche Infotafel einen \u00dcberblick \u00fcber alle Routen. So hat man die Wahl zwischen Kurztouren f\u00fcr Gelegenheitswanderer von 550 Metern oder Tagestouren von einer L\u00e4nge bis 19 Kilometern. F\u00fcr Wanderprofis k\u00f6nnen im Sa Talaia Freda bis zu 565 H\u00f6henmeter erklommen werden. Alle Wanderrouten sind sehr gut ausgeschildert und f\u00fchren teils durch gebirgiges Gel\u00e4nde, niedriges Buschland mit Zwergpalmen und auch \u00fcber den beschaulichen kleinen Strand von S&#8217;Arenalet des Verger. Sehr beliebt ist beispielsweise die Wanderroute entlang der K\u00fcste von der Bucht Cala Estreta Richtung Westen bis zum bekannten Roten Felsen. Vom Penya Roja f\u00fchrt ein kleiner Pfad zu den beiden Aussichtspunkten Talaia de Moreia und Sa Tudosa. Hier auf einer H\u00f6he von rund 400 Metern hat man eine atemberaubende Aussicht \u00fcber das glitzernde Mittelmeer, das Cap der Ferrutx und die Halbinsel de Llevant. Die Pflanzenwelt des &#8222;Parc natural de la Pen\u00ednsula de Llevant&#8220; wird gepr\u00e4gt von weitem Buschland mit bis zu drei Meter hohen Gr\u00e4sern. Au\u00dferdem wachsen hier duftende Oliven- und Mandelb\u00e4ume sowie Alleppo-Kiefern und das seltene Balearische Johanniskraut, das nur auf Mallorca w\u00e4chst. Das Besondere an diesem Nationalpark sind allerdings die vielen einheimischen Kleintiere, die man hier in freier Wildbahn beobachten kann. Dazu geh\u00f6ren unter anderem die Balearische Wechselkr\u00f6te, die Schnikelschnecke oder der H\u00f6hlen-Pseudoskorpion. Manchmal trifft man in den Uferzonen des Nationalparks auch auf die seltenen Mittelmeerschildkr\u00f6ten, die sich in diesem Gebiet ausruhen. In der Stille dieser herrlichen Naturkulisse l\u00e4sst es sich auch wunderbar Rast machen und die Seele baumeln lassen. Auch f\u00fcr Vogelbeobachtungen ist dieses Gebiet bestens geeignet. So trifft man bei Wanderungen auf zahlreiche Greifv\u00f6gel, wie den Fischadler, den Zwergadler oder verschiedene Falkenarten die hier beschaulich ihre Kreise ziehen. Weiterhin erlebt man Korallenm\u00f6ven, Kormorane oder Kr\u00e4henscharben in ihrem nat\u00fcrlichem Lebensraum. Und auch die balearische Grasm\u00fccke ist hier zu finden.<\/p>","protected":false},"author":5,"featured_media":134077,"comment_status":"closed","ping_status":"open","sticky":false,"template":"","format":"standard","meta":{"_acf_changed":false,"footnotes":""},"categories":[218,214,216],"tags":[],"class_list":["post-64757","post","type-post","status-publish","format-standard","has-post-thumbnail","hentry","category-freizeit","category-inselleben","category-land-leute"],"acf":[],"yoast_head":"<!-- This site is optimized with the Yoast SEO Premium plugin v24.4 (Yoast SEO v26.8) - https:\/\/yoast.com\/product\/yoast-seo-premium-wordpress\/ -->\n<title>Wandern durch die Serra de Llevant bei Art\u00e0 - Lucie Hauri | Exclusive Real Estate<\/title>\n<meta name=\"robots\" content=\"index, follow, max-snippet:-1, max-image-preview:large, max-video-preview:-1\" \/>\n<link rel=\"canonical\" href=\"https:\/\/www.lucie-hauri.com\/en\/wandern-durch-die-serra-de-llevant-bei-arta\/\" \/>\n<meta property=\"og:locale\" content=\"en_US\" \/>\n<meta property=\"og:type\" content=\"article\" \/>\n<meta property=\"og:title\" content=\"Wandern durch die Serra de Llevant bei Art\u00e0 - Lucie Hauri | Exclusive Real Estate\" \/>\n<meta property=\"og:description\" content=\"Ein wahres Paradies f\u00fcr Naturliebhaber und Wanderfreunde ist der &#8222;Parc natural de la Pen\u00ednsula de Llevant&#8220; im Nordosten Mallorcas. Das im Jahre 2001 zum Naturgebiet erkl\u00e4rte Reservat zeichnet sich durch seine au\u00dfergew\u00f6hnliche Tier- und Pflanzenwelt aus. In der N\u00e4he des St\u00e4dtchens Art\u00e0, auf der Halbinsel des Llevant gibt es auf einem Areal von rund 17 Quadratkilometern eine ganz besondere Artenvielfalt zu entdecken. Insgesamt 13 Wanderwege unterschiedlicher Streckenl\u00e4ngen und Schwierigkeitsgrade durchziehen das Naturschutzgebiet. Am Eingang des Nationalparks gibt eine \u00fcbersichtliche Infotafel einen \u00dcberblick \u00fcber alle Routen. So hat man die Wahl zwischen Kurztouren f\u00fcr Gelegenheitswanderer von 550 Metern oder Tagestouren von einer L\u00e4nge bis 19 Kilometern. F\u00fcr Wanderprofis k\u00f6nnen im Sa Talaia Freda bis zu 565 H\u00f6henmeter erklommen werden. Alle Wanderrouten sind sehr gut ausgeschildert und f\u00fchren teils durch gebirgiges Gel\u00e4nde, niedriges Buschland mit Zwergpalmen und auch \u00fcber den beschaulichen kleinen Strand von S&#8217;Arenalet des Verger. Sehr beliebt ist beispielsweise die Wanderroute entlang der K\u00fcste von der Bucht Cala Estreta Richtung Westen bis zum bekannten Roten Felsen. Vom Penya Roja f\u00fchrt ein kleiner Pfad zu den beiden Aussichtspunkten Talaia de Moreia und Sa Tudosa. Hier auf einer H\u00f6he von rund 400 Metern hat man eine atemberaubende Aussicht \u00fcber das glitzernde Mittelmeer, das Cap der Ferrutx und die Halbinsel de Llevant. Die Pflanzenwelt des &#8222;Parc natural de la Pen\u00ednsula de Llevant&#8220; wird gepr\u00e4gt von weitem Buschland mit bis zu drei Meter hohen Gr\u00e4sern. Au\u00dferdem wachsen hier duftende Oliven- und Mandelb\u00e4ume sowie Alleppo-Kiefern und das seltene Balearische Johanniskraut, das nur auf Mallorca w\u00e4chst. Das Besondere an diesem Nationalpark sind allerdings die vielen einheimischen Kleintiere, die man hier in freier Wildbahn beobachten kann. Dazu geh\u00f6ren unter anderem die Balearische Wechselkr\u00f6te, die Schnikelschnecke oder der H\u00f6hlen-Pseudoskorpion. Manchmal trifft man in den Uferzonen des Nationalparks auch auf die seltenen Mittelmeerschildkr\u00f6ten, die sich in diesem Gebiet ausruhen. In der Stille dieser herrlichen Naturkulisse l\u00e4sst es sich auch wunderbar Rast machen und die Seele baumeln lassen. Auch f\u00fcr Vogelbeobachtungen ist dieses Gebiet bestens geeignet. So trifft man bei Wanderungen auf zahlreiche Greifv\u00f6gel, wie den Fischadler, den Zwergadler oder verschiedene Falkenarten die hier beschaulich ihre Kreise ziehen. Weiterhin erlebt man Korallenm\u00f6ven, Kormorane oder Kr\u00e4henscharben in ihrem nat\u00fcrlichem Lebensraum. Und auch die balearische Grasm\u00fccke ist hier zu finden.\" \/>\n<meta property=\"og:url\" content=\"https:\/\/www.lucie-hauri.com\/en\/wandern-durch-die-serra-de-llevant-bei-arta\/\" \/>\n<meta property=\"og:site_name\" content=\"Lucie Hauri | Exclusive Real Estate\" \/>\n<meta property=\"article:published_time\" content=\"2017-03-22T09:17:25+00:00\" \/>\n<meta property=\"article:modified_time\" content=\"2025-01-06T13:55:37+00:00\" \/>\n<meta property=\"og:image\" content=\"https:\/\/www.lucie-hauri.com\/wp-content\/uploads\/2017\/03\/Parknatural-Llevante-Arta-620x245-1.jpg\" \/>\n\t<meta property=\"og:image:width\" content=\"620\" \/>\n\t<meta property=\"og:image:height\" content=\"245\" \/>\n\t<meta property=\"og:image:type\" content=\"image\/jpeg\" \/>\n<meta name=\"author\" content=\"Lucie Haurie\" \/>\n<meta name=\"twitter:card\" content=\"summary_large_image\" \/>\n<meta name=\"twitter:label1\" content=\"Written by\" \/>\n\t<meta name=\"twitter:data1\" content=\"Lucie Haurie\" \/>\n\t<meta name=\"twitter:label2\" content=\"Est. reading time\" \/>\n\t<meta name=\"twitter:data2\" content=\"3 minutes\" \/>\n<script type=\"application\/ld+json\" class=\"yoast-schema-graph\">{\"@context\":\"https:\/\/schema.org\",\"@graph\":[{\"@type\":\"Article\",\"@id\":\"https:\/\/www.lucie-hauri.com\/de\/wandern-durch-die-serra-de-llevant-bei-arta\/#article\",\"isPartOf\":{\"@id\":\"https:\/\/www.lucie-hauri.com\/de\/wandern-durch-die-serra-de-llevant-bei-arta\/\"},\"author\":{\"name\":\"Lucie Haurie\",\"@id\":\"https:\/\/www.lucie-hauri.com\/en\/#\/schema\/person\/2da0f594e9d27f36e29477b9f86d1f1d\"},\"headline\":\"Wandern durch die Serra de Llevant bei Art\u00e0\",\"datePublished\":\"2017-03-22T09:17:25+00:00\",\"dateModified\":\"2025-01-06T13:55:37+00:00\",\"mainEntityOfPage\":{\"@id\":\"https:\/\/www.lucie-hauri.com\/de\/wandern-durch-die-serra-de-llevant-bei-arta\/\"},\"wordCount\":405,\"image\":{\"@id\":\"https:\/\/www.lucie-hauri.com\/de\/wandern-durch-die-serra-de-llevant-bei-arta\/#primaryimage\"},\"thumbnailUrl\":\"https:\/\/www.lucie-hauri.com\/wp-content\/uploads\/2017\/03\/Parknatural-Llevante-Arta-620x245-1.jpg\",\"articleSection\":[\"Freizeit\",\"Inselleben\",\"Land &amp; Leute\"],\"inLanguage\":\"en-US\"},{\"@type\":\"WebPage\",\"@id\":\"https:\/\/www.lucie-hauri.com\/de\/wandern-durch-die-serra-de-llevant-bei-arta\/\",\"url\":\"https:\/\/www.lucie-hauri.com\/de\/wandern-durch-die-serra-de-llevant-bei-arta\/\",\"name\":\"Wandern durch die Serra de Llevant bei Art\u00e0 - Lucie Hauri | Exclusive Real Estate\",\"isPartOf\":{\"@id\":\"https:\/\/www.lucie-hauri.com\/en\/#website\"},\"primaryImageOfPage\":{\"@id\":\"https:\/\/www.lucie-hauri.com\/de\/wandern-durch-die-serra-de-llevant-bei-arta\/#primaryimage\"},\"image\":{\"@id\":\"https:\/\/www.lucie-hauri.com\/de\/wandern-durch-die-serra-de-llevant-bei-arta\/#primaryimage\"},\"thumbnailUrl\":\"https:\/\/www.lucie-hauri.com\/wp-content\/uploads\/2017\/03\/Parknatural-Llevante-Arta-620x245-1.jpg\",\"datePublished\":\"2017-03-22T09:17:25+00:00\",\"dateModified\":\"2025-01-06T13:55:37+00:00\",\"author\":{\"@id\":\"https:\/\/www.lucie-hauri.com\/en\/#\/schema\/person\/2da0f594e9d27f36e29477b9f86d1f1d\"},\"inLanguage\":\"en-US\",\"potentialAction\":[{\"@type\":\"ReadAction\",\"target\":[\"https:\/\/www.lucie-hauri.com\/de\/wandern-durch-die-serra-de-llevant-bei-arta\/\"]}]},{\"@type\":\"ImageObject\",\"inLanguage\":\"en-US\",\"@id\":\"https:\/\/www.lucie-hauri.com\/de\/wandern-durch-die-serra-de-llevant-bei-arta\/#primaryimage\",\"url\":\"https:\/\/www.lucie-hauri.com\/wp-content\/uploads\/2017\/03\/Parknatural-Llevante-Arta-620x245-1.jpg\",\"contentUrl\":\"https:\/\/www.lucie-hauri.com\/wp-content\/uploads\/2017\/03\/Parknatural-Llevante-Arta-620x245-1.jpg\",\"width\":620,\"height\":245},{\"@type\":\"WebSite\",\"@id\":\"https:\/\/www.lucie-hauri.com\/en\/#website\",\"url\":\"https:\/\/www.lucie-hauri.com\/en\/\",\"name\":\"Lucie Hauri | Exclusive Real Estate\",\"description\":\"\",\"potentialAction\":[{\"@type\":\"SearchAction\",\"target\":{\"@type\":\"EntryPoint\",\"urlTemplate\":\"https:\/\/www.lucie-hauri.com\/en\/?s={search_term_string}\"},\"query-input\":{\"@type\":\"PropertyValueSpecification\",\"valueRequired\":true,\"valueName\":\"search_term_string\"}}],\"inLanguage\":\"en-US\"},{\"@type\":\"Person\",\"@id\":\"https:\/\/www.lucie-hauri.com\/en\/#\/schema\/person\/2da0f594e9d27f36e29477b9f86d1f1d\",\"name\":\"Lucie Haurie\",\"image\":{\"@type\":\"ImageObject\",\"inLanguage\":\"en-US\",\"@id\":\"https:\/\/www.lucie-hauri.com\/en\/#\/schema\/person\/image\/\",\"url\":\"https:\/\/secure.gravatar.com\/avatar\/5547acc5a9ccb58175658f3a6b0b1f239807fa157dfa222ae1731d25a7f34aed?s=96&d=mm&r=g\",\"contentUrl\":\"https:\/\/secure.gravatar.com\/avatar\/5547acc5a9ccb58175658f3a6b0b1f239807fa157dfa222ae1731d25a7f34aed?s=96&d=mm&r=g\",\"caption\":\"Lucie Haurie\"},\"url\":\"https:\/\/www.lucie-hauri.com\/en\/author\/m-wichmann\/\"}]}<\/script>\n<!-- \/ Yoast SEO Premium plugin. -->","yoast_head_json":{"title":"Wandern durch die Serra de Llevant bei Art\u00e0 - Lucie Hauri | Exclusive Real Estate","robots":{"index":"index","follow":"follow","max-snippet":"max-snippet:-1","max-image-preview":"max-image-preview:large","max-video-preview":"max-video-preview:-1"},"canonical":"https:\/\/www.lucie-hauri.com\/en\/wandern-durch-die-serra-de-llevant-bei-arta\/","og_locale":"en_US","og_type":"article","og_title":"Wandern durch die Serra de Llevant bei Art\u00e0 - Lucie Hauri | Exclusive Real Estate","og_description":"Ein wahres Paradies f\u00fcr Naturliebhaber und Wanderfreunde ist der &#8222;Parc natural de la Pen\u00ednsula de Llevant&#8220; im Nordosten Mallorcas. Das im Jahre 2001 zum Naturgebiet erkl\u00e4rte Reservat zeichnet sich durch seine au\u00dfergew\u00f6hnliche Tier- und Pflanzenwelt aus. In der N\u00e4he des St\u00e4dtchens Art\u00e0, auf der Halbinsel des Llevant gibt es auf einem Areal von rund 17 Quadratkilometern eine ganz besondere Artenvielfalt zu entdecken. Insgesamt 13 Wanderwege unterschiedlicher Streckenl\u00e4ngen und Schwierigkeitsgrade durchziehen das Naturschutzgebiet. Am Eingang des Nationalparks gibt eine \u00fcbersichtliche Infotafel einen \u00dcberblick \u00fcber alle Routen. So hat man die Wahl zwischen Kurztouren f\u00fcr Gelegenheitswanderer von 550 Metern oder Tagestouren von einer L\u00e4nge bis 19 Kilometern. F\u00fcr Wanderprofis k\u00f6nnen im Sa Talaia Freda bis zu 565 H\u00f6henmeter erklommen werden. Alle Wanderrouten sind sehr gut ausgeschildert und f\u00fchren teils durch gebirgiges Gel\u00e4nde, niedriges Buschland mit Zwergpalmen und auch \u00fcber den beschaulichen kleinen Strand von S&#8217;Arenalet des Verger. Sehr beliebt ist beispielsweise die Wanderroute entlang der K\u00fcste von der Bucht Cala Estreta Richtung Westen bis zum bekannten Roten Felsen. Vom Penya Roja f\u00fchrt ein kleiner Pfad zu den beiden Aussichtspunkten Talaia de Moreia und Sa Tudosa. Hier auf einer H\u00f6he von rund 400 Metern hat man eine atemberaubende Aussicht \u00fcber das glitzernde Mittelmeer, das Cap der Ferrutx und die Halbinsel de Llevant. Die Pflanzenwelt des &#8222;Parc natural de la Pen\u00ednsula de Llevant&#8220; wird gepr\u00e4gt von weitem Buschland mit bis zu drei Meter hohen Gr\u00e4sern. Au\u00dferdem wachsen hier duftende Oliven- und Mandelb\u00e4ume sowie Alleppo-Kiefern und das seltene Balearische Johanniskraut, das nur auf Mallorca w\u00e4chst. Das Besondere an diesem Nationalpark sind allerdings die vielen einheimischen Kleintiere, die man hier in freier Wildbahn beobachten kann. Dazu geh\u00f6ren unter anderem die Balearische Wechselkr\u00f6te, die Schnikelschnecke oder der H\u00f6hlen-Pseudoskorpion. Manchmal trifft man in den Uferzonen des Nationalparks auch auf die seltenen Mittelmeerschildkr\u00f6ten, die sich in diesem Gebiet ausruhen. In der Stille dieser herrlichen Naturkulisse l\u00e4sst es sich auch wunderbar Rast machen und die Seele baumeln lassen. Auch f\u00fcr Vogelbeobachtungen ist dieses Gebiet bestens geeignet. So trifft man bei Wanderungen auf zahlreiche Greifv\u00f6gel, wie den Fischadler, den Zwergadler oder verschiedene Falkenarten die hier beschaulich ihre Kreise ziehen. Weiterhin erlebt man Korallenm\u00f6ven, Kormorane oder Kr\u00e4henscharben in ihrem nat\u00fcrlichem Lebensraum. Und auch die balearische Grasm\u00fccke ist hier zu finden.","og_url":"https:\/\/www.lucie-hauri.com\/en\/wandern-durch-die-serra-de-llevant-bei-arta\/","og_site_name":"Lucie Hauri | Exclusive Real Estate","article_published_time":"2017-03-22T09:17:25+00:00","article_modified_time":"2025-01-06T13:55:37+00:00","og_image":[{"width":620,"height":245,"url":"https:\/\/www.lucie-hauri.com\/wp-content\/uploads\/2017\/03\/Parknatural-Llevante-Arta-620x245-1.jpg","type":"image\/jpeg"}],"author":"Lucie Haurie","twitter_card":"summary_large_image","twitter_misc":{"Written by":"Lucie Haurie","Est. reading time":"3 minutes"},"schema":{"@context":"https:\/\/schema.org","@graph":[{"@type":"Article","@id":"https:\/\/www.lucie-hauri.com\/de\/wandern-durch-die-serra-de-llevant-bei-arta\/#article","isPartOf":{"@id":"https:\/\/www.lucie-hauri.com\/de\/wandern-durch-die-serra-de-llevant-bei-arta\/"},"author":{"name":"Lucie Haurie","@id":"https:\/\/www.lucie-hauri.com\/en\/#\/schema\/person\/2da0f594e9d27f36e29477b9f86d1f1d"},"headline":"Wandern durch die Serra de Llevant bei Art\u00e0","datePublished":"2017-03-22T09:17:25+00:00","dateModified":"2025-01-06T13:55:37+00:00","mainEntityOfPage":{"@id":"https:\/\/www.lucie-hauri.com\/de\/wandern-durch-die-serra-de-llevant-bei-arta\/"},"wordCount":405,"image":{"@id":"https:\/\/www.lucie-hauri.com\/de\/wandern-durch-die-serra-de-llevant-bei-arta\/#primaryimage"},"thumbnailUrl":"https:\/\/www.lucie-hauri.com\/wp-content\/uploads\/2017\/03\/Parknatural-Llevante-Arta-620x245-1.jpg","articleSection":["Freizeit","Inselleben","Land &amp; Leute"],"inLanguage":"en-US"},{"@type":"WebPage","@id":"https:\/\/www.lucie-hauri.com\/de\/wandern-durch-die-serra-de-llevant-bei-arta\/","url":"https:\/\/www.lucie-hauri.com\/de\/wandern-durch-die-serra-de-llevant-bei-arta\/","name":"Wandern durch die Serra de Llevant bei Art\u00e0 - Lucie Hauri | Exclusive Real Estate","isPartOf":{"@id":"https:\/\/www.lucie-hauri.com\/en\/#website"},"primaryImageOfPage":{"@id":"https:\/\/www.lucie-hauri.com\/de\/wandern-durch-die-serra-de-llevant-bei-arta\/#primaryimage"},"image":{"@id":"https:\/\/www.lucie-hauri.com\/de\/wandern-durch-die-serra-de-llevant-bei-arta\/#primaryimage"},"thumbnailUrl":"https:\/\/www.lucie-hauri.com\/wp-content\/uploads\/2017\/03\/Parknatural-Llevante-Arta-620x245-1.jpg","datePublished":"2017-03-22T09:17:25+00:00","dateModified":"2025-01-06T13:55:37+00:00","author":{"@id":"https:\/\/www.lucie-hauri.com\/en\/#\/schema\/person\/2da0f594e9d27f36e29477b9f86d1f1d"},"inLanguage":"en-US","potentialAction":[{"@type":"ReadAction","target":["https:\/\/www.lucie-hauri.com\/de\/wandern-durch-die-serra-de-llevant-bei-arta\/"]}]},{"@type":"ImageObject","inLanguage":"en-US","@id":"https:\/\/www.lucie-hauri.com\/de\/wandern-durch-die-serra-de-llevant-bei-arta\/#primaryimage","url":"https:\/\/www.lucie-hauri.com\/wp-content\/uploads\/2017\/03\/Parknatural-Llevante-Arta-620x245-1.jpg","contentUrl":"https:\/\/www.lucie-hauri.com\/wp-content\/uploads\/2017\/03\/Parknatural-Llevante-Arta-620x245-1.jpg","width":620,"height":245},{"@type":"WebSite","@id":"https:\/\/www.lucie-hauri.com\/en\/#website","url":"https:\/\/www.lucie-hauri.com\/en\/","name":"Lucie Hauri | Exclusive real estate","description":"","potentialAction":[{"@type":"SearchAction","target":{"@type":"EntryPoint","urlTemplate":"https:\/\/www.lucie-hauri.com\/en\/?s={search_term_string}"},"query-input":{"@type":"PropertyValueSpecification","valueRequired":true,"valueName":"search_term_string"}}],"inLanguage":"en-US"},{"@type":"Person","@id":"https:\/\/www.lucie-hauri.com\/en\/#\/schema\/person\/2da0f594e9d27f36e29477b9f86d1f1d","name":"Lucie Haurie","image":{"@type":"ImageObject","inLanguage":"en-US","@id":"https:\/\/www.lucie-hauri.com\/en\/#\/schema\/person\/image\/","url":"https:\/\/secure.gravatar.com\/avatar\/5547acc5a9ccb58175658f3a6b0b1f239807fa157dfa222ae1731d25a7f34aed?s=96&d=mm&r=g","contentUrl":"https:\/\/secure.gravatar.com\/avatar\/5547acc5a9ccb58175658f3a6b0b1f239807fa157dfa222ae1731d25a7f34aed?s=96&d=mm&r=g","caption":"Lucie Haurie"},"url":"https:\/\/www.lucie-hauri.com\/en\/author\/m-wichmann\/"}]}},"_links":{"self":[{"href":"https:\/\/www.lucie-hauri.com\/en\/wp-json\/wp\/v2\/posts\/64757","targetHints":{"allow":["GET"]}}],"collection":[{"href":"https:\/\/www.lucie-hauri.com\/en\/wp-json\/wp\/v2\/posts"}],"about":[{"href":"https:\/\/www.lucie-hauri.com\/en\/wp-json\/wp\/v2\/types\/post"}],"author":[{"embeddable":true,"href":"https:\/\/www.lucie-hauri.com\/en\/wp-json\/wp\/v2\/users\/5"}],"replies":[{"embeddable":true,"href":"https:\/\/www.lucie-hauri.com\/en\/wp-json\/wp\/v2\/comments?post=64757"}],"version-history":[{"count":0,"href":"https:\/\/www.lucie-hauri.com\/en\/wp-json\/wp\/v2\/posts\/64757\/revisions"}],"wp:featuredmedia":[{"embeddable":true,"href":"https:\/\/www.lucie-hauri.com\/en\/wp-json\/wp\/v2\/media\/134077"}],"wp:attachment":[{"href":"https:\/\/www.lucie-hauri.com\/en\/wp-json\/wp\/v2\/media?parent=64757"}],"wp:term":[{"taxonomy":"category","embeddable":true,"href":"https:\/\/www.lucie-hauri.com\/en\/wp-json\/wp\/v2\/categories?post=64757"},{"taxonomy":"post_tag","embeddable":true,"href":"https:\/\/www.lucie-hauri.com\/en\/wp-json\/wp\/v2\/tags?post=64757"}],"curies":[{"name":"wp","href":"https:\/\/api.w.org\/{rel}","templated":true}]}}