{"id":58880,"date":"2016-09-01T07:00:21","date_gmt":"2016-09-01T05:00:21","guid":{"rendered":"https:\/\/lucie-hauri.hostpress.me\/parc-natural-de-salbufera-de-mallorca\/"},"modified":"2025-01-06T14:56:07","modified_gmt":"2025-01-06T13:56:07","slug":"parc-natural-de-salbufera-de-mallorca","status":"publish","type":"post","link":"https:\/\/www.lucie-hauri.com\/en\/parc-natural-de-salbufera-de-mallorca\/","title":{"rendered":"Parc Natural de S&#8217;Albufera de Mallorca"},"content":{"rendered":"<div data-elementor-type=\"wp-post\" data-elementor-id=\"58880\" class=\"elementor elementor-58880\" data-elementor-post-type=\"post\">\n\t\t\t\t<div class=\"elementor-element elementor-element-2b69ac1b e-flex e-con-boxed e-con e-parent\" data-id=\"2b69ac1b\" data-element_type=\"container\">\n\t\t\t\t\t<div class=\"e-con-inner\">\n\t\t\t\t<div class=\"elementor-element elementor-element-264d081f elementor-widget elementor-widget-text-editor\" data-id=\"264d081f\" data-element_type=\"widget\" data-widget_type=\"text-editor.default\">\n\t\t\t\t<div class=\"elementor-widget-container\">\n\t\t\t\t\t\t\t\t\t<p>Der Parc Natural de S&#8217;Albufera im Norden von Mallorca liegt zwischen Can Picafort und Port d&#8217;Alcudia. Er geh\u00f6rt zu der Gemeinde Muro. Der rund 1700 Hektar gro\u00dfe Nationalpark lockt regelm\u00e4\u00dfig Naturliebhaber und Vogelbeobachter an. Tats\u00e4chlich sind in diesem Naturschutzgebiet rund 300 verschiedene Vogelarten heimisch oder dienen f\u00fcr die Zugv\u00f6gel als Zwischenstation zur Rast.<\/p><p>Von den zahlreichen Hochst\u00e4nden, die \u00fcberall im Parc Natural de S&#8217;Albufera aufgestellt sind, hat man die M\u00f6glichkeit, die Artenvielfalt der Vogelwelt zu beobachten. Neben Fischreihern und Stelzenl\u00e4ufern findet man auch Vogelarten, die auf der Liste der vom Aussterben bedrohten Tiere stehen. Das Feuchtbiotop bietet sich als hervorragender Rastplatz f\u00fcr Wanderfalken, Fischadler oder weitere Zugv\u00f6gel an. So ziehen oft ganze Schw\u00e4rme von majest\u00e4tisch gleitenden St\u00f6rchen oder Flamingos \u00fcber das Naturschutzgebiet. Wer hier Zeit und Geduld mitbringt, wird das eine oder andere Highlight erleben. Im \u00fcbrigen ist Zeit etwas, dass auf diesem idyllischen Fleckchen Erde stehengeblieben zu sein scheint.<\/p>\t\t\t\t\t\t\t\t<\/div>\n\t\t\t\t<\/div>\n\t\t\t\t<div class=\"elementor-element elementor-element-540196c elementor-arrows-position-inside elementor-pagination-position-outside elementor-widget elementor-widget-image-carousel\" data-id=\"540196c\" data-element_type=\"widget\" data-settings=\"{&quot;image_spacing_custom&quot;:{&quot;unit&quot;:&quot;px&quot;,&quot;size&quot;:15,&quot;sizes&quot;:[]},&quot;navigation&quot;:&quot;both&quot;,&quot;autoplay&quot;:&quot;yes&quot;,&quot;pause_on_hover&quot;:&quot;yes&quot;,&quot;pause_on_interaction&quot;:&quot;yes&quot;,&quot;autoplay_speed&quot;:5000,&quot;infinite&quot;:&quot;yes&quot;,&quot;speed&quot;:500,&quot;image_spacing_custom_tablet&quot;:{&quot;unit&quot;:&quot;px&quot;,&quot;size&quot;:&quot;&quot;,&quot;sizes&quot;:[]},&quot;image_spacing_custom_mobile&quot;:{&quot;unit&quot;:&quot;px&quot;,&quot;size&quot;:&quot;&quot;,&quot;sizes&quot;:[]}}\" data-widget_type=\"image-carousel.default\">\n\t\t\t\t<div class=\"elementor-widget-container\">\n\t\t\t\t\t\t\t<div class=\"elementor-image-carousel-wrapper swiper\" role=\"region\" aria-roledescription=\"carousel\" aria-label=\"Image Carousel\" dir=\"ltr\" data-no-translation-aria-label=\"\">\n\t\t\t<div class=\"elementor-image-carousel swiper-wrapper\" aria-live=\"off\">\n\t\t\t\t\t\t\t\t<div class=\"swiper-slide\" role=\"group\" aria-roledescription=\"slide\" aria-label=\"1 von 3\" data-no-translation-aria-label=\"\"><a data-elementor-open-lightbox=\"yes\" data-elementor-lightbox-slideshow=\"540196c\" data-e-action-hash=\"#elementor-action%3Aaction%3Dlightbox%26settings%3DeyJpZCI6MTM0NDU4LCJ1cmwiOiJodHRwczpcL1wvd3d3Lmx1Y2llLWhhdXJpLmNvbVwvd3AtY29udGVudFwvdXBsb2Fkc1wvMjAyM1wvMTJcL1BhcmNfTmF0dXJhbF9kZV9BbGJ1ZmVyYV8zLmpwZyIsInNsaWRlc2hvdyI6IjU0MDE5NmMifQ%3D%3D\" href=\"https:\/\/www.lucie-hauri.com\/wp-content\/uploads\/2023\/12\/Parc_Natural_de_Albufera_3.jpg\"><figure class=\"swiper-slide-inner\"><img decoding=\"async\" class=\"swiper-slide-image\" src=\"https:\/\/www.lucie-hauri.com\/wp-content\/uploads\/2023\/12\/Parc_Natural_de_Albufera_3.jpg\" alt=\"Parc_Natural_de_Albufera_3\" \/><\/figure><\/a><\/div><div class=\"swiper-slide\" role=\"group\" aria-roledescription=\"slide\" aria-label=\"2 von 3\" data-no-translation-aria-label=\"\"><a data-elementor-open-lightbox=\"yes\" data-elementor-lightbox-slideshow=\"540196c\" data-e-action-hash=\"#elementor-action%3Aaction%3Dlightbox%26settings%3DeyJpZCI6MTM0NDU5LCJ1cmwiOiJodHRwczpcL1wvd3d3Lmx1Y2llLWhhdXJpLmNvbVwvd3AtY29udGVudFwvdXBsb2Fkc1wvMjAyM1wvMTJcL1BhcmNfTmF0dXJhbF9kZV9BbGJ1ZmVyYV8yLmpwZyIsInNsaWRlc2hvdyI6IjU0MDE5NmMifQ%3D%3D\" href=\"https:\/\/www.lucie-hauri.com\/wp-content\/uploads\/2023\/12\/Parc_Natural_de_Albufera_2.jpg\"><figure class=\"swiper-slide-inner\"><img decoding=\"async\" class=\"swiper-slide-image\" src=\"https:\/\/www.lucie-hauri.com\/wp-content\/uploads\/2023\/12\/Parc_Natural_de_Albufera_2.jpg\" alt=\"Parc_Natural_de_Albufera_2\" \/><\/figure><\/a><\/div><div class=\"swiper-slide\" role=\"group\" aria-roledescription=\"slide\" aria-label=\"3 von 3\" data-no-translation-aria-label=\"\"><a data-elementor-open-lightbox=\"yes\" data-elementor-lightbox-slideshow=\"540196c\" data-e-action-hash=\"#elementor-action%3Aaction%3Dlightbox%26settings%3DeyJpZCI6MTM0NDYwLCJ1cmwiOiJodHRwczpcL1wvd3d3Lmx1Y2llLWhhdXJpLmNvbVwvd3AtY29udGVudFwvdXBsb2Fkc1wvMjAyM1wvMTJcL1BhcmNfTmF0dXJhbF9kZV9BbGJ1ZmVyYV8xLmpwZyIsInNsaWRlc2hvdyI6IjU0MDE5NmMifQ%3D%3D\" href=\"https:\/\/www.lucie-hauri.com\/wp-content\/uploads\/2023\/12\/Parc_Natural_de_Albufera_1.jpg\"><figure class=\"swiper-slide-inner\"><img decoding=\"async\" class=\"swiper-slide-image\" src=\"https:\/\/www.lucie-hauri.com\/wp-content\/uploads\/2023\/12\/Parc_Natural_de_Albufera_1.jpg\" alt=\"Parc_Natural_de_Albufera_1\" \/><\/figure><\/a><\/div>\t\t\t<\/div>\n\t\t\t\t\t\t\t\t\t\t\t\t<div class=\"elementor-swiper-button elementor-swiper-button-prev\" role=\"button\" tabindex=\"0\">\n\t\t\t\t\t\t<i aria-hidden=\"true\" class=\"eicon-chevron-left\"><\/i>\t\t\t\t\t<\/div>\n\t\t\t\t\t<div class=\"elementor-swiper-button elementor-swiper-button-next\" role=\"button\" tabindex=\"0\">\n\t\t\t\t\t\t<i aria-hidden=\"true\" class=\"eicon-chevron-right\"><\/i>\t\t\t\t\t<\/div>\n\t\t\t\t\n\t\t\t\t\t\t\t\t\t<div class=\"swiper-pagination\"><\/div>\n\t\t\t\t\t\t\t\t\t<\/div>\n\t\t\t\t\t\t<\/div>\n\t\t\t\t<\/div>\n\t\t\t\t<div class=\"elementor-element elementor-element-a5f58bf elementor-widget elementor-widget-text-editor\" data-id=\"a5f58bf\" data-element_type=\"widget\" data-widget_type=\"text-editor.default\">\n\t\t\t\t<div class=\"elementor-widget-container\">\n\t\t\t\t\t\t\t\t\t<p>Das Naturschutzgebiet S&#8217;Albufera besteht zum gr\u00f6\u00dften Teil aus Sumpfland, welches von den beiden Zufl\u00fcssen Torrent de Sant Miquel und Torrent de Muro gespeist wird. Wer hier wandert oder spazieren geht, f\u00fchlt die Ruhe und genie\u00dft die friedliche Stimmung, die das Feuchtbiotop ausstrahlt. Fernab vom Touristentrubel ist dies eine Oase der Stille, inmitten unber\u00fchrter Natur. Wanderer und Naturfreunde sind immer wieder aufs Neue hingerissen von der Sch\u00f6nheit dieses Ortes.<\/p><p>Im Parc Natural de S&#8217;Albufera trifft der Besucher auch auf eine Vielzahl kleinerer S\u00e4ugetierarten. Nagetiere, wie Hasen, Ratten oder M\u00e4use sind hier ans\u00e4ssig. Dazu finden sich ungiftige Schlagen und unterschiedliche Arten von Flederm\u00e4usen. Hier kommt auch die Europ\u00e4ische Sumpfschildkr\u00f6te vor. In den zahlreichen Gew\u00e4ssern des Naturparks tummeln sich au\u00dferdem rund 30 verschiedene Fischarten, wie Barsche oder Aale. Auf den zahlreichen, gut ausgeschilderten Wanderwegen bietet sich dem Naturfreund eine vielf\u00e4ltige Vegetation. Rund 400 verschiedene Pflanzenarten, darunter mehr als 200 Pilzsorten, wachsen in diesem Feuchtgebiet.<\/p><p>Das mediterrane Klima, mit einer angenehmen durchschnittlichen Jahrestemperatur von etwa 16\u00b0 C, ist ideal f\u00fcr lange Wanderungen oder ausgedehnte Spazierg\u00e4nge. Das einladende, mit bequemen Sitzb\u00e4nken ausgestattete Besucherzentrum versorgt die G\u00e4ste mit \u00fcbersichtlichen Landkarten. Wer Wert legt auf eine beschauliche Atmosph\u00e4re und eine atemberaubende Natur inmitten einer ruhigen Sumpflandschaft, f\u00fcr den ist ein Besuch im Parc Natural de S&#8217;Albufera ganz sicher ein lohnender Ausflug.<\/p>\t\t\t\t\t\t\t\t<\/div>\n\t\t\t\t<\/div>\n\t\t\t\t\t<\/div>\n\t\t\t\t<\/div>\n\t\t\t\t<\/div>","protected":false},"excerpt":{"rendered":"<p>Der Parc Natural de S&#8217;Albufera im Norden von Mallorca liegt zwischen Can Picafort und Port d&#8217;Alcudia. Er geh\u00f6rt zu der Gemeinde Muro. Der rund 1700 Hektar gro\u00dfe Nationalpark lockt regelm\u00e4\u00dfig Naturliebhaber und Vogelbeobachter an. Tats\u00e4chlich sind in diesem Naturschutzgebiet rund 300 verschiedene Vogelarten heimisch oder dienen f\u00fcr die Zugv\u00f6gel als Zwischenstation zur Rast. Von den zahlreichen Hochst\u00e4nden, die \u00fcberall im Parc Natural de S&#8217;Albufera aufgestellt sind, hat man die M\u00f6glichkeit, die Artenvielfalt der Vogelwelt zu beobachten. Neben Fischreihern und Stelzenl\u00e4ufern findet man auch Vogelarten, die auf der Liste der vom Aussterben bedrohten Tiere stehen. Das Feuchtbiotop bietet sich als hervorragender Rastplatz f\u00fcr Wanderfalken, Fischadler oder weitere Zugv\u00f6gel an. So ziehen oft ganze Schw\u00e4rme von majest\u00e4tisch gleitenden St\u00f6rchen oder Flamingos \u00fcber das Naturschutzgebiet. Wer hier Zeit und Geduld mitbringt, wird das eine oder andere Highlight erleben. Im \u00fcbrigen ist Zeit etwas, dass auf diesem idyllischen Fleckchen Erde stehengeblieben zu sein scheint. Das Naturschutzgebiet S&#8217;Albufera besteht zum gr\u00f6\u00dften Teil aus Sumpfland, welches von den beiden Zufl\u00fcssen Torrent de Sant Miquel und Torrent de Muro gespeist wird. Wer hier wandert oder spazieren geht, f\u00fchlt die Ruhe und genie\u00dft die friedliche Stimmung, die das Feuchtbiotop ausstrahlt. Fernab vom Touristentrubel ist dies eine Oase der Stille, inmitten unber\u00fchrter Natur. Wanderer und Naturfreunde sind immer wieder aufs Neue hingerissen von der Sch\u00f6nheit dieses Ortes. Im Parc Natural de S&#8217;Albufera trifft der Besucher auch auf eine Vielzahl kleinerer S\u00e4ugetierarten. Nagetiere, wie Hasen, Ratten oder M\u00e4use sind hier ans\u00e4ssig. Dazu finden sich ungiftige Schlagen und unterschiedliche Arten von Flederm\u00e4usen. Hier kommt auch die Europ\u00e4ische Sumpfschildkr\u00f6te vor. In den zahlreichen Gew\u00e4ssern des Naturparks tummeln sich au\u00dferdem rund 30 verschiedene Fischarten, wie Barsche oder Aale. Auf den zahlreichen, gut ausgeschilderten Wanderwegen bietet sich dem Naturfreund eine vielf\u00e4ltige Vegetation. Rund 400 verschiedene Pflanzenarten, darunter mehr als 200 Pilzsorten, wachsen in diesem Feuchtgebiet. Das mediterrane Klima, mit einer angenehmen durchschnittlichen Jahrestemperatur von etwa 16\u00b0 C, ist ideal f\u00fcr lange Wanderungen oder ausgedehnte Spazierg\u00e4nge. Das einladende, mit bequemen Sitzb\u00e4nken ausgestattete Besucherzentrum versorgt die G\u00e4ste mit \u00fcbersichtlichen Landkarten. Wer Wert legt auf eine beschauliche Atmosph\u00e4re und eine atemberaubende Natur inmitten einer ruhigen Sumpflandschaft, f\u00fcr den ist ein Besuch im Parc Natural de S&#8217;Albufera ganz sicher ein lohnender Ausflug.<\/p>","protected":false},"author":5,"featured_media":134457,"comment_status":"closed","ping_status":"open","sticky":false,"template":"","format":"standard","meta":{"_acf_changed":false,"footnotes":""},"categories":[218,214,216],"tags":[],"class_list":["post-58880","post","type-post","status-publish","format-standard","has-post-thumbnail","hentry","category-freizeit","category-inselleben","category-land-leute"],"acf":[],"yoast_head":"<!-- This site is optimized with the Yoast SEO Premium plugin v24.4 (Yoast SEO v26.8) - https:\/\/yoast.com\/product\/yoast-seo-premium-wordpress\/ -->\n<title>Parc Natural de S&#039;Albufera de Mallorca - Lucie Hauri | Exclusive Real Estate<\/title>\n<meta name=\"robots\" content=\"index, follow, max-snippet:-1, max-image-preview:large, max-video-preview:-1\" \/>\n<link rel=\"canonical\" href=\"https:\/\/www.lucie-hauri.com\/en\/parc-natural-de-salbufera-de-mallorca\/\" \/>\n<meta property=\"og:locale\" content=\"en_US\" \/>\n<meta property=\"og:type\" content=\"article\" \/>\n<meta property=\"og:title\" content=\"Parc Natural de S&#039;Albufera de Mallorca - Lucie Hauri | Exclusive Real Estate\" \/>\n<meta property=\"og:description\" content=\"Der Parc Natural de S&#8217;Albufera im Norden von Mallorca liegt zwischen Can Picafort und Port d&#8217;Alcudia. Er geh\u00f6rt zu der Gemeinde Muro. Der rund 1700 Hektar gro\u00dfe Nationalpark lockt regelm\u00e4\u00dfig Naturliebhaber und Vogelbeobachter an. Tats\u00e4chlich sind in diesem Naturschutzgebiet rund 300 verschiedene Vogelarten heimisch oder dienen f\u00fcr die Zugv\u00f6gel als Zwischenstation zur Rast. Von den zahlreichen Hochst\u00e4nden, die \u00fcberall im Parc Natural de S&#8217;Albufera aufgestellt sind, hat man die M\u00f6glichkeit, die Artenvielfalt der Vogelwelt zu beobachten. Neben Fischreihern und Stelzenl\u00e4ufern findet man auch Vogelarten, die auf der Liste der vom Aussterben bedrohten Tiere stehen. Das Feuchtbiotop bietet sich als hervorragender Rastplatz f\u00fcr Wanderfalken, Fischadler oder weitere Zugv\u00f6gel an. So ziehen oft ganze Schw\u00e4rme von majest\u00e4tisch gleitenden St\u00f6rchen oder Flamingos \u00fcber das Naturschutzgebiet. Wer hier Zeit und Geduld mitbringt, wird das eine oder andere Highlight erleben. Im \u00fcbrigen ist Zeit etwas, dass auf diesem idyllischen Fleckchen Erde stehengeblieben zu sein scheint. Das Naturschutzgebiet S&#8217;Albufera besteht zum gr\u00f6\u00dften Teil aus Sumpfland, welches von den beiden Zufl\u00fcssen Torrent de Sant Miquel und Torrent de Muro gespeist wird. Wer hier wandert oder spazieren geht, f\u00fchlt die Ruhe und genie\u00dft die friedliche Stimmung, die das Feuchtbiotop ausstrahlt. Fernab vom Touristentrubel ist dies eine Oase der Stille, inmitten unber\u00fchrter Natur. Wanderer und Naturfreunde sind immer wieder aufs Neue hingerissen von der Sch\u00f6nheit dieses Ortes. Im Parc Natural de S&#8217;Albufera trifft der Besucher auch auf eine Vielzahl kleinerer S\u00e4ugetierarten. Nagetiere, wie Hasen, Ratten oder M\u00e4use sind hier ans\u00e4ssig. Dazu finden sich ungiftige Schlagen und unterschiedliche Arten von Flederm\u00e4usen. Hier kommt auch die Europ\u00e4ische Sumpfschildkr\u00f6te vor. In den zahlreichen Gew\u00e4ssern des Naturparks tummeln sich au\u00dferdem rund 30 verschiedene Fischarten, wie Barsche oder Aale. Auf den zahlreichen, gut ausgeschilderten Wanderwegen bietet sich dem Naturfreund eine vielf\u00e4ltige Vegetation. Rund 400 verschiedene Pflanzenarten, darunter mehr als 200 Pilzsorten, wachsen in diesem Feuchtgebiet. Das mediterrane Klima, mit einer angenehmen durchschnittlichen Jahrestemperatur von etwa 16\u00b0 C, ist ideal f\u00fcr lange Wanderungen oder ausgedehnte Spazierg\u00e4nge. Das einladende, mit bequemen Sitzb\u00e4nken ausgestattete Besucherzentrum versorgt die G\u00e4ste mit \u00fcbersichtlichen Landkarten. Wer Wert legt auf eine beschauliche Atmosph\u00e4re und eine atemberaubende Natur inmitten einer ruhigen Sumpflandschaft, f\u00fcr den ist ein Besuch im Parc Natural de S&#8217;Albufera ganz sicher ein lohnender Ausflug.\" \/>\n<meta property=\"og:url\" content=\"https:\/\/www.lucie-hauri.com\/en\/parc-natural-de-salbufera-de-mallorca\/\" \/>\n<meta property=\"og:site_name\" content=\"Lucie Hauri | Exclusive Real Estate\" \/>\n<meta property=\"article:published_time\" content=\"2016-09-01T05:00:21+00:00\" \/>\n<meta property=\"article:modified_time\" content=\"2025-01-06T13:56:07+00:00\" \/>\n<meta property=\"og:image\" content=\"https:\/\/www.lucie-hauri.com\/wp-content\/uploads\/2016\/09\/Parc_Natural_de_Albufera_Header.jpg\" \/>\n\t<meta property=\"og:image:width\" content=\"620\" \/>\n\t<meta property=\"og:image:height\" content=\"253\" \/>\n\t<meta property=\"og:image:type\" content=\"image\/jpeg\" \/>\n<meta name=\"author\" content=\"Lucie Haurie\" \/>\n<meta name=\"twitter:card\" content=\"summary_large_image\" \/>\n<meta name=\"twitter:label1\" content=\"Written by\" \/>\n\t<meta name=\"twitter:data1\" content=\"Lucie Haurie\" \/>\n\t<meta name=\"twitter:label2\" content=\"Est. reading time\" \/>\n\t<meta name=\"twitter:data2\" content=\"4 minutes\" \/>\n<script type=\"application\/ld+json\" class=\"yoast-schema-graph\">{\"@context\":\"https:\/\/schema.org\",\"@graph\":[{\"@type\":\"Article\",\"@id\":\"https:\/\/www.lucie-hauri.com\/de\/parc-natural-de-salbufera-de-mallorca\/#article\",\"isPartOf\":{\"@id\":\"https:\/\/www.lucie-hauri.com\/de\/parc-natural-de-salbufera-de-mallorca\/\"},\"author\":{\"name\":\"Lucie Haurie\",\"@id\":\"https:\/\/www.lucie-hauri.com\/en\/#\/schema\/person\/2da0f594e9d27f36e29477b9f86d1f1d\"},\"headline\":\"Parc Natural de S&#8217;Albufera de Mallorca\",\"datePublished\":\"2016-09-01T05:00:21+00:00\",\"dateModified\":\"2025-01-06T13:56:07+00:00\",\"mainEntityOfPage\":{\"@id\":\"https:\/\/www.lucie-hauri.com\/de\/parc-natural-de-salbufera-de-mallorca\/\"},\"wordCount\":406,\"image\":{\"@id\":\"https:\/\/www.lucie-hauri.com\/de\/parc-natural-de-salbufera-de-mallorca\/#primaryimage\"},\"thumbnailUrl\":\"https:\/\/www.lucie-hauri.com\/wp-content\/uploads\/2016\/09\/Parc_Natural_de_Albufera_Header.jpg\",\"articleSection\":[\"Freizeit\",\"Inselleben\",\"Land &amp; Leute\"],\"inLanguage\":\"en-US\"},{\"@type\":\"WebPage\",\"@id\":\"https:\/\/www.lucie-hauri.com\/de\/parc-natural-de-salbufera-de-mallorca\/\",\"url\":\"https:\/\/www.lucie-hauri.com\/de\/parc-natural-de-salbufera-de-mallorca\/\",\"name\":\"Parc Natural de S'Albufera de Mallorca - Lucie Hauri | Exclusive Real Estate\",\"isPartOf\":{\"@id\":\"https:\/\/www.lucie-hauri.com\/en\/#website\"},\"primaryImageOfPage\":{\"@id\":\"https:\/\/www.lucie-hauri.com\/de\/parc-natural-de-salbufera-de-mallorca\/#primaryimage\"},\"image\":{\"@id\":\"https:\/\/www.lucie-hauri.com\/de\/parc-natural-de-salbufera-de-mallorca\/#primaryimage\"},\"thumbnailUrl\":\"https:\/\/www.lucie-hauri.com\/wp-content\/uploads\/2016\/09\/Parc_Natural_de_Albufera_Header.jpg\",\"datePublished\":\"2016-09-01T05:00:21+00:00\",\"dateModified\":\"2025-01-06T13:56:07+00:00\",\"author\":{\"@id\":\"https:\/\/www.lucie-hauri.com\/en\/#\/schema\/person\/2da0f594e9d27f36e29477b9f86d1f1d\"},\"inLanguage\":\"en-US\",\"potentialAction\":[{\"@type\":\"ReadAction\",\"target\":[\"https:\/\/www.lucie-hauri.com\/de\/parc-natural-de-salbufera-de-mallorca\/\"]}]},{\"@type\":\"ImageObject\",\"inLanguage\":\"en-US\",\"@id\":\"https:\/\/www.lucie-hauri.com\/de\/parc-natural-de-salbufera-de-mallorca\/#primaryimage\",\"url\":\"https:\/\/www.lucie-hauri.com\/wp-content\/uploads\/2016\/09\/Parc_Natural_de_Albufera_Header.jpg\",\"contentUrl\":\"https:\/\/www.lucie-hauri.com\/wp-content\/uploads\/2016\/09\/Parc_Natural_de_Albufera_Header.jpg\",\"width\":620,\"height\":253},{\"@type\":\"WebSite\",\"@id\":\"https:\/\/www.lucie-hauri.com\/en\/#website\",\"url\":\"https:\/\/www.lucie-hauri.com\/en\/\",\"name\":\"Lucie Hauri | Exclusive Real Estate\",\"description\":\"\",\"potentialAction\":[{\"@type\":\"SearchAction\",\"target\":{\"@type\":\"EntryPoint\",\"urlTemplate\":\"https:\/\/www.lucie-hauri.com\/en\/?s={search_term_string}\"},\"query-input\":{\"@type\":\"PropertyValueSpecification\",\"valueRequired\":true,\"valueName\":\"search_term_string\"}}],\"inLanguage\":\"en-US\"},{\"@type\":\"Person\",\"@id\":\"https:\/\/www.lucie-hauri.com\/en\/#\/schema\/person\/2da0f594e9d27f36e29477b9f86d1f1d\",\"name\":\"Lucie Haurie\",\"image\":{\"@type\":\"ImageObject\",\"inLanguage\":\"en-US\",\"@id\":\"https:\/\/www.lucie-hauri.com\/en\/#\/schema\/person\/image\/\",\"url\":\"https:\/\/secure.gravatar.com\/avatar\/5547acc5a9ccb58175658f3a6b0b1f239807fa157dfa222ae1731d25a7f34aed?s=96&d=mm&r=g\",\"contentUrl\":\"https:\/\/secure.gravatar.com\/avatar\/5547acc5a9ccb58175658f3a6b0b1f239807fa157dfa222ae1731d25a7f34aed?s=96&d=mm&r=g\",\"caption\":\"Lucie Haurie\"},\"url\":\"https:\/\/www.lucie-hauri.com\/en\/author\/m-wichmann\/\"}]}<\/script>\n<!-- \/ Yoast SEO Premium plugin. -->","yoast_head_json":{"title":"Parc Natural de S'Albufera de Mallorca - Lucie Hauri | Exclusive Real Estate","robots":{"index":"index","follow":"follow","max-snippet":"max-snippet:-1","max-image-preview":"max-image-preview:large","max-video-preview":"max-video-preview:-1"},"canonical":"https:\/\/www.lucie-hauri.com\/en\/parc-natural-de-salbufera-de-mallorca\/","og_locale":"en_US","og_type":"article","og_title":"Parc Natural de S'Albufera de Mallorca - Lucie Hauri | Exclusive Real Estate","og_description":"Der Parc Natural de S&#8217;Albufera im Norden von Mallorca liegt zwischen Can Picafort und Port d&#8217;Alcudia. Er geh\u00f6rt zu der Gemeinde Muro. Der rund 1700 Hektar gro\u00dfe Nationalpark lockt regelm\u00e4\u00dfig Naturliebhaber und Vogelbeobachter an. Tats\u00e4chlich sind in diesem Naturschutzgebiet rund 300 verschiedene Vogelarten heimisch oder dienen f\u00fcr die Zugv\u00f6gel als Zwischenstation zur Rast. Von den zahlreichen Hochst\u00e4nden, die \u00fcberall im Parc Natural de S&#8217;Albufera aufgestellt sind, hat man die M\u00f6glichkeit, die Artenvielfalt der Vogelwelt zu beobachten. Neben Fischreihern und Stelzenl\u00e4ufern findet man auch Vogelarten, die auf der Liste der vom Aussterben bedrohten Tiere stehen. Das Feuchtbiotop bietet sich als hervorragender Rastplatz f\u00fcr Wanderfalken, Fischadler oder weitere Zugv\u00f6gel an. So ziehen oft ganze Schw\u00e4rme von majest\u00e4tisch gleitenden St\u00f6rchen oder Flamingos \u00fcber das Naturschutzgebiet. Wer hier Zeit und Geduld mitbringt, wird das eine oder andere Highlight erleben. Im \u00fcbrigen ist Zeit etwas, dass auf diesem idyllischen Fleckchen Erde stehengeblieben zu sein scheint. Das Naturschutzgebiet S&#8217;Albufera besteht zum gr\u00f6\u00dften Teil aus Sumpfland, welches von den beiden Zufl\u00fcssen Torrent de Sant Miquel und Torrent de Muro gespeist wird. Wer hier wandert oder spazieren geht, f\u00fchlt die Ruhe und genie\u00dft die friedliche Stimmung, die das Feuchtbiotop ausstrahlt. Fernab vom Touristentrubel ist dies eine Oase der Stille, inmitten unber\u00fchrter Natur. Wanderer und Naturfreunde sind immer wieder aufs Neue hingerissen von der Sch\u00f6nheit dieses Ortes. Im Parc Natural de S&#8217;Albufera trifft der Besucher auch auf eine Vielzahl kleinerer S\u00e4ugetierarten. Nagetiere, wie Hasen, Ratten oder M\u00e4use sind hier ans\u00e4ssig. Dazu finden sich ungiftige Schlagen und unterschiedliche Arten von Flederm\u00e4usen. Hier kommt auch die Europ\u00e4ische Sumpfschildkr\u00f6te vor. In den zahlreichen Gew\u00e4ssern des Naturparks tummeln sich au\u00dferdem rund 30 verschiedene Fischarten, wie Barsche oder Aale. Auf den zahlreichen, gut ausgeschilderten Wanderwegen bietet sich dem Naturfreund eine vielf\u00e4ltige Vegetation. Rund 400 verschiedene Pflanzenarten, darunter mehr als 200 Pilzsorten, wachsen in diesem Feuchtgebiet. Das mediterrane Klima, mit einer angenehmen durchschnittlichen Jahrestemperatur von etwa 16\u00b0 C, ist ideal f\u00fcr lange Wanderungen oder ausgedehnte Spazierg\u00e4nge. Das einladende, mit bequemen Sitzb\u00e4nken ausgestattete Besucherzentrum versorgt die G\u00e4ste mit \u00fcbersichtlichen Landkarten. Wer Wert legt auf eine beschauliche Atmosph\u00e4re und eine atemberaubende Natur inmitten einer ruhigen Sumpflandschaft, f\u00fcr den ist ein Besuch im Parc Natural de S&#8217;Albufera ganz sicher ein lohnender Ausflug.","og_url":"https:\/\/www.lucie-hauri.com\/en\/parc-natural-de-salbufera-de-mallorca\/","og_site_name":"Lucie Hauri | Exclusive Real Estate","article_published_time":"2016-09-01T05:00:21+00:00","article_modified_time":"2025-01-06T13:56:07+00:00","og_image":[{"width":620,"height":253,"url":"https:\/\/www.lucie-hauri.com\/wp-content\/uploads\/2016\/09\/Parc_Natural_de_Albufera_Header.jpg","type":"image\/jpeg"}],"author":"Lucie Haurie","twitter_card":"summary_large_image","twitter_misc":{"Written by":"Lucie Haurie","Est. reading time":"4 minutes"},"schema":{"@context":"https:\/\/schema.org","@graph":[{"@type":"Article","@id":"https:\/\/www.lucie-hauri.com\/de\/parc-natural-de-salbufera-de-mallorca\/#article","isPartOf":{"@id":"https:\/\/www.lucie-hauri.com\/de\/parc-natural-de-salbufera-de-mallorca\/"},"author":{"name":"Lucie Haurie","@id":"https:\/\/www.lucie-hauri.com\/en\/#\/schema\/person\/2da0f594e9d27f36e29477b9f86d1f1d"},"headline":"Parc Natural de S&#8217;Albufera de Mallorca","datePublished":"2016-09-01T05:00:21+00:00","dateModified":"2025-01-06T13:56:07+00:00","mainEntityOfPage":{"@id":"https:\/\/www.lucie-hauri.com\/de\/parc-natural-de-salbufera-de-mallorca\/"},"wordCount":406,"image":{"@id":"https:\/\/www.lucie-hauri.com\/de\/parc-natural-de-salbufera-de-mallorca\/#primaryimage"},"thumbnailUrl":"https:\/\/www.lucie-hauri.com\/wp-content\/uploads\/2016\/09\/Parc_Natural_de_Albufera_Header.jpg","articleSection":["Freizeit","Inselleben","Land &amp; Leute"],"inLanguage":"en-US"},{"@type":"WebPage","@id":"https:\/\/www.lucie-hauri.com\/de\/parc-natural-de-salbufera-de-mallorca\/","url":"https:\/\/www.lucie-hauri.com\/de\/parc-natural-de-salbufera-de-mallorca\/","name":"Parc Natural de S'Albufera de Mallorca - Lucie Hauri | Exclusive Real Estate","isPartOf":{"@id":"https:\/\/www.lucie-hauri.com\/en\/#website"},"primaryImageOfPage":{"@id":"https:\/\/www.lucie-hauri.com\/de\/parc-natural-de-salbufera-de-mallorca\/#primaryimage"},"image":{"@id":"https:\/\/www.lucie-hauri.com\/de\/parc-natural-de-salbufera-de-mallorca\/#primaryimage"},"thumbnailUrl":"https:\/\/www.lucie-hauri.com\/wp-content\/uploads\/2016\/09\/Parc_Natural_de_Albufera_Header.jpg","datePublished":"2016-09-01T05:00:21+00:00","dateModified":"2025-01-06T13:56:07+00:00","author":{"@id":"https:\/\/www.lucie-hauri.com\/en\/#\/schema\/person\/2da0f594e9d27f36e29477b9f86d1f1d"},"inLanguage":"en-US","potentialAction":[{"@type":"ReadAction","target":["https:\/\/www.lucie-hauri.com\/de\/parc-natural-de-salbufera-de-mallorca\/"]}]},{"@type":"ImageObject","inLanguage":"en-US","@id":"https:\/\/www.lucie-hauri.com\/de\/parc-natural-de-salbufera-de-mallorca\/#primaryimage","url":"https:\/\/www.lucie-hauri.com\/wp-content\/uploads\/2016\/09\/Parc_Natural_de_Albufera_Header.jpg","contentUrl":"https:\/\/www.lucie-hauri.com\/wp-content\/uploads\/2016\/09\/Parc_Natural_de_Albufera_Header.jpg","width":620,"height":253},{"@type":"WebSite","@id":"https:\/\/www.lucie-hauri.com\/en\/#website","url":"https:\/\/www.lucie-hauri.com\/en\/","name":"Lucie Hauri | Exclusive real estate","description":"","potentialAction":[{"@type":"SearchAction","target":{"@type":"EntryPoint","urlTemplate":"https:\/\/www.lucie-hauri.com\/en\/?s={search_term_string}"},"query-input":{"@type":"PropertyValueSpecification","valueRequired":true,"valueName":"search_term_string"}}],"inLanguage":"en-US"},{"@type":"Person","@id":"https:\/\/www.lucie-hauri.com\/en\/#\/schema\/person\/2da0f594e9d27f36e29477b9f86d1f1d","name":"Lucie Haurie","image":{"@type":"ImageObject","inLanguage":"en-US","@id":"https:\/\/www.lucie-hauri.com\/en\/#\/schema\/person\/image\/","url":"https:\/\/secure.gravatar.com\/avatar\/5547acc5a9ccb58175658f3a6b0b1f239807fa157dfa222ae1731d25a7f34aed?s=96&d=mm&r=g","contentUrl":"https:\/\/secure.gravatar.com\/avatar\/5547acc5a9ccb58175658f3a6b0b1f239807fa157dfa222ae1731d25a7f34aed?s=96&d=mm&r=g","caption":"Lucie Haurie"},"url":"https:\/\/www.lucie-hauri.com\/en\/author\/m-wichmann\/"}]}},"_links":{"self":[{"href":"https:\/\/www.lucie-hauri.com\/en\/wp-json\/wp\/v2\/posts\/58880","targetHints":{"allow":["GET"]}}],"collection":[{"href":"https:\/\/www.lucie-hauri.com\/en\/wp-json\/wp\/v2\/posts"}],"about":[{"href":"https:\/\/www.lucie-hauri.com\/en\/wp-json\/wp\/v2\/types\/post"}],"author":[{"embeddable":true,"href":"https:\/\/www.lucie-hauri.com\/en\/wp-json\/wp\/v2\/users\/5"}],"replies":[{"embeddable":true,"href":"https:\/\/www.lucie-hauri.com\/en\/wp-json\/wp\/v2\/comments?post=58880"}],"version-history":[{"count":0,"href":"https:\/\/www.lucie-hauri.com\/en\/wp-json\/wp\/v2\/posts\/58880\/revisions"}],"wp:featuredmedia":[{"embeddable":true,"href":"https:\/\/www.lucie-hauri.com\/en\/wp-json\/wp\/v2\/media\/134457"}],"wp:attachment":[{"href":"https:\/\/www.lucie-hauri.com\/en\/wp-json\/wp\/v2\/media?parent=58880"}],"wp:term":[{"taxonomy":"category","embeddable":true,"href":"https:\/\/www.lucie-hauri.com\/en\/wp-json\/wp\/v2\/categories?post=58880"},{"taxonomy":"post_tag","embeddable":true,"href":"https:\/\/www.lucie-hauri.com\/en\/wp-json\/wp\/v2\/tags?post=58880"}],"curies":[{"name":"wp","href":"https:\/\/api.w.org\/{rel}","templated":true}]}}