{"id":57561,"date":"2016-07-05T13:44:53","date_gmt":"2016-07-05T11:44:53","guid":{"rendered":"https:\/\/lucie-hauri.hostpress.me\/kapern-mallorcas-bittere-koestlichkeiten\/"},"modified":"2025-01-06T14:56:17","modified_gmt":"2025-01-06T13:56:17","slug":"kapern-mallorcas-bittere-koestlichkeiten","status":"publish","type":"post","link":"https:\/\/www.lucie-hauri.com\/en\/kapern-mallorcas-bittere-koestlichkeiten\/","title":{"rendered":"Kapern &#8211; Mallorcas bittere K\u00f6stlichkeiten"},"content":{"rendered":"<div data-elementor-type=\"wp-post\" data-elementor-id=\"57561\" class=\"elementor elementor-57561\" data-elementor-post-type=\"post\">\n\t\t\t\t<div class=\"elementor-element elementor-element-50a2c9a e-flex e-con-boxed e-con e-parent\" data-id=\"50a2c9a\" data-element_type=\"container\">\n\t\t\t\t\t<div class=\"e-con-inner\">\n\t\t\t\t<div class=\"elementor-element elementor-element-1570ad86 elementor-widget elementor-widget-text-editor\" data-id=\"1570ad86\" data-element_type=\"widget\" data-widget_type=\"text-editor.default\">\n\t\t\t\t<div class=\"elementor-widget-container\">\n\t\t\t\t\t\t\t\t\t<p>Kapern gelten auch als das \\&#8220;gr\u00fcne Gold\\&#8220; Mallorcas. Und tats\u00e4chlich z\u00e4hlt gerade die malloriquinische Alcaparra zu den besten Kapernsorten der Welt. Einst waren Kapern die wichtigsten Exportartikel der Insel. Nicht nur in Europa sch\u00e4tzte man mallorquinische Alcaparras. Wegen ihres einzigartigen Geschmacks und der guten Qualit\u00e4t, wurden sie sogar nach \u00dcbersee verschifft. In der spanischen und mallorquinischen K\u00fcche werden sie nach wie vor sehr gerne verwendet. Entweder man liebt sie oder man hasst sie. Kapern sind wegen ihres intensiven bitteren Geschmacks nicht jedermanns Sache.<\/p><h2>Wo wachsen Kapern?<\/h2><p>Die kleinen, trauben\u00e4hnlichen Fr\u00fcchte wachsen an Bodenstr\u00e4uchern, die hei\u00dfes Klima bevorzugen. Daher gedeihen sie auf mallorquinischem Boden besonders gut. Damit im Fr\u00fchjahr wieder genug neue Triebe entstehen k\u00f6nnen, werden sie im Winter zur\u00fcckgeschnitten. Besonders auff\u00e4llig und leuchtend wei\u00df bis hellviolett sind die Bl\u00fcten der \\&#8220;Capparis Spinosa\\&#8220;. Doch oft findet man auch wild wachsende Kapernstr\u00e4ucher an Mauern oder naturbelassenen B\u00f6schungen. In der Saison zwischen Juli und September kann ein einziger Kapernstrauch bis zu 30 Kilogramm Fr\u00fcchte produzieren.<\/p><h2>Die Kapernernte<\/h2><p>Als mallorquinische Kapern-Hochburg gilt die Gegend rund um Llubi. Die Ernte geht recht m\u00fchsam vonstatten, denn Kapern k\u00f6nnen nur von Hand geerntet werden. Das erfordert viel Geschick und etwas Fingerspitzengef\u00fchl, denn der Busch sch\u00fctzt die Fr\u00fcchte an der Au\u00dfenseite der Stengel durch Dornen. Die Kapernernte erfolgt meist in den fr\u00fchen Morgenstunden zwischen sechs und zehn Uhr. Denn nur um diese Zeit sind die Knospen noch soweit geschlossen, dass sie ihr besonderes Aroma entfalten k\u00f6nnen. Nach der Ernte werden die Kapern nach Gr\u00f6\u00dfen sortiert, denn je kleiner die Kapern, desto h\u00f6her die Qualit\u00e4t und der Preis. Kapern werden nach der Ernte entweder in grobes Meersalz, in Salzlake oder Essig eingelegt.<\/p>\t\t\t\t\t\t\t\t<\/div>\n\t\t\t\t<\/div>\n\t\t\t\t<div class=\"elementor-element elementor-element-a2e129c elementor-arrows-position-inside elementor-pagination-position-outside elementor-widget elementor-widget-image-carousel\" data-id=\"a2e129c\" data-element_type=\"widget\" data-settings=\"{&quot;image_spacing_custom&quot;:{&quot;unit&quot;:&quot;px&quot;,&quot;size&quot;:15,&quot;sizes&quot;:[]},&quot;slides_to_show&quot;:&quot;2&quot;,&quot;navigation&quot;:&quot;both&quot;,&quot;autoplay&quot;:&quot;yes&quot;,&quot;pause_on_hover&quot;:&quot;yes&quot;,&quot;pause_on_interaction&quot;:&quot;yes&quot;,&quot;autoplay_speed&quot;:5000,&quot;infinite&quot;:&quot;yes&quot;,&quot;speed&quot;:500,&quot;image_spacing_custom_tablet&quot;:{&quot;unit&quot;:&quot;px&quot;,&quot;size&quot;:&quot;&quot;,&quot;sizes&quot;:[]},&quot;image_spacing_custom_mobile&quot;:{&quot;unit&quot;:&quot;px&quot;,&quot;size&quot;:&quot;&quot;,&quot;sizes&quot;:[]}}\" data-widget_type=\"image-carousel.default\">\n\t\t\t\t<div class=\"elementor-widget-container\">\n\t\t\t\t\t\t\t<div class=\"elementor-image-carousel-wrapper swiper\" role=\"region\" aria-roledescription=\"carousel\" aria-label=\"Bild Karussell\" dir=\"ltr\">\n\t\t\t<div class=\"elementor-image-carousel swiper-wrapper\" aria-live=\"off\">\n\t\t\t\t\t\t\t\t<div class=\"swiper-slide\" role=\"group\" aria-roledescription=\"slide\" aria-label=\"1 von 2\"><a data-elementor-open-lightbox=\"yes\" data-elementor-lightbox-slideshow=\"a2e129c\" data-e-action-hash=\"#elementor-action%3Aaction%3Dlightbox%26settings%3DeyJpZCI6MTM0MjQzLCJ1cmwiOiJodHRwczpcL1wvd3d3Lmx1Y2llLWhhdXJpLmNvbVwvd3AtY29udGVudFwvdXBsb2Fkc1wvMjAyM1wvMTJcL0thcGVybl8yLWUxNDY3MTIyODM3MTk0LmpwZyIsInNsaWRlc2hvdyI6ImEyZTEyOWMifQ%3D%3D\" href=\"https:\/\/www.lucie-hauri.com\/wp-content\/uploads\/2023\/12\/Kapern_2-e1467122837194.jpg\"><figure class=\"swiper-slide-inner\"><img decoding=\"async\" class=\"swiper-slide-image\" src=\"https:\/\/www.lucie-hauri.com\/wp-content\/uploads\/2023\/12\/Kapern_2-e1467122837194.jpg\" alt=\"Kapern_2-e1467122837194\" \/><\/figure><\/a><\/div><div class=\"swiper-slide\" role=\"group\" aria-roledescription=\"slide\" aria-label=\"2 von 2\"><a data-elementor-open-lightbox=\"yes\" data-elementor-lightbox-slideshow=\"a2e129c\" data-e-action-hash=\"#elementor-action%3Aaction%3Dlightbox%26settings%3DeyJpZCI6MTM0MjQ0LCJ1cmwiOiJodHRwczpcL1wvd3d3Lmx1Y2llLWhhdXJpLmNvbVwvd3AtY29udGVudFwvdXBsb2Fkc1wvMjAyM1wvMTJcL0thcGVybl8zLWUxNDY3MTIyNzc5OTcxLmpwZyIsInNsaWRlc2hvdyI6ImEyZTEyOWMifQ%3D%3D\" href=\"https:\/\/www.lucie-hauri.com\/wp-content\/uploads\/2023\/12\/Kapern_3-e1467122779971.jpg\"><figure class=\"swiper-slide-inner\"><img decoding=\"async\" class=\"swiper-slide-image\" src=\"https:\/\/www.lucie-hauri.com\/wp-content\/uploads\/2023\/12\/Kapern_3-e1467122779971.jpg\" alt=\"Kapern_3-e1467122779971\" \/><\/figure><\/a><\/div>\t\t\t<\/div>\n\t\t\t\t\t\t\t\t\t\t\t\t<div class=\"elementor-swiper-button elementor-swiper-button-prev\" role=\"button\" tabindex=\"0\">\n\t\t\t\t\t\t<i aria-hidden=\"true\" class=\"eicon-chevron-left\"><\/i>\t\t\t\t\t<\/div>\n\t\t\t\t\t<div class=\"elementor-swiper-button elementor-swiper-button-next\" role=\"button\" tabindex=\"0\">\n\t\t\t\t\t\t<i aria-hidden=\"true\" class=\"eicon-chevron-right\"><\/i>\t\t\t\t\t<\/div>\n\t\t\t\t\n\t\t\t\t\t\t\t\t\t<div class=\"swiper-pagination\"><\/div>\n\t\t\t\t\t\t\t\t\t<\/div>\n\t\t\t\t\t\t<\/div>\n\t\t\t\t<\/div>\n\t\t\t\t<div class=\"elementor-element elementor-element-8e772e8 elementor-widget elementor-widget-text-editor\" data-id=\"8e772e8\" data-element_type=\"widget\" data-widget_type=\"text-editor.default\">\n\t\t\t\t<div class=\"elementor-widget-container\">\n\t\t\t\t\t\t\t\t\t<p>Kapern werden auf Mallorca gerne zu beliebten K\u00fcchenklassikern gegessen. Hierzu z\u00e4hlen beispielsweise Croquetas de Manos de Cerdo, Schweinekroketten, die mit Kapernbutter oder B\u00e9chamelsauce mit Kapern verfeinert werden. Sie gelten auch als unverzichtbarer Bestandteil von Zunge in Kapernsauce. Auch als Beigabe und Deko f\u00fcr viele Tapas werden Kapern gerne eingesetzt. Doch am liebsten essen die Mallorquiner die Alacparras direkt aus dem Glas. Dazu wird \\&#8220;Pa amb Oli\\&#8220;, Brot mit Oliven\u00f6l und Tomate gereicht.<\/p>\t\t\t\t\t\t\t\t<\/div>\n\t\t\t\t<\/div>\n\t\t\t\t\t<\/div>\n\t\t\t\t<\/div>\n\t\t\t\t<\/div>","protected":false},"excerpt":{"rendered":"<p>Kapern gelten auch als das &#8222;gr\u00fcne Gold&#8220; Mallorcas. Und tats\u00e4chlich z\u00e4hlt gerade die malloriquinische Alcaparra zu den besten Kapernsorten der Welt. Einst waren Kapern die wichtigsten Exportartikel der Insel. Nicht nur in Europa sch\u00e4tzte man mallorquinische Alcaparras. Wegen ihres einzigartigen Geschmacks und der guten Qualit\u00e4t, wurden sie sogar nach \u00dcbersee verschifft. In der spanischen und mallorquinischen K\u00fcche werden sie nach wie vor sehr gerne verwendet. Entweder man liebt sie oder man hasst sie. Kapern sind wegen ihres intensiven bitteren Geschmacks nicht jedermanns Sache. Wo wachsen Kapern? Die kleinen, trauben\u00e4hnlichen Fr\u00fcchte wachsen an Bodenstr\u00e4uchern, die hei\u00dfes Klima bevorzugen. Daher gedeihen sie auf mallorquinischem Boden besonders gut. Damit im Fr\u00fchjahr wieder genug neue Triebe entstehen k\u00f6nnen, werden sie im Winter zur\u00fcckgeschnitten. Besonders auff\u00e4llig und leuchtend wei\u00df bis hellviolett sind die Bl\u00fcten der &#8222;Capparis Spinosa&#8220;. Doch oft findet man auch wild wachsende Kapernstr\u00e4ucher an Mauern oder naturbelassenen B\u00f6schungen. In der Saison zwischen Juli und September kann ein einziger Kapernstrauch bis zu 30 Kilogramm Fr\u00fcchte produzieren. Die Kapernernte Als mallorquinische Kapern-Hochburg gilt die Gegend rund um Llubi. Die Ernte geht recht m\u00fchsam vonstatten, denn Kapern k\u00f6nnen nur von Hand geerntet werden. Das erfordert viel Geschick und etwas Fingerspitzengef\u00fchl, denn der Busch sch\u00fctzt die Fr\u00fcchte an der Au\u00dfenseite der Stengel durch Dornen. Die Kapernernte erfolgt meist in den fr\u00fchen Morgenstunden zwischen sechs und zehn Uhr. Denn nur um diese Zeit sind die Knospen noch soweit geschlossen, dass sie ihr besonderes Aroma entfalten k\u00f6nnen. Nach der Ernte werden die Kapern nach Gr\u00f6\u00dfen sortiert, denn je kleiner die Kapern, desto h\u00f6her die Qualit\u00e4t und der Preis. Kapern werden nach der Ernte entweder in grobes Meersalz, in Salzlake oder Essig eingelegt. Kapern werden auf Mallorca gerne zu beliebten K\u00fcchenklassikern gegessen. Hierzu z\u00e4hlen beispielsweise Croquetas de Manos de Cerdo, Schweinekroketten, die mit Kapernbutter oder B\u00e9chamelsauce mit Kapern verfeinert werden. Sie gelten auch als unverzichtbarer Bestandteil von Zunge in Kapernsauce. Auch als Beigabe und Deko f\u00fcr viele Tapas werden Kapern gerne eingesetzt. Doch am liebsten essen die Mallorquiner die Alacparras direkt aus dem Glas. Dazu wird &#8222;Pa amb Oli&#8220;, Brot mit Oliven\u00f6l und Tomate gereicht.<\/p>","protected":false},"author":5,"featured_media":134242,"comment_status":"closed","ping_status":"open","sticky":false,"template":"","format":"standard","meta":{"_acf_changed":false,"footnotes":""},"categories":[214,221,216],"tags":[],"class_list":["post-57561","post","type-post","status-publish","format-standard","has-post-thumbnail","hentry","category-inselleben","category-kulinarisches","category-land-leute"],"acf":[],"yoast_head":"<!-- This site is optimized with the Yoast SEO Premium plugin v24.4 (Yoast SEO v26.8) - https:\/\/yoast.com\/product\/yoast-seo-premium-wordpress\/ -->\n<title>Kapern - Mallorcas bittere K\u00f6stlichkeiten - Lucie Hauri | Exclusive Real Estate<\/title>\n<meta name=\"robots\" content=\"index, follow, max-snippet:-1, max-image-preview:large, max-video-preview:-1\" \/>\n<link rel=\"canonical\" href=\"https:\/\/www.lucie-hauri.com\/en\/kapern-mallorcas-bittere-koestlichkeiten\/\" \/>\n<meta property=\"og:locale\" content=\"en_US\" \/>\n<meta property=\"og:type\" content=\"article\" \/>\n<meta property=\"og:title\" content=\"Kapern - Mallorcas bittere K\u00f6stlichkeiten - Lucie Hauri | Exclusive Real Estate\" \/>\n<meta property=\"og:description\" content=\"Kapern gelten auch als das &#8222;gr\u00fcne Gold&#8220; Mallorcas. Und tats\u00e4chlich z\u00e4hlt gerade die malloriquinische Alcaparra zu den besten Kapernsorten der Welt. Einst waren Kapern die wichtigsten Exportartikel der Insel. Nicht nur in Europa sch\u00e4tzte man mallorquinische Alcaparras. Wegen ihres einzigartigen Geschmacks und der guten Qualit\u00e4t, wurden sie sogar nach \u00dcbersee verschifft. In der spanischen und mallorquinischen K\u00fcche werden sie nach wie vor sehr gerne verwendet. Entweder man liebt sie oder man hasst sie. Kapern sind wegen ihres intensiven bitteren Geschmacks nicht jedermanns Sache. Wo wachsen Kapern? Die kleinen, trauben\u00e4hnlichen Fr\u00fcchte wachsen an Bodenstr\u00e4uchern, die hei\u00dfes Klima bevorzugen. Daher gedeihen sie auf mallorquinischem Boden besonders gut. Damit im Fr\u00fchjahr wieder genug neue Triebe entstehen k\u00f6nnen, werden sie im Winter zur\u00fcckgeschnitten. Besonders auff\u00e4llig und leuchtend wei\u00df bis hellviolett sind die Bl\u00fcten der &#8222;Capparis Spinosa&#8220;. Doch oft findet man auch wild wachsende Kapernstr\u00e4ucher an Mauern oder naturbelassenen B\u00f6schungen. In der Saison zwischen Juli und September kann ein einziger Kapernstrauch bis zu 30 Kilogramm Fr\u00fcchte produzieren. Die Kapernernte Als mallorquinische Kapern-Hochburg gilt die Gegend rund um Llubi. Die Ernte geht recht m\u00fchsam vonstatten, denn Kapern k\u00f6nnen nur von Hand geerntet werden. Das erfordert viel Geschick und etwas Fingerspitzengef\u00fchl, denn der Busch sch\u00fctzt die Fr\u00fcchte an der Au\u00dfenseite der Stengel durch Dornen. Die Kapernernte erfolgt meist in den fr\u00fchen Morgenstunden zwischen sechs und zehn Uhr. Denn nur um diese Zeit sind die Knospen noch soweit geschlossen, dass sie ihr besonderes Aroma entfalten k\u00f6nnen. Nach der Ernte werden die Kapern nach Gr\u00f6\u00dfen sortiert, denn je kleiner die Kapern, desto h\u00f6her die Qualit\u00e4t und der Preis. Kapern werden nach der Ernte entweder in grobes Meersalz, in Salzlake oder Essig eingelegt. Kapern werden auf Mallorca gerne zu beliebten K\u00fcchenklassikern gegessen. Hierzu z\u00e4hlen beispielsweise Croquetas de Manos de Cerdo, Schweinekroketten, die mit Kapernbutter oder B\u00e9chamelsauce mit Kapern verfeinert werden. Sie gelten auch als unverzichtbarer Bestandteil von Zunge in Kapernsauce. Auch als Beigabe und Deko f\u00fcr viele Tapas werden Kapern gerne eingesetzt. Doch am liebsten essen die Mallorquiner die Alacparras direkt aus dem Glas. Dazu wird &#8222;Pa amb Oli&#8220;, Brot mit Oliven\u00f6l und Tomate gereicht.\" \/>\n<meta property=\"og:url\" content=\"https:\/\/www.lucie-hauri.com\/en\/kapern-mallorcas-bittere-koestlichkeiten\/\" \/>\n<meta property=\"og:site_name\" content=\"Lucie Hauri | Exclusive Real Estate\" \/>\n<meta property=\"article:published_time\" content=\"2016-07-05T11:44:53+00:00\" \/>\n<meta property=\"article:modified_time\" content=\"2025-01-06T13:56:17+00:00\" \/>\n<meta property=\"og:image\" content=\"https:\/\/www.lucie-hauri.com\/wp-content\/uploads\/2016\/07\/Kapern_1-e1467189125755-620x246-1.jpg\" \/>\n\t<meta property=\"og:image:width\" content=\"620\" \/>\n\t<meta property=\"og:image:height\" content=\"246\" \/>\n\t<meta property=\"og:image:type\" content=\"image\/jpeg\" \/>\n<meta name=\"author\" content=\"Lucie Haurie\" \/>\n<meta name=\"twitter:card\" content=\"summary_large_image\" \/>\n<meta name=\"twitter:label1\" content=\"Written by\" \/>\n\t<meta name=\"twitter:data1\" content=\"Lucie Haurie\" \/>\n\t<meta name=\"twitter:label2\" content=\"Est. reading time\" \/>\n\t<meta name=\"twitter:data2\" content=\"4 minutes\" \/>\n<script type=\"application\/ld+json\" class=\"yoast-schema-graph\">{\"@context\":\"https:\/\/schema.org\",\"@graph\":[{\"@type\":\"Article\",\"@id\":\"https:\/\/www.lucie-hauri.com\/de\/kapern-mallorcas-bittere-koestlichkeiten\/#article\",\"isPartOf\":{\"@id\":\"https:\/\/www.lucie-hauri.com\/de\/kapern-mallorcas-bittere-koestlichkeiten\/\"},\"author\":{\"name\":\"Lucie Haurie\",\"@id\":\"https:\/\/www.lucie-hauri.com\/en\/#\/schema\/person\/2da0f594e9d27f36e29477b9f86d1f1d\"},\"headline\":\"Kapern &#8211; Mallorcas bittere K\u00f6stlichkeiten\",\"datePublished\":\"2016-07-05T11:44:53+00:00\",\"dateModified\":\"2025-01-06T13:56:17+00:00\",\"mainEntityOfPage\":{\"@id\":\"https:\/\/www.lucie-hauri.com\/de\/kapern-mallorcas-bittere-koestlichkeiten\/\"},\"wordCount\":384,\"image\":{\"@id\":\"https:\/\/www.lucie-hauri.com\/de\/kapern-mallorcas-bittere-koestlichkeiten\/#primaryimage\"},\"thumbnailUrl\":\"https:\/\/www.lucie-hauri.com\/wp-content\/uploads\/2016\/07\/Kapern_1-e1467189125755-620x246-1.jpg\",\"articleSection\":[\"Inselleben\",\"Kulinarisches\",\"Land &amp; Leute\"],\"inLanguage\":\"en-US\"},{\"@type\":\"WebPage\",\"@id\":\"https:\/\/www.lucie-hauri.com\/de\/kapern-mallorcas-bittere-koestlichkeiten\/\",\"url\":\"https:\/\/www.lucie-hauri.com\/de\/kapern-mallorcas-bittere-koestlichkeiten\/\",\"name\":\"Kapern - Mallorcas bittere K\u00f6stlichkeiten - Lucie Hauri | Exclusive Real Estate\",\"isPartOf\":{\"@id\":\"https:\/\/www.lucie-hauri.com\/en\/#website\"},\"primaryImageOfPage\":{\"@id\":\"https:\/\/www.lucie-hauri.com\/de\/kapern-mallorcas-bittere-koestlichkeiten\/#primaryimage\"},\"image\":{\"@id\":\"https:\/\/www.lucie-hauri.com\/de\/kapern-mallorcas-bittere-koestlichkeiten\/#primaryimage\"},\"thumbnailUrl\":\"https:\/\/www.lucie-hauri.com\/wp-content\/uploads\/2016\/07\/Kapern_1-e1467189125755-620x246-1.jpg\",\"datePublished\":\"2016-07-05T11:44:53+00:00\",\"dateModified\":\"2025-01-06T13:56:17+00:00\",\"author\":{\"@id\":\"https:\/\/www.lucie-hauri.com\/en\/#\/schema\/person\/2da0f594e9d27f36e29477b9f86d1f1d\"},\"inLanguage\":\"en-US\",\"potentialAction\":[{\"@type\":\"ReadAction\",\"target\":[\"https:\/\/www.lucie-hauri.com\/de\/kapern-mallorcas-bittere-koestlichkeiten\/\"]}]},{\"@type\":\"ImageObject\",\"inLanguage\":\"en-US\",\"@id\":\"https:\/\/www.lucie-hauri.com\/de\/kapern-mallorcas-bittere-koestlichkeiten\/#primaryimage\",\"url\":\"https:\/\/www.lucie-hauri.com\/wp-content\/uploads\/2016\/07\/Kapern_1-e1467189125755-620x246-1.jpg\",\"contentUrl\":\"https:\/\/www.lucie-hauri.com\/wp-content\/uploads\/2016\/07\/Kapern_1-e1467189125755-620x246-1.jpg\",\"width\":620,\"height\":246},{\"@type\":\"WebSite\",\"@id\":\"https:\/\/www.lucie-hauri.com\/en\/#website\",\"url\":\"https:\/\/www.lucie-hauri.com\/en\/\",\"name\":\"Lucie Hauri | Exclusive Real Estate\",\"description\":\"\",\"potentialAction\":[{\"@type\":\"SearchAction\",\"target\":{\"@type\":\"EntryPoint\",\"urlTemplate\":\"https:\/\/www.lucie-hauri.com\/en\/?s={search_term_string}\"},\"query-input\":{\"@type\":\"PropertyValueSpecification\",\"valueRequired\":true,\"valueName\":\"search_term_string\"}}],\"inLanguage\":\"en-US\"},{\"@type\":\"Person\",\"@id\":\"https:\/\/www.lucie-hauri.com\/en\/#\/schema\/person\/2da0f594e9d27f36e29477b9f86d1f1d\",\"name\":\"Lucie Haurie\",\"image\":{\"@type\":\"ImageObject\",\"inLanguage\":\"en-US\",\"@id\":\"https:\/\/www.lucie-hauri.com\/en\/#\/schema\/person\/image\/\",\"url\":\"https:\/\/secure.gravatar.com\/avatar\/5547acc5a9ccb58175658f3a6b0b1f239807fa157dfa222ae1731d25a7f34aed?s=96&d=mm&r=g\",\"contentUrl\":\"https:\/\/secure.gravatar.com\/avatar\/5547acc5a9ccb58175658f3a6b0b1f239807fa157dfa222ae1731d25a7f34aed?s=96&d=mm&r=g\",\"caption\":\"Lucie Haurie\"},\"url\":\"https:\/\/www.lucie-hauri.com\/en\/author\/m-wichmann\/\"}]}<\/script>\n<!-- \/ Yoast SEO Premium plugin. -->","yoast_head_json":{"title":"Kapern - Mallorcas bittere K\u00f6stlichkeiten - Lucie Hauri | Exclusive Real Estate","robots":{"index":"index","follow":"follow","max-snippet":"max-snippet:-1","max-image-preview":"max-image-preview:large","max-video-preview":"max-video-preview:-1"},"canonical":"https:\/\/www.lucie-hauri.com\/en\/kapern-mallorcas-bittere-koestlichkeiten\/","og_locale":"en_US","og_type":"article","og_title":"Kapern - Mallorcas bittere K\u00f6stlichkeiten - Lucie Hauri | Exclusive Real Estate","og_description":"Kapern gelten auch als das &#8222;gr\u00fcne Gold&#8220; Mallorcas. Und tats\u00e4chlich z\u00e4hlt gerade die malloriquinische Alcaparra zu den besten Kapernsorten der Welt. Einst waren Kapern die wichtigsten Exportartikel der Insel. Nicht nur in Europa sch\u00e4tzte man mallorquinische Alcaparras. Wegen ihres einzigartigen Geschmacks und der guten Qualit\u00e4t, wurden sie sogar nach \u00dcbersee verschifft. In der spanischen und mallorquinischen K\u00fcche werden sie nach wie vor sehr gerne verwendet. Entweder man liebt sie oder man hasst sie. Kapern sind wegen ihres intensiven bitteren Geschmacks nicht jedermanns Sache. Wo wachsen Kapern? Die kleinen, trauben\u00e4hnlichen Fr\u00fcchte wachsen an Bodenstr\u00e4uchern, die hei\u00dfes Klima bevorzugen. Daher gedeihen sie auf mallorquinischem Boden besonders gut. Damit im Fr\u00fchjahr wieder genug neue Triebe entstehen k\u00f6nnen, werden sie im Winter zur\u00fcckgeschnitten. Besonders auff\u00e4llig und leuchtend wei\u00df bis hellviolett sind die Bl\u00fcten der &#8222;Capparis Spinosa&#8220;. Doch oft findet man auch wild wachsende Kapernstr\u00e4ucher an Mauern oder naturbelassenen B\u00f6schungen. In der Saison zwischen Juli und September kann ein einziger Kapernstrauch bis zu 30 Kilogramm Fr\u00fcchte produzieren. Die Kapernernte Als mallorquinische Kapern-Hochburg gilt die Gegend rund um Llubi. Die Ernte geht recht m\u00fchsam vonstatten, denn Kapern k\u00f6nnen nur von Hand geerntet werden. Das erfordert viel Geschick und etwas Fingerspitzengef\u00fchl, denn der Busch sch\u00fctzt die Fr\u00fcchte an der Au\u00dfenseite der Stengel durch Dornen. Die Kapernernte erfolgt meist in den fr\u00fchen Morgenstunden zwischen sechs und zehn Uhr. Denn nur um diese Zeit sind die Knospen noch soweit geschlossen, dass sie ihr besonderes Aroma entfalten k\u00f6nnen. Nach der Ernte werden die Kapern nach Gr\u00f6\u00dfen sortiert, denn je kleiner die Kapern, desto h\u00f6her die Qualit\u00e4t und der Preis. Kapern werden nach der Ernte entweder in grobes Meersalz, in Salzlake oder Essig eingelegt. Kapern werden auf Mallorca gerne zu beliebten K\u00fcchenklassikern gegessen. Hierzu z\u00e4hlen beispielsweise Croquetas de Manos de Cerdo, Schweinekroketten, die mit Kapernbutter oder B\u00e9chamelsauce mit Kapern verfeinert werden. Sie gelten auch als unverzichtbarer Bestandteil von Zunge in Kapernsauce. Auch als Beigabe und Deko f\u00fcr viele Tapas werden Kapern gerne eingesetzt. Doch am liebsten essen die Mallorquiner die Alacparras direkt aus dem Glas. Dazu wird &#8222;Pa amb Oli&#8220;, Brot mit Oliven\u00f6l und Tomate gereicht.","og_url":"https:\/\/www.lucie-hauri.com\/en\/kapern-mallorcas-bittere-koestlichkeiten\/","og_site_name":"Lucie Hauri | Exclusive Real Estate","article_published_time":"2016-07-05T11:44:53+00:00","article_modified_time":"2025-01-06T13:56:17+00:00","og_image":[{"width":620,"height":246,"url":"https:\/\/www.lucie-hauri.com\/wp-content\/uploads\/2016\/07\/Kapern_1-e1467189125755-620x246-1.jpg","type":"image\/jpeg"}],"author":"Lucie Haurie","twitter_card":"summary_large_image","twitter_misc":{"Written by":"Lucie Haurie","Est. reading time":"4 minutes"},"schema":{"@context":"https:\/\/schema.org","@graph":[{"@type":"Article","@id":"https:\/\/www.lucie-hauri.com\/de\/kapern-mallorcas-bittere-koestlichkeiten\/#article","isPartOf":{"@id":"https:\/\/www.lucie-hauri.com\/de\/kapern-mallorcas-bittere-koestlichkeiten\/"},"author":{"name":"Lucie Haurie","@id":"https:\/\/www.lucie-hauri.com\/en\/#\/schema\/person\/2da0f594e9d27f36e29477b9f86d1f1d"},"headline":"Kapern &#8211; Mallorcas bittere K\u00f6stlichkeiten","datePublished":"2016-07-05T11:44:53+00:00","dateModified":"2025-01-06T13:56:17+00:00","mainEntityOfPage":{"@id":"https:\/\/www.lucie-hauri.com\/de\/kapern-mallorcas-bittere-koestlichkeiten\/"},"wordCount":384,"image":{"@id":"https:\/\/www.lucie-hauri.com\/de\/kapern-mallorcas-bittere-koestlichkeiten\/#primaryimage"},"thumbnailUrl":"https:\/\/www.lucie-hauri.com\/wp-content\/uploads\/2016\/07\/Kapern_1-e1467189125755-620x246-1.jpg","articleSection":["Inselleben","Kulinarisches","Land &amp; Leute"],"inLanguage":"en-US"},{"@type":"WebPage","@id":"https:\/\/www.lucie-hauri.com\/de\/kapern-mallorcas-bittere-koestlichkeiten\/","url":"https:\/\/www.lucie-hauri.com\/de\/kapern-mallorcas-bittere-koestlichkeiten\/","name":"Kapern - Mallorcas bittere K\u00f6stlichkeiten - Lucie Hauri | Exclusive Real Estate","isPartOf":{"@id":"https:\/\/www.lucie-hauri.com\/en\/#website"},"primaryImageOfPage":{"@id":"https:\/\/www.lucie-hauri.com\/de\/kapern-mallorcas-bittere-koestlichkeiten\/#primaryimage"},"image":{"@id":"https:\/\/www.lucie-hauri.com\/de\/kapern-mallorcas-bittere-koestlichkeiten\/#primaryimage"},"thumbnailUrl":"https:\/\/www.lucie-hauri.com\/wp-content\/uploads\/2016\/07\/Kapern_1-e1467189125755-620x246-1.jpg","datePublished":"2016-07-05T11:44:53+00:00","dateModified":"2025-01-06T13:56:17+00:00","author":{"@id":"https:\/\/www.lucie-hauri.com\/en\/#\/schema\/person\/2da0f594e9d27f36e29477b9f86d1f1d"},"inLanguage":"en-US","potentialAction":[{"@type":"ReadAction","target":["https:\/\/www.lucie-hauri.com\/de\/kapern-mallorcas-bittere-koestlichkeiten\/"]}]},{"@type":"ImageObject","inLanguage":"en-US","@id":"https:\/\/www.lucie-hauri.com\/de\/kapern-mallorcas-bittere-koestlichkeiten\/#primaryimage","url":"https:\/\/www.lucie-hauri.com\/wp-content\/uploads\/2016\/07\/Kapern_1-e1467189125755-620x246-1.jpg","contentUrl":"https:\/\/www.lucie-hauri.com\/wp-content\/uploads\/2016\/07\/Kapern_1-e1467189125755-620x246-1.jpg","width":620,"height":246},{"@type":"WebSite","@id":"https:\/\/www.lucie-hauri.com\/en\/#website","url":"https:\/\/www.lucie-hauri.com\/en\/","name":"Lucie Hauri | Exclusive real estate","description":"","potentialAction":[{"@type":"SearchAction","target":{"@type":"EntryPoint","urlTemplate":"https:\/\/www.lucie-hauri.com\/en\/?s={search_term_string}"},"query-input":{"@type":"PropertyValueSpecification","valueRequired":true,"valueName":"search_term_string"}}],"inLanguage":"en-US"},{"@type":"Person","@id":"https:\/\/www.lucie-hauri.com\/en\/#\/schema\/person\/2da0f594e9d27f36e29477b9f86d1f1d","name":"Lucie Haurie","image":{"@type":"ImageObject","inLanguage":"en-US","@id":"https:\/\/www.lucie-hauri.com\/en\/#\/schema\/person\/image\/","url":"https:\/\/secure.gravatar.com\/avatar\/5547acc5a9ccb58175658f3a6b0b1f239807fa157dfa222ae1731d25a7f34aed?s=96&d=mm&r=g","contentUrl":"https:\/\/secure.gravatar.com\/avatar\/5547acc5a9ccb58175658f3a6b0b1f239807fa157dfa222ae1731d25a7f34aed?s=96&d=mm&r=g","caption":"Lucie Haurie"},"url":"https:\/\/www.lucie-hauri.com\/en\/author\/m-wichmann\/"}]}},"_links":{"self":[{"href":"https:\/\/www.lucie-hauri.com\/en\/wp-json\/wp\/v2\/posts\/57561","targetHints":{"allow":["GET"]}}],"collection":[{"href":"https:\/\/www.lucie-hauri.com\/en\/wp-json\/wp\/v2\/posts"}],"about":[{"href":"https:\/\/www.lucie-hauri.com\/en\/wp-json\/wp\/v2\/types\/post"}],"author":[{"embeddable":true,"href":"https:\/\/www.lucie-hauri.com\/en\/wp-json\/wp\/v2\/users\/5"}],"replies":[{"embeddable":true,"href":"https:\/\/www.lucie-hauri.com\/en\/wp-json\/wp\/v2\/comments?post=57561"}],"version-history":[{"count":0,"href":"https:\/\/www.lucie-hauri.com\/en\/wp-json\/wp\/v2\/posts\/57561\/revisions"}],"wp:featuredmedia":[{"embeddable":true,"href":"https:\/\/www.lucie-hauri.com\/en\/wp-json\/wp\/v2\/media\/134242"}],"wp:attachment":[{"href":"https:\/\/www.lucie-hauri.com\/en\/wp-json\/wp\/v2\/media?parent=57561"}],"wp:term":[{"taxonomy":"category","embeddable":true,"href":"https:\/\/www.lucie-hauri.com\/en\/wp-json\/wp\/v2\/categories?post=57561"},{"taxonomy":"post_tag","embeddable":true,"href":"https:\/\/www.lucie-hauri.com\/en\/wp-json\/wp\/v2\/tags?post=57561"}],"curies":[{"name":"wp","href":"https:\/\/api.w.org\/{rel}","templated":true}]}}