{"id":68035,"date":"2019-01-25T10:52:18","date_gmt":"2019-01-25T09:52:18","guid":{"rendered":"https:\/\/lucie-hauri.hostpress.me\/der-koenigspalast-la-almudaina\/"},"modified":"2025-01-06T14:55:21","modified_gmt":"2025-01-06T13:55:21","slug":"der-koenigspalast-la-almudaina","status":"publish","type":"post","link":"https:\/\/www.lucie-hauri.com\/de\/der-koenigspalast-la-almudaina\/","title":{"rendered":"Der K\u00f6nigspalast La Almudaina"},"content":{"rendered":"\t\t<div data-elementor-type=\"wp-post\" data-elementor-id=\"68035\" class=\"elementor elementor-68035\" data-elementor-post-type=\"post\">\n\t\t\t\t<div class=\"elementor-element elementor-element-cb03bcd e-flex e-con-boxed e-con e-parent\" data-id=\"cb03bcd\" data-element_type=\"container\">\n\t\t\t\t\t<div class=\"e-con-inner\">\n\t\t\t\t<div class=\"elementor-element elementor-element-75723ded elementor-widget elementor-widget-text-editor\" data-id=\"75723ded\" data-element_type=\"widget\" data-widget_type=\"text-editor.default\">\n\t\t\t\t<div class=\"elementor-widget-container\">\n\t\t\t\t\t\t\t\t\t<p>Gleich neben der Kathedrale La Seu von Palma thront der m\u00e4chtige Palacio de la Almudaina, der K\u00f6nigspalast der Inselhauptstadt. Wer ein wenig Ruhe abseits vom st\u00e4dtischen Trubel sucht, der kann in den h\u00fcbschen anliegenden G\u00e4rten wunderbar flanieren und etwas entspannen.<\/p><p>Doch auch der Palast selbst ist einen Besuch wert. Der un\u00fcbersehbare Palacio de la Almudaina ist eine ehemalige arabische Festung. Im 14 Jahrhundert wurde das eindrucksvolle Bauwerk im Auftrag des K\u00f6nigs Jaume II zum Sommersitz der spanischen K\u00f6nigsfamilie umgebaut. Die Umbauten im gotischen Stil wurden vom bekannten Baumeister Pere Salv\u00e1 durchgef\u00fchrt, der auch f\u00fcr den Bau des Schlosses Bellver verantwortlich zeichnete.<\/p><p>Heute dient der Palast dem amtierenden spanischen K\u00f6nig Felipe VI. als Amtssitz w\u00e4hrend der Sommermonate. Zu offiziellen Festlichkeiten oder anderen politischen Anl\u00e4ssen ist der, rund 20.000 Quadratmeter gro\u00dfe, Bau nur bedingt der \u00d6ffentlichkeit zug\u00e4nglich.<\/p><p>Jedoch lohnt es sich, an einer F\u00fchrung durch die \u00f6ffentlichen Geb\u00e4udeteile teilzunehmen. So befinden sich im Palacio de la Almudaina wundersch\u00f6n gearbeitete fl\u00e4mische Wandteppiche und Gem\u00e4lde aus dem 16. und 17. Jahrhundert, die einen Teil der spanischen Geschichte darstellen sollen. Imposant sind besonders die Darstellungen der Schlacht vom Lepanto, bei der im Jahre 1571 die Flotten der Spanier und der Venezianer gemeinsam gegen die T\u00fcrken k\u00e4mpften.<\/p><p>Weiterhin besichtigt man im Rahmen der F\u00fchrung einen h\u00fcbschen gotischen Salon, der h\u00e4ufig f\u00fcr Empf\u00e4nge genutzt wird. Besonders sehenswert ist die kleine romantische Kapelle Santa Ana. Sie stammt aus dem 14. Jahrhundert. Ihre eindrucksvolle Fassade spiegelt den besonderen Architekturstil der Insel wieder. Der Eingang, im r\u00f6mischen Stil erbaut, zeigt imposante Ornamente, die mit fantastischen Tierabbildern verziert sind. Im Inneren der Kapelle befindet sich ein sehenswertes Bild des mallorquinischen K\u00fcnstlers Rafael Mojer, das er im Jahre 1465 erschuf.<\/p><p>Insgesamt verbindet die Anlage maurische und christliche Bauelemente auf harmonische Art und Weise miteinander. Sehenswert ist au\u00dferdem der schattige, arkadenges\u00e4umte Innenhof im gotischen Stil. Aus den Fenstern des Palacio de la Almudaina blickt man auf den wundersch\u00f6n angelegten K\u00f6nigsgarten, der zu einem kleinen Spaziergang einl\u00e4dt. Besonders ins Auge sticht eine Skulptur im &#8222;S&#8217;Hort del Rei&#8220;. Bei diesem au\u00dfergew\u00f6hnlichen Kunstwerk handelt es sich um eine Arbeit des ber\u00fchmten katalanischen Malers, Bildhauers und Grafikers Joan Mir\u00f3.<\/p>\t\t\t\t\t\t\t\t<\/div>\n\t\t\t\t<\/div>\n\t\t\t\t\t<\/div>\n\t\t\t\t<\/div>\n\t\t\t\t<\/div>\n\t\t","protected":false},"excerpt":{"rendered":"<p>Gleich neben der Kathedrale La Seu von Palma thront der m\u00e4chtige Palacio de la Almudaina, der K\u00f6nigspalast der Inselhauptstadt. Wer ein wenig Ruhe abseits vom st\u00e4dtischen Trubel sucht, der kann in den h\u00fcbschen anliegenden G\u00e4rten wunderbar flanieren und etwas entspannen. Doch auch der Palast selbst ist einen Besuch wert. Der un\u00fcbersehbare Palacio de la Almudaina ist eine ehemalige arabische Festung. Im 14 Jahrhundert wurde das eindrucksvolle Bauwerk im Auftrag des K\u00f6nigs Jaume II zum Sommersitz der spanischen K\u00f6nigsfamilie umgebaut. Die Umbauten im gotischen Stil wurden vom bekannten Baumeister Pere Salv\u00e1 durchgef\u00fchrt, der auch f\u00fcr den Bau des Schlosses Bellver verantwortlich zeichnete. Heute dient der Palast dem amtierenden spanischen K\u00f6nig Felipe VI. als Amtssitz w\u00e4hrend der Sommermonate. Zu offiziellen Festlichkeiten oder anderen politischen Anl\u00e4ssen ist der, rund 20.000 Quadratmeter gro\u00dfe, Bau nur bedingt der \u00d6ffentlichkeit zug\u00e4nglich. Jedoch lohnt es sich, an einer F\u00fchrung durch die \u00f6ffentlichen Geb\u00e4udeteile teilzunehmen. So befinden sich im Palacio de la Almudaina wundersch\u00f6n gearbeitete fl\u00e4mische Wandteppiche und Gem\u00e4lde aus dem 16. und 17. Jahrhundert, die einen Teil der spanischen Geschichte darstellen sollen. Imposant sind besonders die Darstellungen der Schlacht vom Lepanto, bei der im Jahre 1571 die Flotten der Spanier und der Venezianer gemeinsam gegen die T\u00fcrken k\u00e4mpften. Weiterhin besichtigt man im Rahmen der F\u00fchrung einen h\u00fcbschen gotischen Salon, der h\u00e4ufig f\u00fcr Empf\u00e4nge genutzt wird. Besonders sehenswert ist die kleine romantische Kapelle Santa Ana. Sie stammt aus dem 14. Jahrhundert. Ihre eindrucksvolle Fassade spiegelt den besonderen Architekturstil der Insel wieder. Der Eingang, im r\u00f6mischen Stil erbaut, zeigt imposante Ornamente, die mit fantastischen Tierabbildern verziert sind. Im Inneren der Kapelle befindet sich ein sehenswertes Bild des mallorquinischen K\u00fcnstlers Rafael Mojer, das er im Jahre 1465 erschuf. Insgesamt verbindet die Anlage maurische und christliche Bauelemente auf harmonische Art und Weise miteinander. Sehenswert ist au\u00dferdem der schattige, arkadenges\u00e4umte Innenhof im gotischen Stil. Aus den Fenstern des Palacio de la Almudaina blickt man auf den wundersch\u00f6n angelegten K\u00f6nigsgarten, der zu einem kleinen Spaziergang einl\u00e4dt. Besonders ins Auge sticht eine Skulptur im &#8222;S&#8217;Hort del Rei&#8220;. Bei diesem au\u00dfergew\u00f6hnlichen Kunstwerk handelt es sich um eine Arbeit des ber\u00fchmten katalanischen Malers, Bildhauers und Grafikers Joan Mir\u00f3.<\/p>\n","protected":false},"author":5,"featured_media":133962,"comment_status":"closed","ping_status":"open","sticky":false,"template":"","format":"standard","meta":{"_acf_changed":false,"footnotes":""},"categories":[218,214,216],"tags":[],"class_list":["post-68035","post","type-post","status-publish","format-standard","has-post-thumbnail","hentry","category-freizeit","category-inselleben","category-land-leute"],"acf":[],"yoast_head":"<!-- This site is optimized with the Yoast SEO Premium plugin v24.4 (Yoast SEO v26.8) - https:\/\/yoast.com\/product\/yoast-seo-premium-wordpress\/ -->\n<title>Der K\u00f6nigspalast La Almudaina - Lucie Hauri | Exclusive Real Estate<\/title>\n<meta name=\"robots\" content=\"index, follow, max-snippet:-1, max-image-preview:large, max-video-preview:-1\" \/>\n<link rel=\"canonical\" href=\"https:\/\/www.lucie-hauri.com\/de\/der-koenigspalast-la-almudaina\/\" \/>\n<meta property=\"og:locale\" content=\"de_DE\" \/>\n<meta property=\"og:type\" content=\"article\" \/>\n<meta property=\"og:title\" content=\"Der K\u00f6nigspalast La Almudaina - Lucie Hauri | Exclusive Real Estate\" \/>\n<meta property=\"og:description\" content=\"Gleich neben der Kathedrale La Seu von Palma thront der m\u00e4chtige Palacio de la Almudaina, der K\u00f6nigspalast der Inselhauptstadt. Wer ein wenig Ruhe abseits vom st\u00e4dtischen Trubel sucht, der kann in den h\u00fcbschen anliegenden G\u00e4rten wunderbar flanieren und etwas entspannen. Doch auch der Palast selbst ist einen Besuch wert. Der un\u00fcbersehbare Palacio de la Almudaina ist eine ehemalige arabische Festung. Im 14 Jahrhundert wurde das eindrucksvolle Bauwerk im Auftrag des K\u00f6nigs Jaume II zum Sommersitz der spanischen K\u00f6nigsfamilie umgebaut. Die Umbauten im gotischen Stil wurden vom bekannten Baumeister Pere Salv\u00e1 durchgef\u00fchrt, der auch f\u00fcr den Bau des Schlosses Bellver verantwortlich zeichnete. Heute dient der Palast dem amtierenden spanischen K\u00f6nig Felipe VI. als Amtssitz w\u00e4hrend der Sommermonate. Zu offiziellen Festlichkeiten oder anderen politischen Anl\u00e4ssen ist der, rund 20.000 Quadratmeter gro\u00dfe, Bau nur bedingt der \u00d6ffentlichkeit zug\u00e4nglich. Jedoch lohnt es sich, an einer F\u00fchrung durch die \u00f6ffentlichen Geb\u00e4udeteile teilzunehmen. So befinden sich im Palacio de la Almudaina wundersch\u00f6n gearbeitete fl\u00e4mische Wandteppiche und Gem\u00e4lde aus dem 16. und 17. Jahrhundert, die einen Teil der spanischen Geschichte darstellen sollen. Imposant sind besonders die Darstellungen der Schlacht vom Lepanto, bei der im Jahre 1571 die Flotten der Spanier und der Venezianer gemeinsam gegen die T\u00fcrken k\u00e4mpften. Weiterhin besichtigt man im Rahmen der F\u00fchrung einen h\u00fcbschen gotischen Salon, der h\u00e4ufig f\u00fcr Empf\u00e4nge genutzt wird. Besonders sehenswert ist die kleine romantische Kapelle Santa Ana. Sie stammt aus dem 14. Jahrhundert. Ihre eindrucksvolle Fassade spiegelt den besonderen Architekturstil der Insel wieder. Der Eingang, im r\u00f6mischen Stil erbaut, zeigt imposante Ornamente, die mit fantastischen Tierabbildern verziert sind. Im Inneren der Kapelle befindet sich ein sehenswertes Bild des mallorquinischen K\u00fcnstlers Rafael Mojer, das er im Jahre 1465 erschuf. Insgesamt verbindet die Anlage maurische und christliche Bauelemente auf harmonische Art und Weise miteinander. Sehenswert ist au\u00dferdem der schattige, arkadenges\u00e4umte Innenhof im gotischen Stil. Aus den Fenstern des Palacio de la Almudaina blickt man auf den wundersch\u00f6n angelegten K\u00f6nigsgarten, der zu einem kleinen Spaziergang einl\u00e4dt. Besonders ins Auge sticht eine Skulptur im &#8222;S&#8217;Hort del Rei&#8220;. Bei diesem au\u00dfergew\u00f6hnlichen Kunstwerk handelt es sich um eine Arbeit des ber\u00fchmten katalanischen Malers, Bildhauers und Grafikers Joan Mir\u00f3.\" \/>\n<meta property=\"og:url\" content=\"https:\/\/www.lucie-hauri.com\/de\/der-koenigspalast-la-almudaina\/\" \/>\n<meta property=\"og:site_name\" content=\"Lucie Hauri | Exclusive Real Estate\" \/>\n<meta property=\"article:published_time\" content=\"2019-01-25T09:52:18+00:00\" \/>\n<meta property=\"article:modified_time\" content=\"2025-01-06T13:55:21+00:00\" \/>\n<meta property=\"og:image\" content=\"https:\/\/www.lucie-hauri.com\/wp-content\/uploads\/2019\/01\/la-almudaina-1.jpg\" \/>\n\t<meta property=\"og:image:width\" content=\"670\" \/>\n\t<meta property=\"og:image:height\" content=\"303\" \/>\n\t<meta property=\"og:image:type\" content=\"image\/jpeg\" \/>\n<meta name=\"author\" content=\"Lucie Haurie\" \/>\n<meta name=\"twitter:card\" content=\"summary_large_image\" \/>\n<meta name=\"twitter:label1\" content=\"Verfasst von\" \/>\n\t<meta name=\"twitter:data1\" content=\"Lucie Haurie\" \/>\n\t<meta name=\"twitter:label2\" content=\"Gesch\u00e4tzte Lesezeit\" \/>\n\t<meta name=\"twitter:data2\" content=\"2\u00a0Minuten\" \/>\n<script type=\"application\/ld+json\" class=\"yoast-schema-graph\">{\"@context\":\"https:\/\/schema.org\",\"@graph\":[{\"@type\":\"Article\",\"@id\":\"https:\/\/www.lucie-hauri.com\/de\/der-koenigspalast-la-almudaina\/#article\",\"isPartOf\":{\"@id\":\"https:\/\/www.lucie-hauri.com\/de\/der-koenigspalast-la-almudaina\/\"},\"author\":{\"name\":\"Lucie Haurie\",\"@id\":\"https:\/\/www.lucie-hauri.com\/en\/#\/schema\/person\/2da0f594e9d27f36e29477b9f86d1f1d\"},\"headline\":\"Der K\u00f6nigspalast La Almudaina\",\"datePublished\":\"2019-01-25T09:52:18+00:00\",\"dateModified\":\"2025-01-06T13:55:21+00:00\",\"mainEntityOfPage\":{\"@id\":\"https:\/\/www.lucie-hauri.com\/de\/der-koenigspalast-la-almudaina\/\"},\"wordCount\":388,\"image\":{\"@id\":\"https:\/\/www.lucie-hauri.com\/de\/der-koenigspalast-la-almudaina\/#primaryimage\"},\"thumbnailUrl\":\"https:\/\/www.lucie-hauri.com\/wp-content\/uploads\/2019\/01\/la-almudaina-1.jpg\",\"articleSection\":[\"Freizeit\",\"Inselleben\",\"Land &amp; Leute\"],\"inLanguage\":\"de\"},{\"@type\":\"WebPage\",\"@id\":\"https:\/\/www.lucie-hauri.com\/de\/der-koenigspalast-la-almudaina\/\",\"url\":\"https:\/\/www.lucie-hauri.com\/de\/der-koenigspalast-la-almudaina\/\",\"name\":\"Der K\u00f6nigspalast La Almudaina - Lucie Hauri | Exclusive Real Estate\",\"isPartOf\":{\"@id\":\"https:\/\/www.lucie-hauri.com\/en\/#website\"},\"primaryImageOfPage\":{\"@id\":\"https:\/\/www.lucie-hauri.com\/de\/der-koenigspalast-la-almudaina\/#primaryimage\"},\"image\":{\"@id\":\"https:\/\/www.lucie-hauri.com\/de\/der-koenigspalast-la-almudaina\/#primaryimage\"},\"thumbnailUrl\":\"https:\/\/www.lucie-hauri.com\/wp-content\/uploads\/2019\/01\/la-almudaina-1.jpg\",\"datePublished\":\"2019-01-25T09:52:18+00:00\",\"dateModified\":\"2025-01-06T13:55:21+00:00\",\"author\":{\"@id\":\"https:\/\/www.lucie-hauri.com\/en\/#\/schema\/person\/2da0f594e9d27f36e29477b9f86d1f1d\"},\"inLanguage\":\"de\",\"potentialAction\":[{\"@type\":\"ReadAction\",\"target\":[\"https:\/\/www.lucie-hauri.com\/de\/der-koenigspalast-la-almudaina\/\"]}]},{\"@type\":\"ImageObject\",\"inLanguage\":\"de\",\"@id\":\"https:\/\/www.lucie-hauri.com\/de\/der-koenigspalast-la-almudaina\/#primaryimage\",\"url\":\"https:\/\/www.lucie-hauri.com\/wp-content\/uploads\/2019\/01\/la-almudaina-1.jpg\",\"contentUrl\":\"https:\/\/www.lucie-hauri.com\/wp-content\/uploads\/2019\/01\/la-almudaina-1.jpg\",\"width\":670,\"height\":303},{\"@type\":\"WebSite\",\"@id\":\"https:\/\/www.lucie-hauri.com\/en\/#website\",\"url\":\"https:\/\/www.lucie-hauri.com\/en\/\",\"name\":\"Lucie Hauri | Exclusive Real Estate\",\"description\":\"\",\"potentialAction\":[{\"@type\":\"SearchAction\",\"target\":{\"@type\":\"EntryPoint\",\"urlTemplate\":\"https:\/\/www.lucie-hauri.com\/en\/?s={search_term_string}\"},\"query-input\":{\"@type\":\"PropertyValueSpecification\",\"valueRequired\":true,\"valueName\":\"search_term_string\"}}],\"inLanguage\":\"de\"},{\"@type\":\"Person\",\"@id\":\"https:\/\/www.lucie-hauri.com\/en\/#\/schema\/person\/2da0f594e9d27f36e29477b9f86d1f1d\",\"name\":\"Lucie Haurie\",\"image\":{\"@type\":\"ImageObject\",\"inLanguage\":\"de\",\"@id\":\"https:\/\/www.lucie-hauri.com\/en\/#\/schema\/person\/image\/\",\"url\":\"https:\/\/secure.gravatar.com\/avatar\/5547acc5a9ccb58175658f3a6b0b1f239807fa157dfa222ae1731d25a7f34aed?s=96&d=mm&r=g\",\"contentUrl\":\"https:\/\/secure.gravatar.com\/avatar\/5547acc5a9ccb58175658f3a6b0b1f239807fa157dfa222ae1731d25a7f34aed?s=96&d=mm&r=g\",\"caption\":\"Lucie Haurie\"},\"url\":\"https:\/\/www.lucie-hauri.com\/de\/author\/m-wichmann\/\"}]}<\/script>\n<!-- \/ Yoast SEO Premium plugin. -->","yoast_head_json":{"title":"Der K\u00f6nigspalast La Almudaina - Lucie Hauri | Exclusive Real Estate","robots":{"index":"index","follow":"follow","max-snippet":"max-snippet:-1","max-image-preview":"max-image-preview:large","max-video-preview":"max-video-preview:-1"},"canonical":"https:\/\/www.lucie-hauri.com\/de\/der-koenigspalast-la-almudaina\/","og_locale":"de_DE","og_type":"article","og_title":"Der K\u00f6nigspalast La Almudaina - Lucie Hauri | Exclusive Real Estate","og_description":"Gleich neben der Kathedrale La Seu von Palma thront der m\u00e4chtige Palacio de la Almudaina, der K\u00f6nigspalast der Inselhauptstadt. Wer ein wenig Ruhe abseits vom st\u00e4dtischen Trubel sucht, der kann in den h\u00fcbschen anliegenden G\u00e4rten wunderbar flanieren und etwas entspannen. Doch auch der Palast selbst ist einen Besuch wert. Der un\u00fcbersehbare Palacio de la Almudaina ist eine ehemalige arabische Festung. Im 14 Jahrhundert wurde das eindrucksvolle Bauwerk im Auftrag des K\u00f6nigs Jaume II zum Sommersitz der spanischen K\u00f6nigsfamilie umgebaut. Die Umbauten im gotischen Stil wurden vom bekannten Baumeister Pere Salv\u00e1 durchgef\u00fchrt, der auch f\u00fcr den Bau des Schlosses Bellver verantwortlich zeichnete. Heute dient der Palast dem amtierenden spanischen K\u00f6nig Felipe VI. als Amtssitz w\u00e4hrend der Sommermonate. Zu offiziellen Festlichkeiten oder anderen politischen Anl\u00e4ssen ist der, rund 20.000 Quadratmeter gro\u00dfe, Bau nur bedingt der \u00d6ffentlichkeit zug\u00e4nglich. Jedoch lohnt es sich, an einer F\u00fchrung durch die \u00f6ffentlichen Geb\u00e4udeteile teilzunehmen. So befinden sich im Palacio de la Almudaina wundersch\u00f6n gearbeitete fl\u00e4mische Wandteppiche und Gem\u00e4lde aus dem 16. und 17. Jahrhundert, die einen Teil der spanischen Geschichte darstellen sollen. Imposant sind besonders die Darstellungen der Schlacht vom Lepanto, bei der im Jahre 1571 die Flotten der Spanier und der Venezianer gemeinsam gegen die T\u00fcrken k\u00e4mpften. Weiterhin besichtigt man im Rahmen der F\u00fchrung einen h\u00fcbschen gotischen Salon, der h\u00e4ufig f\u00fcr Empf\u00e4nge genutzt wird. Besonders sehenswert ist die kleine romantische Kapelle Santa Ana. Sie stammt aus dem 14. Jahrhundert. Ihre eindrucksvolle Fassade spiegelt den besonderen Architekturstil der Insel wieder. Der Eingang, im r\u00f6mischen Stil erbaut, zeigt imposante Ornamente, die mit fantastischen Tierabbildern verziert sind. Im Inneren der Kapelle befindet sich ein sehenswertes Bild des mallorquinischen K\u00fcnstlers Rafael Mojer, das er im Jahre 1465 erschuf. Insgesamt verbindet die Anlage maurische und christliche Bauelemente auf harmonische Art und Weise miteinander. Sehenswert ist au\u00dferdem der schattige, arkadenges\u00e4umte Innenhof im gotischen Stil. Aus den Fenstern des Palacio de la Almudaina blickt man auf den wundersch\u00f6n angelegten K\u00f6nigsgarten, der zu einem kleinen Spaziergang einl\u00e4dt. Besonders ins Auge sticht eine Skulptur im &#8222;S&#8217;Hort del Rei&#8220;. Bei diesem au\u00dfergew\u00f6hnlichen Kunstwerk handelt es sich um eine Arbeit des ber\u00fchmten katalanischen Malers, Bildhauers und Grafikers Joan Mir\u00f3.","og_url":"https:\/\/www.lucie-hauri.com\/de\/der-koenigspalast-la-almudaina\/","og_site_name":"Lucie Hauri | Exclusive Real Estate","article_published_time":"2019-01-25T09:52:18+00:00","article_modified_time":"2025-01-06T13:55:21+00:00","og_image":[{"width":670,"height":303,"url":"https:\/\/www.lucie-hauri.com\/wp-content\/uploads\/2019\/01\/la-almudaina-1.jpg","type":"image\/jpeg"}],"author":"Lucie Haurie","twitter_card":"summary_large_image","twitter_misc":{"Verfasst von":"Lucie Haurie","Gesch\u00e4tzte Lesezeit":"2\u00a0Minuten"},"schema":{"@context":"https:\/\/schema.org","@graph":[{"@type":"Article","@id":"https:\/\/www.lucie-hauri.com\/de\/der-koenigspalast-la-almudaina\/#article","isPartOf":{"@id":"https:\/\/www.lucie-hauri.com\/de\/der-koenigspalast-la-almudaina\/"},"author":{"name":"Lucie Haurie","@id":"https:\/\/www.lucie-hauri.com\/en\/#\/schema\/person\/2da0f594e9d27f36e29477b9f86d1f1d"},"headline":"Der K\u00f6nigspalast La Almudaina","datePublished":"2019-01-25T09:52:18+00:00","dateModified":"2025-01-06T13:55:21+00:00","mainEntityOfPage":{"@id":"https:\/\/www.lucie-hauri.com\/de\/der-koenigspalast-la-almudaina\/"},"wordCount":388,"image":{"@id":"https:\/\/www.lucie-hauri.com\/de\/der-koenigspalast-la-almudaina\/#primaryimage"},"thumbnailUrl":"https:\/\/www.lucie-hauri.com\/wp-content\/uploads\/2019\/01\/la-almudaina-1.jpg","articleSection":["Freizeit","Inselleben","Land &amp; Leute"],"inLanguage":"de"},{"@type":"WebPage","@id":"https:\/\/www.lucie-hauri.com\/de\/der-koenigspalast-la-almudaina\/","url":"https:\/\/www.lucie-hauri.com\/de\/der-koenigspalast-la-almudaina\/","name":"Der K\u00f6nigspalast La Almudaina - Lucie Hauri | Exclusive Real Estate","isPartOf":{"@id":"https:\/\/www.lucie-hauri.com\/en\/#website"},"primaryImageOfPage":{"@id":"https:\/\/www.lucie-hauri.com\/de\/der-koenigspalast-la-almudaina\/#primaryimage"},"image":{"@id":"https:\/\/www.lucie-hauri.com\/de\/der-koenigspalast-la-almudaina\/#primaryimage"},"thumbnailUrl":"https:\/\/www.lucie-hauri.com\/wp-content\/uploads\/2019\/01\/la-almudaina-1.jpg","datePublished":"2019-01-25T09:52:18+00:00","dateModified":"2025-01-06T13:55:21+00:00","author":{"@id":"https:\/\/www.lucie-hauri.com\/en\/#\/schema\/person\/2da0f594e9d27f36e29477b9f86d1f1d"},"inLanguage":"de","potentialAction":[{"@type":"ReadAction","target":["https:\/\/www.lucie-hauri.com\/de\/der-koenigspalast-la-almudaina\/"]}]},{"@type":"ImageObject","inLanguage":"de","@id":"https:\/\/www.lucie-hauri.com\/de\/der-koenigspalast-la-almudaina\/#primaryimage","url":"https:\/\/www.lucie-hauri.com\/wp-content\/uploads\/2019\/01\/la-almudaina-1.jpg","contentUrl":"https:\/\/www.lucie-hauri.com\/wp-content\/uploads\/2019\/01\/la-almudaina-1.jpg","width":670,"height":303},{"@type":"WebSite","@id":"https:\/\/www.lucie-hauri.com\/en\/#website","url":"https:\/\/www.lucie-hauri.com\/en\/","name":"Lucie Hauri | Exclusive Real Estate","description":"","potentialAction":[{"@type":"SearchAction","target":{"@type":"EntryPoint","urlTemplate":"https:\/\/www.lucie-hauri.com\/en\/?s={search_term_string}"},"query-input":{"@type":"PropertyValueSpecification","valueRequired":true,"valueName":"search_term_string"}}],"inLanguage":"de"},{"@type":"Person","@id":"https:\/\/www.lucie-hauri.com\/en\/#\/schema\/person\/2da0f594e9d27f36e29477b9f86d1f1d","name":"Lucie Haurie","image":{"@type":"ImageObject","inLanguage":"de","@id":"https:\/\/www.lucie-hauri.com\/en\/#\/schema\/person\/image\/","url":"https:\/\/secure.gravatar.com\/avatar\/5547acc5a9ccb58175658f3a6b0b1f239807fa157dfa222ae1731d25a7f34aed?s=96&d=mm&r=g","contentUrl":"https:\/\/secure.gravatar.com\/avatar\/5547acc5a9ccb58175658f3a6b0b1f239807fa157dfa222ae1731d25a7f34aed?s=96&d=mm&r=g","caption":"Lucie Haurie"},"url":"https:\/\/www.lucie-hauri.com\/de\/author\/m-wichmann\/"}]}},"_links":{"self":[{"href":"https:\/\/www.lucie-hauri.com\/de\/wp-json\/wp\/v2\/posts\/68035","targetHints":{"allow":["GET"]}}],"collection":[{"href":"https:\/\/www.lucie-hauri.com\/de\/wp-json\/wp\/v2\/posts"}],"about":[{"href":"https:\/\/www.lucie-hauri.com\/de\/wp-json\/wp\/v2\/types\/post"}],"author":[{"embeddable":true,"href":"https:\/\/www.lucie-hauri.com\/de\/wp-json\/wp\/v2\/users\/5"}],"replies":[{"embeddable":true,"href":"https:\/\/www.lucie-hauri.com\/de\/wp-json\/wp\/v2\/comments?post=68035"}],"version-history":[{"count":0,"href":"https:\/\/www.lucie-hauri.com\/de\/wp-json\/wp\/v2\/posts\/68035\/revisions"}],"wp:featuredmedia":[{"embeddable":true,"href":"https:\/\/www.lucie-hauri.com\/de\/wp-json\/wp\/v2\/media\/133962"}],"wp:attachment":[{"href":"https:\/\/www.lucie-hauri.com\/de\/wp-json\/wp\/v2\/media?parent=68035"}],"wp:term":[{"taxonomy":"category","embeddable":true,"href":"https:\/\/www.lucie-hauri.com\/de\/wp-json\/wp\/v2\/categories?post=68035"},{"taxonomy":"post_tag","embeddable":true,"href":"https:\/\/www.lucie-hauri.com\/de\/wp-json\/wp\/v2\/tags?post=68035"}],"curies":[{"name":"wp","href":"https:\/\/api.w.org\/{rel}","templated":true}]}}