{"id":66239,"date":"2017-06-26T10:06:39","date_gmt":"2017-06-26T08:06:39","guid":{"rendered":"https:\/\/lucie-hauri.hostpress.me\/die-stauseen-cuber-gorg-blau\/"},"modified":"2025-01-06T14:55:30","modified_gmt":"2025-01-06T13:55:30","slug":"die-stauseen-cuber-gorg-blau","status":"publish","type":"post","link":"https:\/\/www.lucie-hauri.com\/de\/die-stauseen-cuber-gorg-blau\/","title":{"rendered":"Die Stauseen C\u00faber &#038; Gorg Blau"},"content":{"rendered":"\t\t<div data-elementor-type=\"wp-post\" data-elementor-id=\"66239\" class=\"elementor elementor-66239\" data-elementor-post-type=\"post\">\n\t\t\t\t<div class=\"elementor-element elementor-element-4fb5d598 e-flex e-con-boxed e-con e-parent\" data-id=\"4fb5d598\" data-element_type=\"container\">\n\t\t\t\t\t<div class=\"e-con-inner\">\n\t\t\t\t<div class=\"elementor-element elementor-element-2aec8229 elementor-widget elementor-widget-text-editor\" data-id=\"2aec8229\" data-element_type=\"widget\" data-widget_type=\"text-editor.default\">\n\t\t\t\t<div class=\"elementor-widget-container\">\n\t\t\t\t\t\t\t\t\t<p>F\u00fcr Naturfreunde lohnt sich ein Ausflug zu den beiden Stauseen Gorg Blau und Embalse de C\u00faber. Die tiefblauen Seen liegen malerisch im wundersch\u00f6nen Tramuntanagebirge, direkt unterhalb des 1.445 Meter hohen Gipfels des Puig Major. F\u00fcr ambitionierte Kletterer ist dieses Gebiet ein beliebter Ausgangspunkt f\u00fcr den Aufstieg auf den h\u00f6chsten Berg Mallorcas.<\/p><p>Doch auch Wanderbegeisterte kommen hier voll und ganz auf ihre Kosten, denn ein sch\u00f6ner Rundwanderweg f\u00fchrt um die beiden Stauseen herum. Bei der Wanderung durch die unber\u00fchrte Natur, immer am Wasser entlang, kommt man sich fast vor als w\u00e4re man in den Alpen oder in Skandinavien. Es ist nicht nur der atemberaubende Blick \u00fcber das Wasser und die majest\u00e4tischen Bergw\u00e4nde, die jeden Besucher in ihren Bann ziehen werden, sondern auch die Vielf\u00e4ltigkeit der Flora und Fauna an den beiden Seen, die durch einen Kanal miteinander verbunden sind.<\/p><p>Am Gorg Blau sto\u00dfen au\u00dferdem zwei unterschiedliche Vegetationszonen auf nur wenigen H\u00f6henmetern aufeinander. Am Wasser kann man viele Tierarten beobachten. So sind hier Schafe, K\u00fche und wilde Esel beheimatet. \u00dcber den m\u00e4chtigen Felsen ziehen M\u00f6nchsgeier und Rotmilane ihre Kreise. Der Rundweg l\u00e4sst sich in etwa eineinhalb Stunden zur\u00fccklegen. Da es keine anstrengenden Steigungen gibt, eignet er sich auch f\u00fcr weniger ge\u00fcbte Wanderer oder f\u00fcr einen Familienausflug mit Kindern. Auch gibt es hier viele sch\u00f6ne Picknickm\u00f6glichkeiten.<\/p><p>Etwas mehr Routine erfordert der Kletterpfad auf den Gipfel des Puig de l&#8217;Ofre. Von hier aus hat man einen atemberaubenden Blick \u00fcber die herrliche Gebirgsregion. Unterwegs befindet sich eine Schutzh\u00fctte. Wer die rechte Abzweigung w\u00e4hlt, gelangt durch ein kleines Tor zu einem lauschigen Steineichenwald.<\/p><p>Auf 750 Metern H\u00f6he befindet sich der C\u00faber. Er ist der gr\u00f6\u00dfte Stausee der Insel. Er wurde Ende der 1960er Jahre angelegt und konnte im Jahr 1972 erstmals geflutet werden. Einst geh\u00f6rte dieses Gebiet zu einem riesigen Landgut. Im Kanal zwischen den beiden Seen flie\u00dft das \u00fcbersch\u00fcssig angesammelte Wasser des auf rund 1.000 Meter gelegenen Gorg Blau zum C\u00faber. Beide Seen dienen als Wasserspeicher f\u00fcr Mallorcas Inselhauptstadt.<\/p><p>In den beiden Reservoirs ist \u00fcbrigens auch Angeln m\u00f6glich. Allerdings braucht man hierf\u00fcr eine Sondergenehmigung, da dieses Gebiet unter Naturschutz steht. Wer hier, in dieser traumhaften Bergidylle gerne einmal Forellen oder Karpfen fangen m\u00f6chte, kann sich an die Direccion General de Biodiversidad in Palma wenden.<\/p>\t\t\t\t\t\t\t\t<\/div>\n\t\t\t\t<\/div>\n\t\t\t\t\t<\/div>\n\t\t\t\t<\/div>\n\t\t\t\t<\/div>\n\t\t","protected":false},"excerpt":{"rendered":"<p>F\u00fcr Naturfreunde lohnt sich ein Ausflug zu den beiden Stauseen Gorg Blau und Embalse de C\u00faber. Die tiefblauen Seen liegen malerisch im wundersch\u00f6nen Tramuntanagebirge, direkt unterhalb des 1.445 Meter hohen Gipfels des Puig Major. F\u00fcr ambitionierte Kletterer ist dieses Gebiet ein beliebter Ausgangspunkt f\u00fcr den Aufstieg auf den h\u00f6chsten Berg Mallorcas. Doch auch Wanderbegeisterte kommen hier voll und ganz auf ihre Kosten, denn ein sch\u00f6ner Rundwanderweg f\u00fchrt um die beiden Stauseen herum. Bei der Wanderung durch die unber\u00fchrte Natur, immer am Wasser entlang, kommt man sich fast vor als w\u00e4re man in den Alpen oder in Skandinavien. Es ist nicht nur der atemberaubende Blick \u00fcber das Wasser und die majest\u00e4tischen Bergw\u00e4nde, die jeden Besucher in ihren Bann ziehen werden, sondern auch die Vielf\u00e4ltigkeit der Flora und Fauna an den beiden Seen, die durch einen Kanal miteinander verbunden sind. Am Gorg Blau sto\u00dfen au\u00dferdem zwei unterschiedliche Vegetationszonen auf nur wenigen H\u00f6henmetern aufeinander. Am Wasser kann man viele Tierarten beobachten. So sind hier Schafe, K\u00fche und wilde Esel beheimatet. \u00dcber den m\u00e4chtigen Felsen ziehen M\u00f6nchsgeier und Rotmilane ihre Kreise. Der Rundweg l\u00e4sst sich in etwa eineinhalb Stunden zur\u00fccklegen. Da es keine anstrengenden Steigungen gibt, eignet er sich auch f\u00fcr weniger ge\u00fcbte Wanderer oder f\u00fcr einen Familienausflug mit Kindern. Auch gibt es hier viele sch\u00f6ne Picknickm\u00f6glichkeiten. Etwas mehr Routine erfordert der Kletterpfad auf den Gipfel des Puig de l&#8217;Ofre. Von hier aus hat man einen atemberaubenden Blick \u00fcber die herrliche Gebirgsregion. Unterwegs befindet sich eine Schutzh\u00fctte. Wer die rechte Abzweigung w\u00e4hlt, gelangt durch ein kleines Tor zu einem lauschigen Steineichenwald. Auf 750 Metern H\u00f6he befindet sich der C\u00faber. Er ist der gr\u00f6\u00dfte Stausee der Insel. Er wurde Ende der 1960er Jahre angelegt und konnte im Jahr 1972 erstmals geflutet werden. Einst geh\u00f6rte dieses Gebiet zu einem riesigen Landgut. Im Kanal zwischen den beiden Seen flie\u00dft das \u00fcbersch\u00fcssig angesammelte Wasser des auf rund 1.000 Meter gelegenen Gorg Blau zum C\u00faber. Beide Seen dienen als Wasserspeicher f\u00fcr Mallorcas Inselhauptstadt. In den beiden Reservoirs ist \u00fcbrigens auch Angeln m\u00f6glich. Allerdings braucht man hierf\u00fcr eine Sondergenehmigung, da dieses Gebiet unter Naturschutz steht. Wer hier, in dieser traumhaften Bergidylle gerne einmal Forellen oder Karpfen fangen m\u00f6chte, kann sich an die Direccion General de Biodiversidad in Palma wenden.<\/p>\n","protected":false},"author":5,"featured_media":134034,"comment_status":"closed","ping_status":"open","sticky":false,"template":"","format":"standard","meta":{"_acf_changed":false,"footnotes":""},"categories":[218,214,216],"tags":[],"class_list":["post-66239","post","type-post","status-publish","format-standard","has-post-thumbnail","hentry","category-freizeit","category-inselleben","category-land-leute"],"acf":[],"yoast_head":"<!-- This site is optimized with the Yoast SEO Premium plugin v24.4 (Yoast SEO v26.8) - https:\/\/yoast.com\/product\/yoast-seo-premium-wordpress\/ -->\n<title>Die Stauseen C\u00faber &amp; Gorg Blau - Lucie Hauri | Exclusive Real Estate<\/title>\n<meta name=\"robots\" content=\"index, follow, max-snippet:-1, max-image-preview:large, max-video-preview:-1\" \/>\n<link rel=\"canonical\" href=\"https:\/\/www.lucie-hauri.com\/de\/die-stauseen-cuber-gorg-blau\/\" \/>\n<meta property=\"og:locale\" content=\"de_DE\" \/>\n<meta property=\"og:type\" content=\"article\" \/>\n<meta property=\"og:title\" content=\"Die Stauseen C\u00faber &amp; Gorg Blau - Lucie Hauri | Exclusive Real Estate\" \/>\n<meta property=\"og:description\" content=\"F\u00fcr Naturfreunde lohnt sich ein Ausflug zu den beiden Stauseen Gorg Blau und Embalse de C\u00faber. Die tiefblauen Seen liegen malerisch im wundersch\u00f6nen Tramuntanagebirge, direkt unterhalb des 1.445 Meter hohen Gipfels des Puig Major. F\u00fcr ambitionierte Kletterer ist dieses Gebiet ein beliebter Ausgangspunkt f\u00fcr den Aufstieg auf den h\u00f6chsten Berg Mallorcas. Doch auch Wanderbegeisterte kommen hier voll und ganz auf ihre Kosten, denn ein sch\u00f6ner Rundwanderweg f\u00fchrt um die beiden Stauseen herum. Bei der Wanderung durch die unber\u00fchrte Natur, immer am Wasser entlang, kommt man sich fast vor als w\u00e4re man in den Alpen oder in Skandinavien. Es ist nicht nur der atemberaubende Blick \u00fcber das Wasser und die majest\u00e4tischen Bergw\u00e4nde, die jeden Besucher in ihren Bann ziehen werden, sondern auch die Vielf\u00e4ltigkeit der Flora und Fauna an den beiden Seen, die durch einen Kanal miteinander verbunden sind. Am Gorg Blau sto\u00dfen au\u00dferdem zwei unterschiedliche Vegetationszonen auf nur wenigen H\u00f6henmetern aufeinander. Am Wasser kann man viele Tierarten beobachten. So sind hier Schafe, K\u00fche und wilde Esel beheimatet. \u00dcber den m\u00e4chtigen Felsen ziehen M\u00f6nchsgeier und Rotmilane ihre Kreise. Der Rundweg l\u00e4sst sich in etwa eineinhalb Stunden zur\u00fccklegen. Da es keine anstrengenden Steigungen gibt, eignet er sich auch f\u00fcr weniger ge\u00fcbte Wanderer oder f\u00fcr einen Familienausflug mit Kindern. Auch gibt es hier viele sch\u00f6ne Picknickm\u00f6glichkeiten. Etwas mehr Routine erfordert der Kletterpfad auf den Gipfel des Puig de l&#8217;Ofre. Von hier aus hat man einen atemberaubenden Blick \u00fcber die herrliche Gebirgsregion. Unterwegs befindet sich eine Schutzh\u00fctte. Wer die rechte Abzweigung w\u00e4hlt, gelangt durch ein kleines Tor zu einem lauschigen Steineichenwald. Auf 750 Metern H\u00f6he befindet sich der C\u00faber. Er ist der gr\u00f6\u00dfte Stausee der Insel. Er wurde Ende der 1960er Jahre angelegt und konnte im Jahr 1972 erstmals geflutet werden. Einst geh\u00f6rte dieses Gebiet zu einem riesigen Landgut. Im Kanal zwischen den beiden Seen flie\u00dft das \u00fcbersch\u00fcssig angesammelte Wasser des auf rund 1.000 Meter gelegenen Gorg Blau zum C\u00faber. Beide Seen dienen als Wasserspeicher f\u00fcr Mallorcas Inselhauptstadt. In den beiden Reservoirs ist \u00fcbrigens auch Angeln m\u00f6glich. Allerdings braucht man hierf\u00fcr eine Sondergenehmigung, da dieses Gebiet unter Naturschutz steht. Wer hier, in dieser traumhaften Bergidylle gerne einmal Forellen oder Karpfen fangen m\u00f6chte, kann sich an die Direccion General de Biodiversidad in Palma wenden.\" \/>\n<meta property=\"og:url\" content=\"https:\/\/www.lucie-hauri.com\/de\/die-stauseen-cuber-gorg-blau\/\" \/>\n<meta property=\"og:site_name\" content=\"Lucie Hauri | Exclusive Real Estate\" \/>\n<meta property=\"article:published_time\" content=\"2017-06-26T08:06:39+00:00\" \/>\n<meta property=\"article:modified_time\" content=\"2025-01-06T13:55:30+00:00\" \/>\n<meta property=\"og:image\" content=\"https:\/\/www.lucie-hauri.com\/wp-content\/uploads\/2017\/06\/Gorg_Blau-620x274-1.jpg\" \/>\n\t<meta property=\"og:image:width\" content=\"620\" \/>\n\t<meta property=\"og:image:height\" content=\"274\" \/>\n\t<meta property=\"og:image:type\" content=\"image\/jpeg\" \/>\n<meta name=\"author\" content=\"Lucie Haurie\" \/>\n<meta name=\"twitter:card\" content=\"summary_large_image\" \/>\n<meta name=\"twitter:label1\" content=\"Verfasst von\" \/>\n\t<meta name=\"twitter:data1\" content=\"Lucie Haurie\" \/>\n\t<meta name=\"twitter:label2\" content=\"Gesch\u00e4tzte Lesezeit\" \/>\n\t<meta name=\"twitter:data2\" content=\"3\u00a0Minuten\" \/>\n<script type=\"application\/ld+json\" class=\"yoast-schema-graph\">{\"@context\":\"https:\/\/schema.org\",\"@graph\":[{\"@type\":\"Article\",\"@id\":\"https:\/\/www.lucie-hauri.com\/de\/die-stauseen-cuber-gorg-blau\/#article\",\"isPartOf\":{\"@id\":\"https:\/\/www.lucie-hauri.com\/de\/die-stauseen-cuber-gorg-blau\/\"},\"author\":{\"name\":\"Lucie Haurie\",\"@id\":\"https:\/\/www.lucie-hauri.com\/en\/#\/schema\/person\/2da0f594e9d27f36e29477b9f86d1f1d\"},\"headline\":\"Die Stauseen C\u00faber &#038; Gorg Blau\",\"datePublished\":\"2017-06-26T08:06:39+00:00\",\"dateModified\":\"2025-01-06T13:55:30+00:00\",\"mainEntityOfPage\":{\"@id\":\"https:\/\/www.lucie-hauri.com\/de\/die-stauseen-cuber-gorg-blau\/\"},\"wordCount\":411,\"image\":{\"@id\":\"https:\/\/www.lucie-hauri.com\/de\/die-stauseen-cuber-gorg-blau\/#primaryimage\"},\"thumbnailUrl\":\"https:\/\/www.lucie-hauri.com\/wp-content\/uploads\/2017\/06\/Gorg_Blau-620x274-1.jpg\",\"articleSection\":[\"Freizeit\",\"Inselleben\",\"Land &amp; Leute\"],\"inLanguage\":\"de\"},{\"@type\":\"WebPage\",\"@id\":\"https:\/\/www.lucie-hauri.com\/de\/die-stauseen-cuber-gorg-blau\/\",\"url\":\"https:\/\/www.lucie-hauri.com\/de\/die-stauseen-cuber-gorg-blau\/\",\"name\":\"Die Stauseen C\u00faber & Gorg Blau - Lucie Hauri | Exclusive Real Estate\",\"isPartOf\":{\"@id\":\"https:\/\/www.lucie-hauri.com\/en\/#website\"},\"primaryImageOfPage\":{\"@id\":\"https:\/\/www.lucie-hauri.com\/de\/die-stauseen-cuber-gorg-blau\/#primaryimage\"},\"image\":{\"@id\":\"https:\/\/www.lucie-hauri.com\/de\/die-stauseen-cuber-gorg-blau\/#primaryimage\"},\"thumbnailUrl\":\"https:\/\/www.lucie-hauri.com\/wp-content\/uploads\/2017\/06\/Gorg_Blau-620x274-1.jpg\",\"datePublished\":\"2017-06-26T08:06:39+00:00\",\"dateModified\":\"2025-01-06T13:55:30+00:00\",\"author\":{\"@id\":\"https:\/\/www.lucie-hauri.com\/en\/#\/schema\/person\/2da0f594e9d27f36e29477b9f86d1f1d\"},\"inLanguage\":\"de\",\"potentialAction\":[{\"@type\":\"ReadAction\",\"target\":[\"https:\/\/www.lucie-hauri.com\/de\/die-stauseen-cuber-gorg-blau\/\"]}]},{\"@type\":\"ImageObject\",\"inLanguage\":\"de\",\"@id\":\"https:\/\/www.lucie-hauri.com\/de\/die-stauseen-cuber-gorg-blau\/#primaryimage\",\"url\":\"https:\/\/www.lucie-hauri.com\/wp-content\/uploads\/2017\/06\/Gorg_Blau-620x274-1.jpg\",\"contentUrl\":\"https:\/\/www.lucie-hauri.com\/wp-content\/uploads\/2017\/06\/Gorg_Blau-620x274-1.jpg\",\"width\":620,\"height\":274},{\"@type\":\"WebSite\",\"@id\":\"https:\/\/www.lucie-hauri.com\/en\/#website\",\"url\":\"https:\/\/www.lucie-hauri.com\/en\/\",\"name\":\"Lucie Hauri | Exclusive Real Estate\",\"description\":\"\",\"potentialAction\":[{\"@type\":\"SearchAction\",\"target\":{\"@type\":\"EntryPoint\",\"urlTemplate\":\"https:\/\/www.lucie-hauri.com\/en\/?s={search_term_string}\"},\"query-input\":{\"@type\":\"PropertyValueSpecification\",\"valueRequired\":true,\"valueName\":\"search_term_string\"}}],\"inLanguage\":\"de\"},{\"@type\":\"Person\",\"@id\":\"https:\/\/www.lucie-hauri.com\/en\/#\/schema\/person\/2da0f594e9d27f36e29477b9f86d1f1d\",\"name\":\"Lucie Haurie\",\"image\":{\"@type\":\"ImageObject\",\"inLanguage\":\"de\",\"@id\":\"https:\/\/www.lucie-hauri.com\/en\/#\/schema\/person\/image\/\",\"url\":\"https:\/\/secure.gravatar.com\/avatar\/5547acc5a9ccb58175658f3a6b0b1f239807fa157dfa222ae1731d25a7f34aed?s=96&d=mm&r=g\",\"contentUrl\":\"https:\/\/secure.gravatar.com\/avatar\/5547acc5a9ccb58175658f3a6b0b1f239807fa157dfa222ae1731d25a7f34aed?s=96&d=mm&r=g\",\"caption\":\"Lucie Haurie\"},\"url\":\"https:\/\/www.lucie-hauri.com\/de\/author\/m-wichmann\/\"}]}<\/script>\n<!-- \/ Yoast SEO Premium plugin. -->","yoast_head_json":{"title":"Die Stauseen C\u00faber & Gorg Blau - Lucie Hauri | Exclusive Real Estate","robots":{"index":"index","follow":"follow","max-snippet":"max-snippet:-1","max-image-preview":"max-image-preview:large","max-video-preview":"max-video-preview:-1"},"canonical":"https:\/\/www.lucie-hauri.com\/de\/die-stauseen-cuber-gorg-blau\/","og_locale":"de_DE","og_type":"article","og_title":"Die Stauseen C\u00faber & Gorg Blau - Lucie Hauri | Exclusive Real Estate","og_description":"F\u00fcr Naturfreunde lohnt sich ein Ausflug zu den beiden Stauseen Gorg Blau und Embalse de C\u00faber. Die tiefblauen Seen liegen malerisch im wundersch\u00f6nen Tramuntanagebirge, direkt unterhalb des 1.445 Meter hohen Gipfels des Puig Major. F\u00fcr ambitionierte Kletterer ist dieses Gebiet ein beliebter Ausgangspunkt f\u00fcr den Aufstieg auf den h\u00f6chsten Berg Mallorcas. Doch auch Wanderbegeisterte kommen hier voll und ganz auf ihre Kosten, denn ein sch\u00f6ner Rundwanderweg f\u00fchrt um die beiden Stauseen herum. Bei der Wanderung durch die unber\u00fchrte Natur, immer am Wasser entlang, kommt man sich fast vor als w\u00e4re man in den Alpen oder in Skandinavien. Es ist nicht nur der atemberaubende Blick \u00fcber das Wasser und die majest\u00e4tischen Bergw\u00e4nde, die jeden Besucher in ihren Bann ziehen werden, sondern auch die Vielf\u00e4ltigkeit der Flora und Fauna an den beiden Seen, die durch einen Kanal miteinander verbunden sind. Am Gorg Blau sto\u00dfen au\u00dferdem zwei unterschiedliche Vegetationszonen auf nur wenigen H\u00f6henmetern aufeinander. Am Wasser kann man viele Tierarten beobachten. So sind hier Schafe, K\u00fche und wilde Esel beheimatet. \u00dcber den m\u00e4chtigen Felsen ziehen M\u00f6nchsgeier und Rotmilane ihre Kreise. Der Rundweg l\u00e4sst sich in etwa eineinhalb Stunden zur\u00fccklegen. Da es keine anstrengenden Steigungen gibt, eignet er sich auch f\u00fcr weniger ge\u00fcbte Wanderer oder f\u00fcr einen Familienausflug mit Kindern. Auch gibt es hier viele sch\u00f6ne Picknickm\u00f6glichkeiten. Etwas mehr Routine erfordert der Kletterpfad auf den Gipfel des Puig de l&#8217;Ofre. Von hier aus hat man einen atemberaubenden Blick \u00fcber die herrliche Gebirgsregion. Unterwegs befindet sich eine Schutzh\u00fctte. Wer die rechte Abzweigung w\u00e4hlt, gelangt durch ein kleines Tor zu einem lauschigen Steineichenwald. Auf 750 Metern H\u00f6he befindet sich der C\u00faber. Er ist der gr\u00f6\u00dfte Stausee der Insel. Er wurde Ende der 1960er Jahre angelegt und konnte im Jahr 1972 erstmals geflutet werden. Einst geh\u00f6rte dieses Gebiet zu einem riesigen Landgut. Im Kanal zwischen den beiden Seen flie\u00dft das \u00fcbersch\u00fcssig angesammelte Wasser des auf rund 1.000 Meter gelegenen Gorg Blau zum C\u00faber. Beide Seen dienen als Wasserspeicher f\u00fcr Mallorcas Inselhauptstadt. In den beiden Reservoirs ist \u00fcbrigens auch Angeln m\u00f6glich. Allerdings braucht man hierf\u00fcr eine Sondergenehmigung, da dieses Gebiet unter Naturschutz steht. Wer hier, in dieser traumhaften Bergidylle gerne einmal Forellen oder Karpfen fangen m\u00f6chte, kann sich an die Direccion General de Biodiversidad in Palma wenden.","og_url":"https:\/\/www.lucie-hauri.com\/de\/die-stauseen-cuber-gorg-blau\/","og_site_name":"Lucie Hauri | Exclusive Real Estate","article_published_time":"2017-06-26T08:06:39+00:00","article_modified_time":"2025-01-06T13:55:30+00:00","og_image":[{"width":620,"height":274,"url":"https:\/\/www.lucie-hauri.com\/wp-content\/uploads\/2017\/06\/Gorg_Blau-620x274-1.jpg","type":"image\/jpeg"}],"author":"Lucie Haurie","twitter_card":"summary_large_image","twitter_misc":{"Verfasst von":"Lucie Haurie","Gesch\u00e4tzte Lesezeit":"3\u00a0Minuten"},"schema":{"@context":"https:\/\/schema.org","@graph":[{"@type":"Article","@id":"https:\/\/www.lucie-hauri.com\/de\/die-stauseen-cuber-gorg-blau\/#article","isPartOf":{"@id":"https:\/\/www.lucie-hauri.com\/de\/die-stauseen-cuber-gorg-blau\/"},"author":{"name":"Lucie Haurie","@id":"https:\/\/www.lucie-hauri.com\/en\/#\/schema\/person\/2da0f594e9d27f36e29477b9f86d1f1d"},"headline":"Die Stauseen C\u00faber &#038; Gorg Blau","datePublished":"2017-06-26T08:06:39+00:00","dateModified":"2025-01-06T13:55:30+00:00","mainEntityOfPage":{"@id":"https:\/\/www.lucie-hauri.com\/de\/die-stauseen-cuber-gorg-blau\/"},"wordCount":411,"image":{"@id":"https:\/\/www.lucie-hauri.com\/de\/die-stauseen-cuber-gorg-blau\/#primaryimage"},"thumbnailUrl":"https:\/\/www.lucie-hauri.com\/wp-content\/uploads\/2017\/06\/Gorg_Blau-620x274-1.jpg","articleSection":["Freizeit","Inselleben","Land &amp; Leute"],"inLanguage":"de"},{"@type":"WebPage","@id":"https:\/\/www.lucie-hauri.com\/de\/die-stauseen-cuber-gorg-blau\/","url":"https:\/\/www.lucie-hauri.com\/de\/die-stauseen-cuber-gorg-blau\/","name":"Die Stauseen C\u00faber & Gorg Blau - Lucie Hauri | Exclusive Real Estate","isPartOf":{"@id":"https:\/\/www.lucie-hauri.com\/en\/#website"},"primaryImageOfPage":{"@id":"https:\/\/www.lucie-hauri.com\/de\/die-stauseen-cuber-gorg-blau\/#primaryimage"},"image":{"@id":"https:\/\/www.lucie-hauri.com\/de\/die-stauseen-cuber-gorg-blau\/#primaryimage"},"thumbnailUrl":"https:\/\/www.lucie-hauri.com\/wp-content\/uploads\/2017\/06\/Gorg_Blau-620x274-1.jpg","datePublished":"2017-06-26T08:06:39+00:00","dateModified":"2025-01-06T13:55:30+00:00","author":{"@id":"https:\/\/www.lucie-hauri.com\/en\/#\/schema\/person\/2da0f594e9d27f36e29477b9f86d1f1d"},"inLanguage":"de","potentialAction":[{"@type":"ReadAction","target":["https:\/\/www.lucie-hauri.com\/de\/die-stauseen-cuber-gorg-blau\/"]}]},{"@type":"ImageObject","inLanguage":"de","@id":"https:\/\/www.lucie-hauri.com\/de\/die-stauseen-cuber-gorg-blau\/#primaryimage","url":"https:\/\/www.lucie-hauri.com\/wp-content\/uploads\/2017\/06\/Gorg_Blau-620x274-1.jpg","contentUrl":"https:\/\/www.lucie-hauri.com\/wp-content\/uploads\/2017\/06\/Gorg_Blau-620x274-1.jpg","width":620,"height":274},{"@type":"WebSite","@id":"https:\/\/www.lucie-hauri.com\/en\/#website","url":"https:\/\/www.lucie-hauri.com\/en\/","name":"Lucie Hauri | Exclusive Real Estate","description":"","potentialAction":[{"@type":"SearchAction","target":{"@type":"EntryPoint","urlTemplate":"https:\/\/www.lucie-hauri.com\/en\/?s={search_term_string}"},"query-input":{"@type":"PropertyValueSpecification","valueRequired":true,"valueName":"search_term_string"}}],"inLanguage":"de"},{"@type":"Person","@id":"https:\/\/www.lucie-hauri.com\/en\/#\/schema\/person\/2da0f594e9d27f36e29477b9f86d1f1d","name":"Lucie Haurie","image":{"@type":"ImageObject","inLanguage":"de","@id":"https:\/\/www.lucie-hauri.com\/en\/#\/schema\/person\/image\/","url":"https:\/\/secure.gravatar.com\/avatar\/5547acc5a9ccb58175658f3a6b0b1f239807fa157dfa222ae1731d25a7f34aed?s=96&d=mm&r=g","contentUrl":"https:\/\/secure.gravatar.com\/avatar\/5547acc5a9ccb58175658f3a6b0b1f239807fa157dfa222ae1731d25a7f34aed?s=96&d=mm&r=g","caption":"Lucie Haurie"},"url":"https:\/\/www.lucie-hauri.com\/de\/author\/m-wichmann\/"}]}},"_links":{"self":[{"href":"https:\/\/www.lucie-hauri.com\/de\/wp-json\/wp\/v2\/posts\/66239","targetHints":{"allow":["GET"]}}],"collection":[{"href":"https:\/\/www.lucie-hauri.com\/de\/wp-json\/wp\/v2\/posts"}],"about":[{"href":"https:\/\/www.lucie-hauri.com\/de\/wp-json\/wp\/v2\/types\/post"}],"author":[{"embeddable":true,"href":"https:\/\/www.lucie-hauri.com\/de\/wp-json\/wp\/v2\/users\/5"}],"replies":[{"embeddable":true,"href":"https:\/\/www.lucie-hauri.com\/de\/wp-json\/wp\/v2\/comments?post=66239"}],"version-history":[{"count":0,"href":"https:\/\/www.lucie-hauri.com\/de\/wp-json\/wp\/v2\/posts\/66239\/revisions"}],"wp:featuredmedia":[{"embeddable":true,"href":"https:\/\/www.lucie-hauri.com\/de\/wp-json\/wp\/v2\/media\/134034"}],"wp:attachment":[{"href":"https:\/\/www.lucie-hauri.com\/de\/wp-json\/wp\/v2\/media?parent=66239"}],"wp:term":[{"taxonomy":"category","embeddable":true,"href":"https:\/\/www.lucie-hauri.com\/de\/wp-json\/wp\/v2\/categories?post=66239"},{"taxonomy":"post_tag","embeddable":true,"href":"https:\/\/www.lucie-hauri.com\/de\/wp-json\/wp\/v2\/tags?post=66239"}],"curies":[{"name":"wp","href":"https:\/\/api.w.org\/{rel}","templated":true}]}}