{"id":66209,"date":"2019-08-20T10:03:14","date_gmt":"2019-08-20T08:03:14","guid":{"rendered":"https:\/\/lucie-hauri.hostpress.me\/die-arabischen-baeder-palma\/"},"modified":"2025-01-06T14:55:07","modified_gmt":"2025-01-06T13:55:07","slug":"die-arabischen-baeder-palma","status":"publish","type":"post","link":"https:\/\/www.lucie-hauri.com\/de\/die-arabischen-baeder-palma\/","title":{"rendered":"Die Arabischen B\u00e4der in Palma"},"content":{"rendered":"\t\t<div data-elementor-type=\"wp-post\" data-elementor-id=\"66209\" class=\"elementor elementor-66209\" data-elementor-post-type=\"post\">\n\t\t\t\t<div class=\"elementor-element elementor-element-7d545695 e-flex e-con-boxed e-con e-parent\" data-id=\"7d545695\" data-element_type=\"container\">\n\t\t\t\t\t<div class=\"e-con-inner\">\n\t\t\t\t<div class=\"elementor-element elementor-element-5e422d8e elementor-widget elementor-widget-text-editor\" data-id=\"5e422d8e\" data-element_type=\"widget\" data-widget_type=\"text-editor.default\">\n\t\t\t\t<div class=\"elementor-widget-container\">\n\t\t\t\t\t\t\t\t\t<p>Sie gelten noch immer als Geheimtipp, obwohl sie durchaus eines der sehenswerten Highlights bei einem Besuch in Palma sind. Die Rede ist von den sogenannten Banys Arabs, den arabischen B\u00e4dern im Herzen der mallorquinischen Hauptstadt. Doch hierher verirren sich nur wenige Touristen, denn solch eine historische Anlage l\u00e4sst sich nur schwer zwischen den alten H\u00e4userfassaden in den engen Seitengassen um die Kathedrale vermuten. Der Eingang ist eher unscheinbar und so passiert es schon einmal, dass man das offene Tor zu den B\u00e4dern \u00fcbersieht.<\/p><p>F\u00fcr eine erholsame Verschnaufpause w\u00e4hrend eines Besuchs im quirligen Palma eignen sich die arabischen B\u00e4der besonders gut, die wie eine unwirkliche Oase im Altstadtget\u00fcmmel wirken. In dem historischen Bauwerk aus der maurischen Zeit scheint f\u00fcr einen Augenblick die Zeit still zu stehen und in der h\u00fcbsch angelegten Gartenanlage im Eingangsbereich findet man ein wenig Ruhe und Beschaulichkeit. Die kleine Anlage stammt etwa aus dem 10. bis 12. Jahrhundert.<\/p><p>Der imposante Hauptraum ist in der Form eines W\u00fcrfels gebaut und hat ein Seitenschiff, \u00e4hnlich einer Kirche. Die Kuppel mit ihren f\u00fcnf Oberlichtern besteht aus Ziegelsteinen und wird von 12 S\u00e4ulen getragen. Obwohl vom eigentlichen Bad nur noch wenige \u00dcberreste zur\u00fcckgeblieben sind, kann man einige Details noch gut erkennen. Besonders sehenswert ist das sogenannte Calarium, ein arabisches Dampfbad. Die Atmosph\u00e4re ist besonders bezaubernd, wenn das Sonnenlicht durch die sternf\u00f6rmigen \u00d6ffnungen in der Decke strahlt.<\/p><p>Insgesamt beherbergte Palma einst f\u00fcnf B\u00e4der dieser Art, doch das Banys Arabs ist das einzige noch halbwegs erhaltene davon. Denn als die Insel im Jahre 1229 von K\u00f6nig Jaume I. zur\u00fcckerobert wurde, lie\u00df er nahezu alles zerst\u00f6ren, was an die Mauren erinnerte. Die Nutzung von B\u00e4dern dieser Art geht urspr\u00fcnglich auf die Zeit der R\u00f6mer zur\u00fcck. Die Araber bezeichneten ihre Hei\u00df- und Kaltwasserb\u00e4der als &#8222;Hamam&#8220;.<\/p><p>Im Garten und im Innenhof der kleinen B\u00e4deranlage kann man wunderbar die Seele baumeln lassen. Neben B\u00e4nken und schattenspendenden B\u00e4umen befindet sich hier eine gem\u00fctliche kleine Cafeteria, in der man bei einer Erfrischung, begleitet nur vom Gesang der V\u00f6gel, eine kleine Auszeit abseits der Touristenrouten Palmas nehmen kann. Das sehenswerte Areal mit seinen zwei arabischen Badeh\u00e4usern befindet sich auf der Carrer de Can Serra 7. Der Zugang ist von der Kathedrale aus beschildert.<\/p>\t\t\t\t\t\t\t\t<\/div>\n\t\t\t\t<\/div>\n\t\t\t\t\t<\/div>\n\t\t\t\t<\/div>\n\t\t\t\t<\/div>\n\t\t","protected":false},"excerpt":{"rendered":"<p>Sie gelten noch immer als Geheimtipp, obwohl sie durchaus eines der sehenswerten Highlights bei einem Besuch in Palma sind. Die Rede ist von den sogenannten Banys Arabs, den arabischen B\u00e4dern im Herzen der mallorquinischen Hauptstadt. Doch hierher verirren sich nur wenige Touristen, denn solch eine historische Anlage l\u00e4sst sich nur schwer zwischen den alten H\u00e4userfassaden in den engen Seitengassen um die Kathedrale vermuten. Der Eingang ist eher unscheinbar und so passiert es schon einmal, dass man das offene Tor zu den B\u00e4dern \u00fcbersieht. F\u00fcr eine erholsame Verschnaufpause w\u00e4hrend eines Besuchs im quirligen Palma eignen sich die arabischen B\u00e4der besonders gut, die wie eine unwirkliche Oase im Altstadtget\u00fcmmel wirken. In dem historischen Bauwerk aus der maurischen Zeit scheint f\u00fcr einen Augenblick die Zeit still zu stehen und in der h\u00fcbsch angelegten Gartenanlage im Eingangsbereich findet man ein wenig Ruhe und Beschaulichkeit. Die kleine Anlage stammt etwa aus dem 10. bis 12. Jahrhundert. Der imposante Hauptraum ist in der Form eines W\u00fcrfels gebaut und hat ein Seitenschiff, \u00e4hnlich einer Kirche. Die Kuppel mit ihren f\u00fcnf Oberlichtern besteht aus Ziegelsteinen und wird von 12 S\u00e4ulen getragen. Obwohl vom eigentlichen Bad nur noch wenige \u00dcberreste zur\u00fcckgeblieben sind, kann man einige Details noch gut erkennen. Besonders sehenswert ist das sogenannte Calarium, ein arabisches Dampfbad. Die Atmosph\u00e4re ist besonders bezaubernd, wenn das Sonnenlicht durch die sternf\u00f6rmigen \u00d6ffnungen in der Decke strahlt. Insgesamt beherbergte Palma einst f\u00fcnf B\u00e4der dieser Art, doch das Banys Arabs ist das einzige noch halbwegs erhaltene davon. Denn als die Insel im Jahre 1229 von K\u00f6nig Jaume I. zur\u00fcckerobert wurde, lie\u00df er nahezu alles zerst\u00f6ren, was an die Mauren erinnerte. Die Nutzung von B\u00e4dern dieser Art geht urspr\u00fcnglich auf die Zeit der R\u00f6mer zur\u00fcck. Die Araber bezeichneten ihre Hei\u00df- und Kaltwasserb\u00e4der als &#8222;Hamam&#8220;. Im Garten und im Innenhof der kleinen B\u00e4deranlage kann man wunderbar die Seele baumeln lassen. Neben B\u00e4nken und schattenspendenden B\u00e4umen befindet sich hier eine gem\u00fctliche kleine Cafeteria, in der man bei einer Erfrischung, begleitet nur vom Gesang der V\u00f6gel, eine kleine Auszeit abseits der Touristenrouten Palmas nehmen kann. Das sehenswerte Areal mit seinen zwei arabischen Badeh\u00e4usern befindet sich auf der Carrer de Can Serra 7. Der Zugang ist von der Kathedrale aus beschildert.<\/p>\n","protected":false},"author":5,"featured_media":133875,"comment_status":"closed","ping_status":"open","sticky":false,"template":"","format":"standard","meta":{"_acf_changed":false,"footnotes":""},"categories":[214,219,216],"tags":[],"class_list":["post-66209","post","type-post","status-publish","format-standard","has-post-thumbnail","hentry","category-inselleben","category-kultur","category-land-leute"],"acf":[],"yoast_head":"<!-- This site is optimized with the Yoast SEO Premium plugin v24.4 (Yoast SEO v26.8) - https:\/\/yoast.com\/product\/yoast-seo-premium-wordpress\/ -->\n<title>Die Arabischen B\u00e4der in Palma - Lucie Hauri | Exclusive Real Estate<\/title>\n<meta name=\"robots\" content=\"index, follow, max-snippet:-1, max-image-preview:large, max-video-preview:-1\" \/>\n<link rel=\"canonical\" href=\"https:\/\/www.lucie-hauri.com\/de\/die-arabischen-baeder-palma\/\" \/>\n<meta property=\"og:locale\" content=\"de_DE\" \/>\n<meta property=\"og:type\" content=\"article\" \/>\n<meta property=\"og:title\" content=\"Die Arabischen B\u00e4der in Palma - Lucie Hauri | Exclusive Real Estate\" \/>\n<meta property=\"og:description\" content=\"Sie gelten noch immer als Geheimtipp, obwohl sie durchaus eines der sehenswerten Highlights bei einem Besuch in Palma sind. Die Rede ist von den sogenannten Banys Arabs, den arabischen B\u00e4dern im Herzen der mallorquinischen Hauptstadt. Doch hierher verirren sich nur wenige Touristen, denn solch eine historische Anlage l\u00e4sst sich nur schwer zwischen den alten H\u00e4userfassaden in den engen Seitengassen um die Kathedrale vermuten. Der Eingang ist eher unscheinbar und so passiert es schon einmal, dass man das offene Tor zu den B\u00e4dern \u00fcbersieht. F\u00fcr eine erholsame Verschnaufpause w\u00e4hrend eines Besuchs im quirligen Palma eignen sich die arabischen B\u00e4der besonders gut, die wie eine unwirkliche Oase im Altstadtget\u00fcmmel wirken. In dem historischen Bauwerk aus der maurischen Zeit scheint f\u00fcr einen Augenblick die Zeit still zu stehen und in der h\u00fcbsch angelegten Gartenanlage im Eingangsbereich findet man ein wenig Ruhe und Beschaulichkeit. Die kleine Anlage stammt etwa aus dem 10. bis 12. Jahrhundert. Der imposante Hauptraum ist in der Form eines W\u00fcrfels gebaut und hat ein Seitenschiff, \u00e4hnlich einer Kirche. Die Kuppel mit ihren f\u00fcnf Oberlichtern besteht aus Ziegelsteinen und wird von 12 S\u00e4ulen getragen. Obwohl vom eigentlichen Bad nur noch wenige \u00dcberreste zur\u00fcckgeblieben sind, kann man einige Details noch gut erkennen. Besonders sehenswert ist das sogenannte Calarium, ein arabisches Dampfbad. Die Atmosph\u00e4re ist besonders bezaubernd, wenn das Sonnenlicht durch die sternf\u00f6rmigen \u00d6ffnungen in der Decke strahlt. Insgesamt beherbergte Palma einst f\u00fcnf B\u00e4der dieser Art, doch das Banys Arabs ist das einzige noch halbwegs erhaltene davon. Denn als die Insel im Jahre 1229 von K\u00f6nig Jaume I. zur\u00fcckerobert wurde, lie\u00df er nahezu alles zerst\u00f6ren, was an die Mauren erinnerte. Die Nutzung von B\u00e4dern dieser Art geht urspr\u00fcnglich auf die Zeit der R\u00f6mer zur\u00fcck. Die Araber bezeichneten ihre Hei\u00df- und Kaltwasserb\u00e4der als &#8222;Hamam&#8220;. Im Garten und im Innenhof der kleinen B\u00e4deranlage kann man wunderbar die Seele baumeln lassen. Neben B\u00e4nken und schattenspendenden B\u00e4umen befindet sich hier eine gem\u00fctliche kleine Cafeteria, in der man bei einer Erfrischung, begleitet nur vom Gesang der V\u00f6gel, eine kleine Auszeit abseits der Touristenrouten Palmas nehmen kann. Das sehenswerte Areal mit seinen zwei arabischen Badeh\u00e4usern befindet sich auf der Carrer de Can Serra 7. Der Zugang ist von der Kathedrale aus beschildert.\" \/>\n<meta property=\"og:url\" content=\"https:\/\/www.lucie-hauri.com\/de\/die-arabischen-baeder-palma\/\" \/>\n<meta property=\"og:site_name\" content=\"Lucie Hauri | Exclusive Real Estate\" \/>\n<meta property=\"article:published_time\" content=\"2019-08-20T08:03:14+00:00\" \/>\n<meta property=\"article:modified_time\" content=\"2025-01-06T13:55:07+00:00\" \/>\n<meta property=\"og:image\" content=\"https:\/\/www.lucie-hauri.com\/wp-content\/uploads\/2019\/08\/Arabische-Baeder-1.jpg\" \/>\n\t<meta property=\"og:image:width\" content=\"670\" \/>\n\t<meta property=\"og:image:height\" content=\"369\" \/>\n\t<meta property=\"og:image:type\" content=\"image\/jpeg\" \/>\n<meta name=\"author\" content=\"Lucie Haurie\" \/>\n<meta name=\"twitter:card\" content=\"summary_large_image\" \/>\n<meta name=\"twitter:label1\" content=\"Verfasst von\" \/>\n\t<meta name=\"twitter:data1\" content=\"Lucie Haurie\" \/>\n\t<meta name=\"twitter:label2\" content=\"Gesch\u00e4tzte Lesezeit\" \/>\n\t<meta name=\"twitter:data2\" content=\"3\u00a0Minuten\" \/>\n<script type=\"application\/ld+json\" class=\"yoast-schema-graph\">{\"@context\":\"https:\/\/schema.org\",\"@graph\":[{\"@type\":\"Article\",\"@id\":\"https:\/\/www.lucie-hauri.com\/de\/die-arabischen-baeder-palma\/#article\",\"isPartOf\":{\"@id\":\"https:\/\/www.lucie-hauri.com\/de\/die-arabischen-baeder-palma\/\"},\"author\":{\"name\":\"Lucie Haurie\",\"@id\":\"https:\/\/www.lucie-hauri.com\/en\/#\/schema\/person\/2da0f594e9d27f36e29477b9f86d1f1d\"},\"headline\":\"Die Arabischen B\u00e4der in Palma\",\"datePublished\":\"2019-08-20T08:03:14+00:00\",\"dateModified\":\"2025-01-06T13:55:07+00:00\",\"mainEntityOfPage\":{\"@id\":\"https:\/\/www.lucie-hauri.com\/de\/die-arabischen-baeder-palma\/\"},\"wordCount\":397,\"image\":{\"@id\":\"https:\/\/www.lucie-hauri.com\/de\/die-arabischen-baeder-palma\/#primaryimage\"},\"thumbnailUrl\":\"https:\/\/www.lucie-hauri.com\/wp-content\/uploads\/2019\/08\/Arabische-Baeder-1.jpg\",\"articleSection\":[\"Inselleben\",\"Kultur\",\"Land &amp; Leute\"],\"inLanguage\":\"de\"},{\"@type\":\"WebPage\",\"@id\":\"https:\/\/www.lucie-hauri.com\/de\/die-arabischen-baeder-palma\/\",\"url\":\"https:\/\/www.lucie-hauri.com\/de\/die-arabischen-baeder-palma\/\",\"name\":\"Die Arabischen B\u00e4der in Palma - Lucie Hauri | Exclusive Real Estate\",\"isPartOf\":{\"@id\":\"https:\/\/www.lucie-hauri.com\/en\/#website\"},\"primaryImageOfPage\":{\"@id\":\"https:\/\/www.lucie-hauri.com\/de\/die-arabischen-baeder-palma\/#primaryimage\"},\"image\":{\"@id\":\"https:\/\/www.lucie-hauri.com\/de\/die-arabischen-baeder-palma\/#primaryimage\"},\"thumbnailUrl\":\"https:\/\/www.lucie-hauri.com\/wp-content\/uploads\/2019\/08\/Arabische-Baeder-1.jpg\",\"datePublished\":\"2019-08-20T08:03:14+00:00\",\"dateModified\":\"2025-01-06T13:55:07+00:00\",\"author\":{\"@id\":\"https:\/\/www.lucie-hauri.com\/en\/#\/schema\/person\/2da0f594e9d27f36e29477b9f86d1f1d\"},\"inLanguage\":\"de\",\"potentialAction\":[{\"@type\":\"ReadAction\",\"target\":[\"https:\/\/www.lucie-hauri.com\/de\/die-arabischen-baeder-palma\/\"]}]},{\"@type\":\"ImageObject\",\"inLanguage\":\"de\",\"@id\":\"https:\/\/www.lucie-hauri.com\/de\/die-arabischen-baeder-palma\/#primaryimage\",\"url\":\"https:\/\/www.lucie-hauri.com\/wp-content\/uploads\/2019\/08\/Arabische-Baeder-1.jpg\",\"contentUrl\":\"https:\/\/www.lucie-hauri.com\/wp-content\/uploads\/2019\/08\/Arabische-Baeder-1.jpg\",\"width\":670,\"height\":369},{\"@type\":\"WebSite\",\"@id\":\"https:\/\/www.lucie-hauri.com\/en\/#website\",\"url\":\"https:\/\/www.lucie-hauri.com\/en\/\",\"name\":\"Lucie Hauri | Exclusive Real Estate\",\"description\":\"\",\"potentialAction\":[{\"@type\":\"SearchAction\",\"target\":{\"@type\":\"EntryPoint\",\"urlTemplate\":\"https:\/\/www.lucie-hauri.com\/en\/?s={search_term_string}\"},\"query-input\":{\"@type\":\"PropertyValueSpecification\",\"valueRequired\":true,\"valueName\":\"search_term_string\"}}],\"inLanguage\":\"de\"},{\"@type\":\"Person\",\"@id\":\"https:\/\/www.lucie-hauri.com\/en\/#\/schema\/person\/2da0f594e9d27f36e29477b9f86d1f1d\",\"name\":\"Lucie Haurie\",\"image\":{\"@type\":\"ImageObject\",\"inLanguage\":\"de\",\"@id\":\"https:\/\/www.lucie-hauri.com\/en\/#\/schema\/person\/image\/\",\"url\":\"https:\/\/secure.gravatar.com\/avatar\/5547acc5a9ccb58175658f3a6b0b1f239807fa157dfa222ae1731d25a7f34aed?s=96&d=mm&r=g\",\"contentUrl\":\"https:\/\/secure.gravatar.com\/avatar\/5547acc5a9ccb58175658f3a6b0b1f239807fa157dfa222ae1731d25a7f34aed?s=96&d=mm&r=g\",\"caption\":\"Lucie Haurie\"},\"url\":\"https:\/\/www.lucie-hauri.com\/de\/author\/m-wichmann\/\"}]}<\/script>\n<!-- \/ Yoast SEO Premium plugin. -->","yoast_head_json":{"title":"Die Arabischen B\u00e4der in Palma - Lucie Hauri | Exclusive Real Estate","robots":{"index":"index","follow":"follow","max-snippet":"max-snippet:-1","max-image-preview":"max-image-preview:large","max-video-preview":"max-video-preview:-1"},"canonical":"https:\/\/www.lucie-hauri.com\/de\/die-arabischen-baeder-palma\/","og_locale":"de_DE","og_type":"article","og_title":"Die Arabischen B\u00e4der in Palma - Lucie Hauri | Exclusive Real Estate","og_description":"Sie gelten noch immer als Geheimtipp, obwohl sie durchaus eines der sehenswerten Highlights bei einem Besuch in Palma sind. Die Rede ist von den sogenannten Banys Arabs, den arabischen B\u00e4dern im Herzen der mallorquinischen Hauptstadt. Doch hierher verirren sich nur wenige Touristen, denn solch eine historische Anlage l\u00e4sst sich nur schwer zwischen den alten H\u00e4userfassaden in den engen Seitengassen um die Kathedrale vermuten. Der Eingang ist eher unscheinbar und so passiert es schon einmal, dass man das offene Tor zu den B\u00e4dern \u00fcbersieht. F\u00fcr eine erholsame Verschnaufpause w\u00e4hrend eines Besuchs im quirligen Palma eignen sich die arabischen B\u00e4der besonders gut, die wie eine unwirkliche Oase im Altstadtget\u00fcmmel wirken. In dem historischen Bauwerk aus der maurischen Zeit scheint f\u00fcr einen Augenblick die Zeit still zu stehen und in der h\u00fcbsch angelegten Gartenanlage im Eingangsbereich findet man ein wenig Ruhe und Beschaulichkeit. Die kleine Anlage stammt etwa aus dem 10. bis 12. Jahrhundert. Der imposante Hauptraum ist in der Form eines W\u00fcrfels gebaut und hat ein Seitenschiff, \u00e4hnlich einer Kirche. Die Kuppel mit ihren f\u00fcnf Oberlichtern besteht aus Ziegelsteinen und wird von 12 S\u00e4ulen getragen. Obwohl vom eigentlichen Bad nur noch wenige \u00dcberreste zur\u00fcckgeblieben sind, kann man einige Details noch gut erkennen. Besonders sehenswert ist das sogenannte Calarium, ein arabisches Dampfbad. Die Atmosph\u00e4re ist besonders bezaubernd, wenn das Sonnenlicht durch die sternf\u00f6rmigen \u00d6ffnungen in der Decke strahlt. Insgesamt beherbergte Palma einst f\u00fcnf B\u00e4der dieser Art, doch das Banys Arabs ist das einzige noch halbwegs erhaltene davon. Denn als die Insel im Jahre 1229 von K\u00f6nig Jaume I. zur\u00fcckerobert wurde, lie\u00df er nahezu alles zerst\u00f6ren, was an die Mauren erinnerte. Die Nutzung von B\u00e4dern dieser Art geht urspr\u00fcnglich auf die Zeit der R\u00f6mer zur\u00fcck. Die Araber bezeichneten ihre Hei\u00df- und Kaltwasserb\u00e4der als &#8222;Hamam&#8220;. Im Garten und im Innenhof der kleinen B\u00e4deranlage kann man wunderbar die Seele baumeln lassen. Neben B\u00e4nken und schattenspendenden B\u00e4umen befindet sich hier eine gem\u00fctliche kleine Cafeteria, in der man bei einer Erfrischung, begleitet nur vom Gesang der V\u00f6gel, eine kleine Auszeit abseits der Touristenrouten Palmas nehmen kann. Das sehenswerte Areal mit seinen zwei arabischen Badeh\u00e4usern befindet sich auf der Carrer de Can Serra 7. Der Zugang ist von der Kathedrale aus beschildert.","og_url":"https:\/\/www.lucie-hauri.com\/de\/die-arabischen-baeder-palma\/","og_site_name":"Lucie Hauri | Exclusive Real Estate","article_published_time":"2019-08-20T08:03:14+00:00","article_modified_time":"2025-01-06T13:55:07+00:00","og_image":[{"width":670,"height":369,"url":"https:\/\/www.lucie-hauri.com\/wp-content\/uploads\/2019\/08\/Arabische-Baeder-1.jpg","type":"image\/jpeg"}],"author":"Lucie Haurie","twitter_card":"summary_large_image","twitter_misc":{"Verfasst von":"Lucie Haurie","Gesch\u00e4tzte Lesezeit":"3\u00a0Minuten"},"schema":{"@context":"https:\/\/schema.org","@graph":[{"@type":"Article","@id":"https:\/\/www.lucie-hauri.com\/de\/die-arabischen-baeder-palma\/#article","isPartOf":{"@id":"https:\/\/www.lucie-hauri.com\/de\/die-arabischen-baeder-palma\/"},"author":{"name":"Lucie Haurie","@id":"https:\/\/www.lucie-hauri.com\/en\/#\/schema\/person\/2da0f594e9d27f36e29477b9f86d1f1d"},"headline":"Die Arabischen B\u00e4der in Palma","datePublished":"2019-08-20T08:03:14+00:00","dateModified":"2025-01-06T13:55:07+00:00","mainEntityOfPage":{"@id":"https:\/\/www.lucie-hauri.com\/de\/die-arabischen-baeder-palma\/"},"wordCount":397,"image":{"@id":"https:\/\/www.lucie-hauri.com\/de\/die-arabischen-baeder-palma\/#primaryimage"},"thumbnailUrl":"https:\/\/www.lucie-hauri.com\/wp-content\/uploads\/2019\/08\/Arabische-Baeder-1.jpg","articleSection":["Inselleben","Kultur","Land &amp; Leute"],"inLanguage":"de"},{"@type":"WebPage","@id":"https:\/\/www.lucie-hauri.com\/de\/die-arabischen-baeder-palma\/","url":"https:\/\/www.lucie-hauri.com\/de\/die-arabischen-baeder-palma\/","name":"Die Arabischen B\u00e4der in Palma - Lucie Hauri | Exclusive Real Estate","isPartOf":{"@id":"https:\/\/www.lucie-hauri.com\/en\/#website"},"primaryImageOfPage":{"@id":"https:\/\/www.lucie-hauri.com\/de\/die-arabischen-baeder-palma\/#primaryimage"},"image":{"@id":"https:\/\/www.lucie-hauri.com\/de\/die-arabischen-baeder-palma\/#primaryimage"},"thumbnailUrl":"https:\/\/www.lucie-hauri.com\/wp-content\/uploads\/2019\/08\/Arabische-Baeder-1.jpg","datePublished":"2019-08-20T08:03:14+00:00","dateModified":"2025-01-06T13:55:07+00:00","author":{"@id":"https:\/\/www.lucie-hauri.com\/en\/#\/schema\/person\/2da0f594e9d27f36e29477b9f86d1f1d"},"inLanguage":"de","potentialAction":[{"@type":"ReadAction","target":["https:\/\/www.lucie-hauri.com\/de\/die-arabischen-baeder-palma\/"]}]},{"@type":"ImageObject","inLanguage":"de","@id":"https:\/\/www.lucie-hauri.com\/de\/die-arabischen-baeder-palma\/#primaryimage","url":"https:\/\/www.lucie-hauri.com\/wp-content\/uploads\/2019\/08\/Arabische-Baeder-1.jpg","contentUrl":"https:\/\/www.lucie-hauri.com\/wp-content\/uploads\/2019\/08\/Arabische-Baeder-1.jpg","width":670,"height":369},{"@type":"WebSite","@id":"https:\/\/www.lucie-hauri.com\/en\/#website","url":"https:\/\/www.lucie-hauri.com\/en\/","name":"Lucie Hauri | Exclusive Real Estate","description":"","potentialAction":[{"@type":"SearchAction","target":{"@type":"EntryPoint","urlTemplate":"https:\/\/www.lucie-hauri.com\/en\/?s={search_term_string}"},"query-input":{"@type":"PropertyValueSpecification","valueRequired":true,"valueName":"search_term_string"}}],"inLanguage":"de"},{"@type":"Person","@id":"https:\/\/www.lucie-hauri.com\/en\/#\/schema\/person\/2da0f594e9d27f36e29477b9f86d1f1d","name":"Lucie Haurie","image":{"@type":"ImageObject","inLanguage":"de","@id":"https:\/\/www.lucie-hauri.com\/en\/#\/schema\/person\/image\/","url":"https:\/\/secure.gravatar.com\/avatar\/5547acc5a9ccb58175658f3a6b0b1f239807fa157dfa222ae1731d25a7f34aed?s=96&d=mm&r=g","contentUrl":"https:\/\/secure.gravatar.com\/avatar\/5547acc5a9ccb58175658f3a6b0b1f239807fa157dfa222ae1731d25a7f34aed?s=96&d=mm&r=g","caption":"Lucie Haurie"},"url":"https:\/\/www.lucie-hauri.com\/de\/author\/m-wichmann\/"}]}},"_links":{"self":[{"href":"https:\/\/www.lucie-hauri.com\/de\/wp-json\/wp\/v2\/posts\/66209","targetHints":{"allow":["GET"]}}],"collection":[{"href":"https:\/\/www.lucie-hauri.com\/de\/wp-json\/wp\/v2\/posts"}],"about":[{"href":"https:\/\/www.lucie-hauri.com\/de\/wp-json\/wp\/v2\/types\/post"}],"author":[{"embeddable":true,"href":"https:\/\/www.lucie-hauri.com\/de\/wp-json\/wp\/v2\/users\/5"}],"replies":[{"embeddable":true,"href":"https:\/\/www.lucie-hauri.com\/de\/wp-json\/wp\/v2\/comments?post=66209"}],"version-history":[{"count":0,"href":"https:\/\/www.lucie-hauri.com\/de\/wp-json\/wp\/v2\/posts\/66209\/revisions"}],"wp:featuredmedia":[{"embeddable":true,"href":"https:\/\/www.lucie-hauri.com\/de\/wp-json\/wp\/v2\/media\/133875"}],"wp:attachment":[{"href":"https:\/\/www.lucie-hauri.com\/de\/wp-json\/wp\/v2\/media?parent=66209"}],"wp:term":[{"taxonomy":"category","embeddable":true,"href":"https:\/\/www.lucie-hauri.com\/de\/wp-json\/wp\/v2\/categories?post=66209"},{"taxonomy":"post_tag","embeddable":true,"href":"https:\/\/www.lucie-hauri.com\/de\/wp-json\/wp\/v2\/tags?post=66209"}],"curies":[{"name":"wp","href":"https:\/\/api.w.org\/{rel}","templated":true}]}}