{"id":60871,"date":"2016-12-26T17:38:32","date_gmt":"2016-12-26T16:38:32","guid":{"rendered":"https:\/\/lucie-hauri.hostpress.me\/das-castell-de-santueri\/"},"modified":"2025-01-06T14:55:56","modified_gmt":"2025-01-06T13:55:56","slug":"das-castell-de-santueri","status":"publish","type":"post","link":"https:\/\/www.lucie-hauri.com\/de\/das-castell-de-santueri\/","title":{"rendered":"Das Castell de Santueri"},"content":{"rendered":"\t\t<div data-elementor-type=\"wp-post\" data-elementor-id=\"60871\" class=\"elementor elementor-60871\" data-elementor-post-type=\"post\">\n\t\t\t\t<div class=\"elementor-element elementor-element-38b19ac3 e-flex e-con-boxed e-con e-parent\" data-id=\"38b19ac3\" data-element_type=\"container\">\n\t\t\t\t\t<div class=\"e-con-inner\">\n\t\t\t\t<div class=\"elementor-element elementor-element-5ccaca63 elementor-widget elementor-widget-text-editor\" data-id=\"5ccaca63\" data-element_type=\"widget\" data-widget_type=\"text-editor.default\">\n\t\t\t\t<div class=\"elementor-widget-container\">\n\t\t\t\t\t\t\t\t\t<p>Ein wenig versteckt, s\u00fcd\u00f6stlich des Ortes Felanitx, thront auf dem gut 400 Meter hohen Puig de Santueri das historische Castell de Santueri. Die noch relativ gut erhaltene Festungsanlage erreicht man, vorbei an duftenden Orangen- und Mandelb\u00e4umen und Olivenhainen, \u00fcber eine sehr schmale, steile und kurvenreiche Strasse zwischen Felanitx und Santany\u00ed. Der Weg endet auf dem Parkplatz am Fusse des Castells. \u00dcber einen stufigen Weg gelangt man zur m\u00e4chtigen Befestigungsanlage.<\/p><p>Schon etwa 100 v. Christus, zur Zeit der Besatzung durch die R\u00f6mer, stand an der Stelle des heutigen Castells de Santueri ein Wachturm zum Schutz der Inselbewohner. Nachdem Mallorca im Jahre 902 vom Emirat von C\u00f3rdoba erobert wurde, errichtete man hier eine Festungsanlage. Nach einem Jahr eroberten die Truppen von K\u00f6nig Jaume I. im Zuge der Requonquista das Castell zur\u00fcck. Im 13. Jahrhundert war die Befestigungsanlage ein zentraler Verteidigungspunkt gegen die Truppen von K\u00f6nig Aragon. Dabei wurde das Castell fast vollst\u00e4ndig zerst\u00f6rt. Im 14. Jahrhundert baute man auf den alten Grundmauern das heutige Castell de Santueri, um die Insel vor den Angriffen der Piratenflotte zu sch\u00fctzen. Ab dem 18. Jahrhundert wurde das Castell seinem Schicksal \u00fcberlassen und es verfiel.<\/p><p>Die unter Denkmalschutz stehende Anlage wurde in j\u00fcngster Zeit allerdings umfangreich und detailgenau restauriert und abgesichert, so dass heute einem entspannten Besuch nichts mehr im Wege steht. Von der beeindruckenden Befestigungsanlage aus hat man einen atemberaubenden Ausblick in die Umgebung. So schweift der Blick \u00fcber die weite H\u00fcgelkette Serres de Llevant und hinunter zur K\u00fcstenregion um den Ort Porto Colom. Auch das markante Steinkreuz des historischen Klosters Santuari de Sant Salvador auf einem benachbarten H\u00f6henzug ist unschwer zu erkennen. Ist das Wetter gut und die Sichtverh\u00e4ltnisse optimal, schaut man sogar bis zu den benachbarten Inseln Menorca und Ibiza. Eine beeindruckende Aussicht, die man sicher so schnell nicht wieder vergessen wird.<\/p><p>Jeder Besucher wird sofort von der wildromantischen Atmosph\u00e4re der Burgruine gefesselt sein. Hier ist ein Refugium der Stille und Beschaulichkeit. Souvenir-Shops oder Imbissbuden sucht man hier vergeblich. Daf\u00fcr findet man aber Ruhe und eine wundervolle Naturkulisse inmitten steinerner Zeitzeugen der Geschichte Mallorcas. Da es hier auch kein Caf\u00e9 oder Restaurant gibt, in dem man sich etwas erfrischen kann, sollte man vor einem Besuch daran denken, einen ausreichenden Wasser- und Proviant-Vorrat dabei zu haben.<\/p>\t\t\t\t\t\t\t\t<\/div>\n\t\t\t\t<\/div>\n\t\t\t\t\t<\/div>\n\t\t\t\t<\/div>\n\t\t\t\t<\/div>\n\t\t","protected":false},"excerpt":{"rendered":"<p>Ein wenig versteckt, s\u00fcd\u00f6stlich des Ortes Felanitx, thront auf dem gut 400 Meter hohen Puig de Santueri das historische Castell de Santueri. Die noch relativ gut erhaltene Festungsanlage erreicht man, vorbei an duftenden Orangen- und Mandelb\u00e4umen und Olivenhainen, \u00fcber eine sehr schmale, steile und kurvenreiche Strasse zwischen Felanitx und Santany\u00ed. Der Weg endet auf dem Parkplatz am Fusse des Castells. \u00dcber einen stufigen Weg gelangt man zur m\u00e4chtigen Befestigungsanlage. Schon etwa 100 v. Christus, zur Zeit der Besatzung durch die R\u00f6mer, stand an der Stelle des heutigen Castells de Santueri ein Wachturm zum Schutz der Inselbewohner. Nachdem Mallorca im Jahre 902 vom Emirat von C\u00f3rdoba erobert wurde, errichtete man hier eine Festungsanlage. Nach einem Jahr eroberten die Truppen von K\u00f6nig Jaume I. im Zuge der Requonquista das Castell zur\u00fcck. Im 13. Jahrhundert war die Befestigungsanlage ein zentraler Verteidigungspunkt gegen die Truppen von K\u00f6nig Aragon. Dabei wurde das Castell fast vollst\u00e4ndig zerst\u00f6rt. Im 14. Jahrhundert baute man auf den alten Grundmauern das heutige Castell de Santueri, um die Insel vor den Angriffen der Piratenflotte zu sch\u00fctzen. Ab dem 18. Jahrhundert wurde das Castell seinem Schicksal \u00fcberlassen und es verfiel. Die unter Denkmalschutz stehende Anlage wurde in j\u00fcngster Zeit allerdings umfangreich und detailgenau restauriert und abgesichert, so dass heute einem entspannten Besuch nichts mehr im Wege steht. Von der beeindruckenden Befestigungsanlage aus hat man einen atemberaubenden Ausblick in die Umgebung. So schweift der Blick \u00fcber die weite H\u00fcgelkette Serres de Llevant und hinunter zur K\u00fcstenregion um den Ort Porto Colom. Auch das markante Steinkreuz des historischen Klosters Santuari de Sant Salvador auf einem benachbarten H\u00f6henzug ist unschwer zu erkennen. Ist das Wetter gut und die Sichtverh\u00e4ltnisse optimal, schaut man sogar bis zu den benachbarten Inseln Menorca und Ibiza. Eine beeindruckende Aussicht, die man sicher so schnell nicht wieder vergessen wird. Jeder Besucher wird sofort von der wildromantischen Atmosph\u00e4re der Burgruine gefesselt sein. Hier ist ein Refugium der Stille und Beschaulichkeit. Souvenir-Shops oder Imbissbuden sucht man hier vergeblich. Daf\u00fcr findet man aber Ruhe und eine wundervolle Naturkulisse inmitten steinerner Zeitzeugen der Geschichte Mallorcas. Da es hier auch kein Caf\u00e9 oder Restaurant gibt, in dem man sich etwas erfrischen kann, sollte man vor einem Besuch daran denken, einen ausreichenden Wasser- und Proviant-Vorrat dabei zu haben.<\/p>\n","protected":false},"author":5,"featured_media":134392,"comment_status":"closed","ping_status":"open","sticky":false,"template":"","format":"standard","meta":{"_acf_changed":false,"footnotes":""},"categories":[214,219,216],"tags":[],"class_list":["post-60871","post","type-post","status-publish","format-standard","has-post-thumbnail","hentry","category-inselleben","category-kultur","category-land-leute"],"acf":[],"yoast_head":"<!-- This site is optimized with the Yoast SEO Premium plugin v24.4 (Yoast SEO v26.8) - https:\/\/yoast.com\/product\/yoast-seo-premium-wordpress\/ -->\n<title>Das Castell de Santueri - Lucie Hauri | Exclusive Real Estate<\/title>\n<meta name=\"robots\" content=\"index, follow, max-snippet:-1, max-image-preview:large, max-video-preview:-1\" \/>\n<link rel=\"canonical\" href=\"https:\/\/www.lucie-hauri.com\/de\/das-castell-de-santueri\/\" \/>\n<meta property=\"og:locale\" content=\"de_DE\" \/>\n<meta property=\"og:type\" content=\"article\" \/>\n<meta property=\"og:title\" content=\"Das Castell de Santueri - Lucie Hauri | Exclusive Real Estate\" \/>\n<meta property=\"og:description\" content=\"Ein wenig versteckt, s\u00fcd\u00f6stlich des Ortes Felanitx, thront auf dem gut 400 Meter hohen Puig de Santueri das historische Castell de Santueri. Die noch relativ gut erhaltene Festungsanlage erreicht man, vorbei an duftenden Orangen- und Mandelb\u00e4umen und Olivenhainen, \u00fcber eine sehr schmale, steile und kurvenreiche Strasse zwischen Felanitx und Santany\u00ed. Der Weg endet auf dem Parkplatz am Fusse des Castells. \u00dcber einen stufigen Weg gelangt man zur m\u00e4chtigen Befestigungsanlage. Schon etwa 100 v. Christus, zur Zeit der Besatzung durch die R\u00f6mer, stand an der Stelle des heutigen Castells de Santueri ein Wachturm zum Schutz der Inselbewohner. Nachdem Mallorca im Jahre 902 vom Emirat von C\u00f3rdoba erobert wurde, errichtete man hier eine Festungsanlage. Nach einem Jahr eroberten die Truppen von K\u00f6nig Jaume I. im Zuge der Requonquista das Castell zur\u00fcck. Im 13. Jahrhundert war die Befestigungsanlage ein zentraler Verteidigungspunkt gegen die Truppen von K\u00f6nig Aragon. Dabei wurde das Castell fast vollst\u00e4ndig zerst\u00f6rt. Im 14. Jahrhundert baute man auf den alten Grundmauern das heutige Castell de Santueri, um die Insel vor den Angriffen der Piratenflotte zu sch\u00fctzen. Ab dem 18. Jahrhundert wurde das Castell seinem Schicksal \u00fcberlassen und es verfiel. Die unter Denkmalschutz stehende Anlage wurde in j\u00fcngster Zeit allerdings umfangreich und detailgenau restauriert und abgesichert, so dass heute einem entspannten Besuch nichts mehr im Wege steht. Von der beeindruckenden Befestigungsanlage aus hat man einen atemberaubenden Ausblick in die Umgebung. So schweift der Blick \u00fcber die weite H\u00fcgelkette Serres de Llevant und hinunter zur K\u00fcstenregion um den Ort Porto Colom. Auch das markante Steinkreuz des historischen Klosters Santuari de Sant Salvador auf einem benachbarten H\u00f6henzug ist unschwer zu erkennen. Ist das Wetter gut und die Sichtverh\u00e4ltnisse optimal, schaut man sogar bis zu den benachbarten Inseln Menorca und Ibiza. Eine beeindruckende Aussicht, die man sicher so schnell nicht wieder vergessen wird. Jeder Besucher wird sofort von der wildromantischen Atmosph\u00e4re der Burgruine gefesselt sein. Hier ist ein Refugium der Stille und Beschaulichkeit. Souvenir-Shops oder Imbissbuden sucht man hier vergeblich. Daf\u00fcr findet man aber Ruhe und eine wundervolle Naturkulisse inmitten steinerner Zeitzeugen der Geschichte Mallorcas. Da es hier auch kein Caf\u00e9 oder Restaurant gibt, in dem man sich etwas erfrischen kann, sollte man vor einem Besuch daran denken, einen ausreichenden Wasser- und Proviant-Vorrat dabei zu haben.\" \/>\n<meta property=\"og:url\" content=\"https:\/\/www.lucie-hauri.com\/de\/das-castell-de-santueri\/\" \/>\n<meta property=\"og:site_name\" content=\"Lucie Hauri | Exclusive Real Estate\" \/>\n<meta property=\"article:published_time\" content=\"2016-12-26T16:38:32+00:00\" \/>\n<meta property=\"article:modified_time\" content=\"2025-01-06T13:55:56+00:00\" \/>\n<meta property=\"og:image\" content=\"https:\/\/www.lucie-hauri.com\/wp-content\/uploads\/2016\/12\/castelldesantueri-620x292-1.jpg\" \/>\n\t<meta property=\"og:image:width\" content=\"620\" \/>\n\t<meta property=\"og:image:height\" content=\"292\" \/>\n\t<meta property=\"og:image:type\" content=\"image\/jpeg\" \/>\n<meta name=\"author\" content=\"Lucie Haurie\" \/>\n<meta name=\"twitter:card\" content=\"summary_large_image\" \/>\n<meta name=\"twitter:label1\" content=\"Verfasst von\" \/>\n\t<meta name=\"twitter:data1\" content=\"Lucie Haurie\" \/>\n\t<meta name=\"twitter:label2\" content=\"Gesch\u00e4tzte Lesezeit\" \/>\n\t<meta name=\"twitter:data2\" content=\"3\u00a0Minuten\" \/>\n<script type=\"application\/ld+json\" class=\"yoast-schema-graph\">{\"@context\":\"https:\/\/schema.org\",\"@graph\":[{\"@type\":\"Article\",\"@id\":\"https:\/\/www.lucie-hauri.com\/de\/das-castell-de-santueri\/#article\",\"isPartOf\":{\"@id\":\"https:\/\/www.lucie-hauri.com\/de\/das-castell-de-santueri\/\"},\"author\":{\"name\":\"Lucie Haurie\",\"@id\":\"https:\/\/www.lucie-hauri.com\/en\/#\/schema\/person\/2da0f594e9d27f36e29477b9f86d1f1d\"},\"headline\":\"Das Castell de Santueri\",\"datePublished\":\"2016-12-26T16:38:32+00:00\",\"dateModified\":\"2025-01-06T13:55:56+00:00\",\"mainEntityOfPage\":{\"@id\":\"https:\/\/www.lucie-hauri.com\/de\/das-castell-de-santueri\/\"},\"wordCount\":388,\"image\":{\"@id\":\"https:\/\/www.lucie-hauri.com\/de\/das-castell-de-santueri\/#primaryimage\"},\"thumbnailUrl\":\"https:\/\/www.lucie-hauri.com\/wp-content\/uploads\/2016\/12\/castelldesantueri-620x292-1.jpg\",\"articleSection\":[\"Inselleben\",\"Kultur\",\"Land &amp; Leute\"],\"inLanguage\":\"de\"},{\"@type\":\"WebPage\",\"@id\":\"https:\/\/www.lucie-hauri.com\/de\/das-castell-de-santueri\/\",\"url\":\"https:\/\/www.lucie-hauri.com\/de\/das-castell-de-santueri\/\",\"name\":\"Das Castell de Santueri - Lucie Hauri | Exclusive Real Estate\",\"isPartOf\":{\"@id\":\"https:\/\/www.lucie-hauri.com\/en\/#website\"},\"primaryImageOfPage\":{\"@id\":\"https:\/\/www.lucie-hauri.com\/de\/das-castell-de-santueri\/#primaryimage\"},\"image\":{\"@id\":\"https:\/\/www.lucie-hauri.com\/de\/das-castell-de-santueri\/#primaryimage\"},\"thumbnailUrl\":\"https:\/\/www.lucie-hauri.com\/wp-content\/uploads\/2016\/12\/castelldesantueri-620x292-1.jpg\",\"datePublished\":\"2016-12-26T16:38:32+00:00\",\"dateModified\":\"2025-01-06T13:55:56+00:00\",\"author\":{\"@id\":\"https:\/\/www.lucie-hauri.com\/en\/#\/schema\/person\/2da0f594e9d27f36e29477b9f86d1f1d\"},\"inLanguage\":\"de\",\"potentialAction\":[{\"@type\":\"ReadAction\",\"target\":[\"https:\/\/www.lucie-hauri.com\/de\/das-castell-de-santueri\/\"]}]},{\"@type\":\"ImageObject\",\"inLanguage\":\"de\",\"@id\":\"https:\/\/www.lucie-hauri.com\/de\/das-castell-de-santueri\/#primaryimage\",\"url\":\"https:\/\/www.lucie-hauri.com\/wp-content\/uploads\/2016\/12\/castelldesantueri-620x292-1.jpg\",\"contentUrl\":\"https:\/\/www.lucie-hauri.com\/wp-content\/uploads\/2016\/12\/castelldesantueri-620x292-1.jpg\",\"width\":620,\"height\":292},{\"@type\":\"WebSite\",\"@id\":\"https:\/\/www.lucie-hauri.com\/en\/#website\",\"url\":\"https:\/\/www.lucie-hauri.com\/en\/\",\"name\":\"Lucie Hauri | Exclusive Real Estate\",\"description\":\"\",\"potentialAction\":[{\"@type\":\"SearchAction\",\"target\":{\"@type\":\"EntryPoint\",\"urlTemplate\":\"https:\/\/www.lucie-hauri.com\/en\/?s={search_term_string}\"},\"query-input\":{\"@type\":\"PropertyValueSpecification\",\"valueRequired\":true,\"valueName\":\"search_term_string\"}}],\"inLanguage\":\"de\"},{\"@type\":\"Person\",\"@id\":\"https:\/\/www.lucie-hauri.com\/en\/#\/schema\/person\/2da0f594e9d27f36e29477b9f86d1f1d\",\"name\":\"Lucie Haurie\",\"image\":{\"@type\":\"ImageObject\",\"inLanguage\":\"de\",\"@id\":\"https:\/\/www.lucie-hauri.com\/en\/#\/schema\/person\/image\/\",\"url\":\"https:\/\/secure.gravatar.com\/avatar\/5547acc5a9ccb58175658f3a6b0b1f239807fa157dfa222ae1731d25a7f34aed?s=96&d=mm&r=g\",\"contentUrl\":\"https:\/\/secure.gravatar.com\/avatar\/5547acc5a9ccb58175658f3a6b0b1f239807fa157dfa222ae1731d25a7f34aed?s=96&d=mm&r=g\",\"caption\":\"Lucie Haurie\"},\"url\":\"https:\/\/www.lucie-hauri.com\/de\/author\/m-wichmann\/\"}]}<\/script>\n<!-- \/ Yoast SEO Premium plugin. -->","yoast_head_json":{"title":"Das Castell de Santueri - Lucie Hauri | Exclusive Real Estate","robots":{"index":"index","follow":"follow","max-snippet":"max-snippet:-1","max-image-preview":"max-image-preview:large","max-video-preview":"max-video-preview:-1"},"canonical":"https:\/\/www.lucie-hauri.com\/de\/das-castell-de-santueri\/","og_locale":"de_DE","og_type":"article","og_title":"Das Castell de Santueri - Lucie Hauri | Exclusive Real Estate","og_description":"Ein wenig versteckt, s\u00fcd\u00f6stlich des Ortes Felanitx, thront auf dem gut 400 Meter hohen Puig de Santueri das historische Castell de Santueri. Die noch relativ gut erhaltene Festungsanlage erreicht man, vorbei an duftenden Orangen- und Mandelb\u00e4umen und Olivenhainen, \u00fcber eine sehr schmale, steile und kurvenreiche Strasse zwischen Felanitx und Santany\u00ed. Der Weg endet auf dem Parkplatz am Fusse des Castells. \u00dcber einen stufigen Weg gelangt man zur m\u00e4chtigen Befestigungsanlage. Schon etwa 100 v. Christus, zur Zeit der Besatzung durch die R\u00f6mer, stand an der Stelle des heutigen Castells de Santueri ein Wachturm zum Schutz der Inselbewohner. Nachdem Mallorca im Jahre 902 vom Emirat von C\u00f3rdoba erobert wurde, errichtete man hier eine Festungsanlage. Nach einem Jahr eroberten die Truppen von K\u00f6nig Jaume I. im Zuge der Requonquista das Castell zur\u00fcck. Im 13. Jahrhundert war die Befestigungsanlage ein zentraler Verteidigungspunkt gegen die Truppen von K\u00f6nig Aragon. Dabei wurde das Castell fast vollst\u00e4ndig zerst\u00f6rt. Im 14. Jahrhundert baute man auf den alten Grundmauern das heutige Castell de Santueri, um die Insel vor den Angriffen der Piratenflotte zu sch\u00fctzen. Ab dem 18. Jahrhundert wurde das Castell seinem Schicksal \u00fcberlassen und es verfiel. Die unter Denkmalschutz stehende Anlage wurde in j\u00fcngster Zeit allerdings umfangreich und detailgenau restauriert und abgesichert, so dass heute einem entspannten Besuch nichts mehr im Wege steht. Von der beeindruckenden Befestigungsanlage aus hat man einen atemberaubenden Ausblick in die Umgebung. So schweift der Blick \u00fcber die weite H\u00fcgelkette Serres de Llevant und hinunter zur K\u00fcstenregion um den Ort Porto Colom. Auch das markante Steinkreuz des historischen Klosters Santuari de Sant Salvador auf einem benachbarten H\u00f6henzug ist unschwer zu erkennen. Ist das Wetter gut und die Sichtverh\u00e4ltnisse optimal, schaut man sogar bis zu den benachbarten Inseln Menorca und Ibiza. Eine beeindruckende Aussicht, die man sicher so schnell nicht wieder vergessen wird. Jeder Besucher wird sofort von der wildromantischen Atmosph\u00e4re der Burgruine gefesselt sein. Hier ist ein Refugium der Stille und Beschaulichkeit. Souvenir-Shops oder Imbissbuden sucht man hier vergeblich. Daf\u00fcr findet man aber Ruhe und eine wundervolle Naturkulisse inmitten steinerner Zeitzeugen der Geschichte Mallorcas. Da es hier auch kein Caf\u00e9 oder Restaurant gibt, in dem man sich etwas erfrischen kann, sollte man vor einem Besuch daran denken, einen ausreichenden Wasser- und Proviant-Vorrat dabei zu haben.","og_url":"https:\/\/www.lucie-hauri.com\/de\/das-castell-de-santueri\/","og_site_name":"Lucie Hauri | Exclusive Real Estate","article_published_time":"2016-12-26T16:38:32+00:00","article_modified_time":"2025-01-06T13:55:56+00:00","og_image":[{"width":620,"height":292,"url":"https:\/\/www.lucie-hauri.com\/wp-content\/uploads\/2016\/12\/castelldesantueri-620x292-1.jpg","type":"image\/jpeg"}],"author":"Lucie Haurie","twitter_card":"summary_large_image","twitter_misc":{"Verfasst von":"Lucie Haurie","Gesch\u00e4tzte Lesezeit":"3\u00a0Minuten"},"schema":{"@context":"https:\/\/schema.org","@graph":[{"@type":"Article","@id":"https:\/\/www.lucie-hauri.com\/de\/das-castell-de-santueri\/#article","isPartOf":{"@id":"https:\/\/www.lucie-hauri.com\/de\/das-castell-de-santueri\/"},"author":{"name":"Lucie Haurie","@id":"https:\/\/www.lucie-hauri.com\/en\/#\/schema\/person\/2da0f594e9d27f36e29477b9f86d1f1d"},"headline":"Das Castell de Santueri","datePublished":"2016-12-26T16:38:32+00:00","dateModified":"2025-01-06T13:55:56+00:00","mainEntityOfPage":{"@id":"https:\/\/www.lucie-hauri.com\/de\/das-castell-de-santueri\/"},"wordCount":388,"image":{"@id":"https:\/\/www.lucie-hauri.com\/de\/das-castell-de-santueri\/#primaryimage"},"thumbnailUrl":"https:\/\/www.lucie-hauri.com\/wp-content\/uploads\/2016\/12\/castelldesantueri-620x292-1.jpg","articleSection":["Inselleben","Kultur","Land &amp; Leute"],"inLanguage":"de"},{"@type":"WebPage","@id":"https:\/\/www.lucie-hauri.com\/de\/das-castell-de-santueri\/","url":"https:\/\/www.lucie-hauri.com\/de\/das-castell-de-santueri\/","name":"Das Castell de Santueri - Lucie Hauri | Exclusive Real Estate","isPartOf":{"@id":"https:\/\/www.lucie-hauri.com\/en\/#website"},"primaryImageOfPage":{"@id":"https:\/\/www.lucie-hauri.com\/de\/das-castell-de-santueri\/#primaryimage"},"image":{"@id":"https:\/\/www.lucie-hauri.com\/de\/das-castell-de-santueri\/#primaryimage"},"thumbnailUrl":"https:\/\/www.lucie-hauri.com\/wp-content\/uploads\/2016\/12\/castelldesantueri-620x292-1.jpg","datePublished":"2016-12-26T16:38:32+00:00","dateModified":"2025-01-06T13:55:56+00:00","author":{"@id":"https:\/\/www.lucie-hauri.com\/en\/#\/schema\/person\/2da0f594e9d27f36e29477b9f86d1f1d"},"inLanguage":"de","potentialAction":[{"@type":"ReadAction","target":["https:\/\/www.lucie-hauri.com\/de\/das-castell-de-santueri\/"]}]},{"@type":"ImageObject","inLanguage":"de","@id":"https:\/\/www.lucie-hauri.com\/de\/das-castell-de-santueri\/#primaryimage","url":"https:\/\/www.lucie-hauri.com\/wp-content\/uploads\/2016\/12\/castelldesantueri-620x292-1.jpg","contentUrl":"https:\/\/www.lucie-hauri.com\/wp-content\/uploads\/2016\/12\/castelldesantueri-620x292-1.jpg","width":620,"height":292},{"@type":"WebSite","@id":"https:\/\/www.lucie-hauri.com\/en\/#website","url":"https:\/\/www.lucie-hauri.com\/en\/","name":"Lucie Hauri | Exclusive Real Estate","description":"","potentialAction":[{"@type":"SearchAction","target":{"@type":"EntryPoint","urlTemplate":"https:\/\/www.lucie-hauri.com\/en\/?s={search_term_string}"},"query-input":{"@type":"PropertyValueSpecification","valueRequired":true,"valueName":"search_term_string"}}],"inLanguage":"de"},{"@type":"Person","@id":"https:\/\/www.lucie-hauri.com\/en\/#\/schema\/person\/2da0f594e9d27f36e29477b9f86d1f1d","name":"Lucie Haurie","image":{"@type":"ImageObject","inLanguage":"de","@id":"https:\/\/www.lucie-hauri.com\/en\/#\/schema\/person\/image\/","url":"https:\/\/secure.gravatar.com\/avatar\/5547acc5a9ccb58175658f3a6b0b1f239807fa157dfa222ae1731d25a7f34aed?s=96&d=mm&r=g","contentUrl":"https:\/\/secure.gravatar.com\/avatar\/5547acc5a9ccb58175658f3a6b0b1f239807fa157dfa222ae1731d25a7f34aed?s=96&d=mm&r=g","caption":"Lucie Haurie"},"url":"https:\/\/www.lucie-hauri.com\/de\/author\/m-wichmann\/"}]}},"_links":{"self":[{"href":"https:\/\/www.lucie-hauri.com\/de\/wp-json\/wp\/v2\/posts\/60871","targetHints":{"allow":["GET"]}}],"collection":[{"href":"https:\/\/www.lucie-hauri.com\/de\/wp-json\/wp\/v2\/posts"}],"about":[{"href":"https:\/\/www.lucie-hauri.com\/de\/wp-json\/wp\/v2\/types\/post"}],"author":[{"embeddable":true,"href":"https:\/\/www.lucie-hauri.com\/de\/wp-json\/wp\/v2\/users\/5"}],"replies":[{"embeddable":true,"href":"https:\/\/www.lucie-hauri.com\/de\/wp-json\/wp\/v2\/comments?post=60871"}],"version-history":[{"count":0,"href":"https:\/\/www.lucie-hauri.com\/de\/wp-json\/wp\/v2\/posts\/60871\/revisions"}],"wp:featuredmedia":[{"embeddable":true,"href":"https:\/\/www.lucie-hauri.com\/de\/wp-json\/wp\/v2\/media\/134392"}],"wp:attachment":[{"href":"https:\/\/www.lucie-hauri.com\/de\/wp-json\/wp\/v2\/media?parent=60871"}],"wp:term":[{"taxonomy":"category","embeddable":true,"href":"https:\/\/www.lucie-hauri.com\/de\/wp-json\/wp\/v2\/categories?post=60871"},{"taxonomy":"post_tag","embeddable":true,"href":"https:\/\/www.lucie-hauri.com\/de\/wp-json\/wp\/v2\/tags?post=60871"}],"curies":[{"name":"wp","href":"https:\/\/api.w.org\/{rel}","templated":true}]}}