{"id":60863,"date":"2016-10-20T07:48:25","date_gmt":"2016-10-20T05:48:25","guid":{"rendered":"https:\/\/lucie-hauri.hostpress.me\/die-windmuehlen-auf-mallorca\/"},"modified":"2025-01-06T14:56:00","modified_gmt":"2025-01-06T13:56:00","slug":"die-windmuehlen-auf-mallorca","status":"publish","type":"post","link":"https:\/\/www.lucie-hauri.com\/de\/die-windmuehlen-auf-mallorca\/","title":{"rendered":"Die Windm\u00fchlen auf Mallorca"},"content":{"rendered":"\t\t<div data-elementor-type=\"wp-post\" data-elementor-id=\"60863\" class=\"elementor elementor-60863\" data-elementor-post-type=\"post\">\n\t\t\t\t<div class=\"elementor-element elementor-element-15adfa2e e-flex e-con-boxed e-con e-parent\" data-id=\"15adfa2e\" data-element_type=\"container\">\n\t\t\t\t\t<div class=\"e-con-inner\">\n\t\t\t\t<div class=\"elementor-element elementor-element-30fd3711 elementor-widget elementor-widget-text-editor\" data-id=\"30fd3711\" data-element_type=\"widget\" data-widget_type=\"text-editor.default\">\n\t\t\t\t<div class=\"elementor-widget-container\">\n\t\t\t\t\t\t\t\t\t<p>Ohne Zweifel sind die vielen Windm\u00fchlen das Wahrzeichen der Insel. Zahlreiche typisch mallorquinische Windm\u00fchlen pr\u00e4gen das Landschaftsbild Mallorcas. Immer wieder imposant ist das Gesamtkunstwerk von liebevoll restaurierten, gut erhaltenen oder halb verfallenen Windm\u00fchlen, das jeden Besucher schon bei dem Anflug auf die Baleareninsel ins Auge sticht.<\/p><p>Auf Mallorca befinden sich im Mittelmeerraum, neben der Insel Kreta, die meisten Windm\u00fchlen weltweit. Die h\u00f6chste Dichte findet sich in der Mitte der Insel. So gibt es beispielsweise in der Gemeinde Muro 193 M\u00fchlen, in Llucmajor 106 und in Ses Selines 99. Sa Pobla bringt es gar auf insgesamt 311 Wasser- und Getreidem\u00fchlen. Ein Gro\u00dfteil der M\u00fchlen, die im Laufe der Zeit verfallen sind, wurden durch die Gemeinden teils aufwendig und liebevoll restauriert. In Santa Maria, in der Inselmitte, entstand beispielsweise in einer wieder aufgebauten M\u00fchle das noble Restaurant Moli des Torrent, wo man k\u00f6stliche Spezialit\u00e4ten in romantischem Ambiente genie\u00dfen kann. Weitere sehr gut erhaltene Exemplare befinden sich auch um den Ort Campos.<\/p><p>Die Geschichte der Windm\u00fchlen auf Mallorca geht bis in die Zeit der Eroberung durch die Christen im Jahre 1229 zur\u00fcck. Dabei gibt es bis heute noch ganz unterschiedliche Formen und Einsatzgebiete. Im 14. und 15. Jahrhundert wurden M\u00fchlen mit einem breiten Rundturm von den Bauern als Getreidem\u00fchlen f\u00fcr Korn und Mehl verwendet. Auch zahlreiche \u00d6lm\u00fchlen s\u00e4umten die Insel. Hier wurde das wertvolle Oliven\u00f6l, das fl\u00fcssige Gold Mallorcas, gepresst. Zu ihrer Bl\u00fctezeit, im 18. Jahrhundert, waren rund 1.000 Windm\u00fchlen \u00fcber die gesamte Insel verteilt.<\/p><p>Die meisten M\u00fchlen verf\u00fcgen \u00fcber charakteristische Segelstangenfl\u00fcgel. Hierzu geh\u00f6ren auch die sogenannten Pumpm\u00fchlen. Diese wurden im 19. Jahrhundert dazu verwendet das Grundwasser f\u00fcr die Landwirtschaft zu Tage zu pumpen. Fast alle, der heute noch erhaltenen M\u00fchlen auf Mallorca, werden noch immer f\u00fcr die Grundwassergewinnung verwendet, allerdings sind von den urspr\u00fcnglich 2.500 Wasserf\u00f6rderm\u00fchlen heute nur noch sehr wenige aktiv in Gebrauch. Vollst\u00e4ndig still stehen jedoch die Salz- und Getreidem\u00fchlen, die noch bis in das 20. Jahrhundert hinein hier ihren Dienst verrichteten.<\/p><p>Um das kulturelle Erbe der mallorquinischen Windm\u00fchlen zu sch\u00fctzen, hat das Umweltministerium einen umfassenden Ma\u00dfnahmenkatalog erstellt, der die Katalogisierung, Erhaltung und Restaurierung dieser Baudenkm\u00e4ler regelt. Ebenso wurde vom Inselrat die Ruta des Molins ins Leben gerufen. Auf dieser Route liegen sechs sehenswerte restaurierte Windm\u00fchlen.1<\/p>\t\t\t\t\t\t\t\t<\/div>\n\t\t\t\t<\/div>\n\t\t\t\t\t<\/div>\n\t\t\t\t<\/div>\n\t\t\t\t<\/div>\n\t\t","protected":false},"excerpt":{"rendered":"<p>Ohne Zweifel sind die vielen Windm\u00fchlen das Wahrzeichen der Insel. Zahlreiche typisch mallorquinische Windm\u00fchlen pr\u00e4gen das Landschaftsbild Mallorcas. Immer wieder imposant ist das Gesamtkunstwerk von liebevoll restaurierten, gut erhaltenen oder halb verfallenen Windm\u00fchlen, das jeden Besucher schon bei dem Anflug auf die Baleareninsel ins Auge sticht. Auf Mallorca befinden sich im Mittelmeerraum, neben der Insel Kreta, die meisten Windm\u00fchlen weltweit. Die h\u00f6chste Dichte findet sich in der Mitte der Insel. So gibt es beispielsweise in der Gemeinde Muro 193 M\u00fchlen, in Llucmajor 106 und in Ses Selines 99. Sa Pobla bringt es gar auf insgesamt 311 Wasser- und Getreidem\u00fchlen. Ein Gro\u00dfteil der M\u00fchlen, die im Laufe der Zeit verfallen sind, wurden durch die Gemeinden teils aufwendig und liebevoll restauriert. In Santa Maria, in der Inselmitte, entstand beispielsweise in einer wieder aufgebauten M\u00fchle das noble Restaurant Moli des Torrent, wo man k\u00f6stliche Spezialit\u00e4ten in romantischem Ambiente genie\u00dfen kann. Weitere sehr gut erhaltene Exemplare befinden sich auch um den Ort Campos. Die Geschichte der Windm\u00fchlen auf Mallorca geht bis in die Zeit der Eroberung durch die Christen im Jahre 1229 zur\u00fcck. Dabei gibt es bis heute noch ganz unterschiedliche Formen und Einsatzgebiete. Im 14. und 15. Jahrhundert wurden M\u00fchlen mit einem breiten Rundturm von den Bauern als Getreidem\u00fchlen f\u00fcr Korn und Mehl verwendet. Auch zahlreiche \u00d6lm\u00fchlen s\u00e4umten die Insel. Hier wurde das wertvolle Oliven\u00f6l, das fl\u00fcssige Gold Mallorcas, gepresst. Zu ihrer Bl\u00fctezeit, im 18. Jahrhundert, waren rund 1.000 Windm\u00fchlen \u00fcber die gesamte Insel verteilt. Die meisten M\u00fchlen verf\u00fcgen \u00fcber charakteristische Segelstangenfl\u00fcgel. Hierzu geh\u00f6ren auch die sogenannten Pumpm\u00fchlen. Diese wurden im 19. Jahrhundert dazu verwendet das Grundwasser f\u00fcr die Landwirtschaft zu Tage zu pumpen. Fast alle, der heute noch erhaltenen M\u00fchlen auf Mallorca, werden noch immer f\u00fcr die Grundwassergewinnung verwendet, allerdings sind von den urspr\u00fcnglich 2.500 Wasserf\u00f6rderm\u00fchlen heute nur noch sehr wenige aktiv in Gebrauch. Vollst\u00e4ndig still stehen jedoch die Salz- und Getreidem\u00fchlen, die noch bis in das 20. Jahrhundert hinein hier ihren Dienst verrichteten. Um das kulturelle Erbe der mallorquinischen Windm\u00fchlen zu sch\u00fctzen, hat das Umweltministerium einen umfassenden Ma\u00dfnahmenkatalog erstellt, der die Katalogisierung, Erhaltung und Restaurierung dieser Baudenkm\u00e4ler regelt. Ebenso wurde vom Inselrat die Ruta des Molins ins Leben gerufen. Auf dieser Route liegen sechs sehenswerte restaurierte Windm\u00fchlen.1<\/p>\n","protected":false},"author":5,"featured_media":134414,"comment_status":"closed","ping_status":"open","sticky":false,"template":"","format":"standard","meta":{"_acf_changed":false,"footnotes":""},"categories":[214,219,216],"tags":[],"class_list":["post-60863","post","type-post","status-publish","format-standard","has-post-thumbnail","hentry","category-inselleben","category-kultur","category-land-leute"],"acf":[],"yoast_head":"<!-- This site is optimized with the Yoast SEO Premium plugin v24.4 (Yoast SEO v26.8) - https:\/\/yoast.com\/product\/yoast-seo-premium-wordpress\/ -->\n<title>Die Windm\u00fchlen auf Mallorca - Lucie Hauri | Exclusive Real Estate<\/title>\n<meta name=\"robots\" content=\"index, follow, max-snippet:-1, max-image-preview:large, max-video-preview:-1\" \/>\n<link rel=\"canonical\" href=\"https:\/\/www.lucie-hauri.com\/de\/die-windmuehlen-auf-mallorca\/\" \/>\n<meta property=\"og:locale\" content=\"de_DE\" \/>\n<meta property=\"og:type\" content=\"article\" \/>\n<meta property=\"og:title\" content=\"Die Windm\u00fchlen auf Mallorca - Lucie Hauri | Exclusive Real Estate\" \/>\n<meta property=\"og:description\" content=\"Ohne Zweifel sind die vielen Windm\u00fchlen das Wahrzeichen der Insel. Zahlreiche typisch mallorquinische Windm\u00fchlen pr\u00e4gen das Landschaftsbild Mallorcas. Immer wieder imposant ist das Gesamtkunstwerk von liebevoll restaurierten, gut erhaltenen oder halb verfallenen Windm\u00fchlen, das jeden Besucher schon bei dem Anflug auf die Baleareninsel ins Auge sticht. Auf Mallorca befinden sich im Mittelmeerraum, neben der Insel Kreta, die meisten Windm\u00fchlen weltweit. Die h\u00f6chste Dichte findet sich in der Mitte der Insel. So gibt es beispielsweise in der Gemeinde Muro 193 M\u00fchlen, in Llucmajor 106 und in Ses Selines 99. Sa Pobla bringt es gar auf insgesamt 311 Wasser- und Getreidem\u00fchlen. Ein Gro\u00dfteil der M\u00fchlen, die im Laufe der Zeit verfallen sind, wurden durch die Gemeinden teils aufwendig und liebevoll restauriert. In Santa Maria, in der Inselmitte, entstand beispielsweise in einer wieder aufgebauten M\u00fchle das noble Restaurant Moli des Torrent, wo man k\u00f6stliche Spezialit\u00e4ten in romantischem Ambiente genie\u00dfen kann. Weitere sehr gut erhaltene Exemplare befinden sich auch um den Ort Campos. Die Geschichte der Windm\u00fchlen auf Mallorca geht bis in die Zeit der Eroberung durch die Christen im Jahre 1229 zur\u00fcck. Dabei gibt es bis heute noch ganz unterschiedliche Formen und Einsatzgebiete. Im 14. und 15. Jahrhundert wurden M\u00fchlen mit einem breiten Rundturm von den Bauern als Getreidem\u00fchlen f\u00fcr Korn und Mehl verwendet. Auch zahlreiche \u00d6lm\u00fchlen s\u00e4umten die Insel. Hier wurde das wertvolle Oliven\u00f6l, das fl\u00fcssige Gold Mallorcas, gepresst. Zu ihrer Bl\u00fctezeit, im 18. Jahrhundert, waren rund 1.000 Windm\u00fchlen \u00fcber die gesamte Insel verteilt. Die meisten M\u00fchlen verf\u00fcgen \u00fcber charakteristische Segelstangenfl\u00fcgel. Hierzu geh\u00f6ren auch die sogenannten Pumpm\u00fchlen. Diese wurden im 19. Jahrhundert dazu verwendet das Grundwasser f\u00fcr die Landwirtschaft zu Tage zu pumpen. Fast alle, der heute noch erhaltenen M\u00fchlen auf Mallorca, werden noch immer f\u00fcr die Grundwassergewinnung verwendet, allerdings sind von den urspr\u00fcnglich 2.500 Wasserf\u00f6rderm\u00fchlen heute nur noch sehr wenige aktiv in Gebrauch. Vollst\u00e4ndig still stehen jedoch die Salz- und Getreidem\u00fchlen, die noch bis in das 20. Jahrhundert hinein hier ihren Dienst verrichteten. Um das kulturelle Erbe der mallorquinischen Windm\u00fchlen zu sch\u00fctzen, hat das Umweltministerium einen umfassenden Ma\u00dfnahmenkatalog erstellt, der die Katalogisierung, Erhaltung und Restaurierung dieser Baudenkm\u00e4ler regelt. Ebenso wurde vom Inselrat die Ruta des Molins ins Leben gerufen. Auf dieser Route liegen sechs sehenswerte restaurierte Windm\u00fchlen.1\" \/>\n<meta property=\"og:url\" content=\"https:\/\/www.lucie-hauri.com\/de\/die-windmuehlen-auf-mallorca\/\" \/>\n<meta property=\"og:site_name\" content=\"Lucie Hauri | Exclusive Real Estate\" \/>\n<meta property=\"article:published_time\" content=\"2016-10-20T05:48:25+00:00\" \/>\n<meta property=\"article:modified_time\" content=\"2025-01-06T13:56:00+00:00\" \/>\n<meta property=\"og:image\" content=\"https:\/\/www.lucie-hauri.com\/wp-content\/uploads\/2016\/10\/Windmuehle_Header-620x286-1.jpg\" \/>\n\t<meta property=\"og:image:width\" content=\"620\" \/>\n\t<meta property=\"og:image:height\" content=\"286\" \/>\n\t<meta property=\"og:image:type\" content=\"image\/jpeg\" \/>\n<meta name=\"author\" content=\"Lucie Haurie\" \/>\n<meta name=\"twitter:card\" content=\"summary_large_image\" \/>\n<meta name=\"twitter:label1\" content=\"Verfasst von\" \/>\n\t<meta name=\"twitter:data1\" content=\"Lucie Haurie\" \/>\n\t<meta name=\"twitter:label2\" content=\"Gesch\u00e4tzte Lesezeit\" \/>\n\t<meta name=\"twitter:data2\" content=\"3\u00a0Minuten\" \/>\n<script type=\"application\/ld+json\" class=\"yoast-schema-graph\">{\"@context\":\"https:\/\/schema.org\",\"@graph\":[{\"@type\":\"Article\",\"@id\":\"https:\/\/www.lucie-hauri.com\/en\/die-windmuehlen-auf-mallorca\/#article\",\"isPartOf\":{\"@id\":\"https:\/\/www.lucie-hauri.com\/en\/die-windmuehlen-auf-mallorca\/\"},\"author\":{\"name\":\"Lucie Haurie\",\"@id\":\"https:\/\/www.lucie-hauri.com\/en\/#\/schema\/person\/2da0f594e9d27f36e29477b9f86d1f1d\"},\"headline\":\"Die Windm\u00fchlen auf Mallorca\",\"datePublished\":\"2016-10-20T05:48:25+00:00\",\"dateModified\":\"2025-01-06T13:56:00+00:00\",\"mainEntityOfPage\":{\"@id\":\"https:\/\/www.lucie-hauri.com\/en\/die-windmuehlen-auf-mallorca\/\"},\"wordCount\":402,\"image\":{\"@id\":\"https:\/\/www.lucie-hauri.com\/en\/die-windmuehlen-auf-mallorca\/#primaryimage\"},\"thumbnailUrl\":\"https:\/\/www.lucie-hauri.com\/wp-content\/uploads\/2016\/10\/Windmuehle_Header-620x286-1.jpg\",\"articleSection\":[\"Inselleben\",\"Kultur\",\"Land &amp; Leute\"],\"inLanguage\":\"de\"},{\"@type\":\"WebPage\",\"@id\":\"https:\/\/www.lucie-hauri.com\/en\/die-windmuehlen-auf-mallorca\/\",\"url\":\"https:\/\/www.lucie-hauri.com\/en\/die-windmuehlen-auf-mallorca\/\",\"name\":\"Die Windm\u00fchlen auf Mallorca - Lucie Hauri | Exclusive Real Estate\",\"isPartOf\":{\"@id\":\"https:\/\/www.lucie-hauri.com\/en\/#website\"},\"primaryImageOfPage\":{\"@id\":\"https:\/\/www.lucie-hauri.com\/en\/die-windmuehlen-auf-mallorca\/#primaryimage\"},\"image\":{\"@id\":\"https:\/\/www.lucie-hauri.com\/en\/die-windmuehlen-auf-mallorca\/#primaryimage\"},\"thumbnailUrl\":\"https:\/\/www.lucie-hauri.com\/wp-content\/uploads\/2016\/10\/Windmuehle_Header-620x286-1.jpg\",\"datePublished\":\"2016-10-20T05:48:25+00:00\",\"dateModified\":\"2025-01-06T13:56:00+00:00\",\"author\":{\"@id\":\"https:\/\/www.lucie-hauri.com\/en\/#\/schema\/person\/2da0f594e9d27f36e29477b9f86d1f1d\"},\"inLanguage\":\"de\",\"potentialAction\":[{\"@type\":\"ReadAction\",\"target\":[\"https:\/\/www.lucie-hauri.com\/en\/die-windmuehlen-auf-mallorca\/\"]}]},{\"@type\":\"ImageObject\",\"inLanguage\":\"de\",\"@id\":\"https:\/\/www.lucie-hauri.com\/en\/die-windmuehlen-auf-mallorca\/#primaryimage\",\"url\":\"https:\/\/www.lucie-hauri.com\/wp-content\/uploads\/2016\/10\/Windmuehle_Header-620x286-1.jpg\",\"contentUrl\":\"https:\/\/www.lucie-hauri.com\/wp-content\/uploads\/2016\/10\/Windmuehle_Header-620x286-1.jpg\",\"width\":620,\"height\":286},{\"@type\":\"WebSite\",\"@id\":\"https:\/\/www.lucie-hauri.com\/en\/#website\",\"url\":\"https:\/\/www.lucie-hauri.com\/en\/\",\"name\":\"Lucie Hauri | Exclusive Real Estate\",\"description\":\"\",\"potentialAction\":[{\"@type\":\"SearchAction\",\"target\":{\"@type\":\"EntryPoint\",\"urlTemplate\":\"https:\/\/www.lucie-hauri.com\/en\/?s={search_term_string}\"},\"query-input\":{\"@type\":\"PropertyValueSpecification\",\"valueRequired\":true,\"valueName\":\"search_term_string\"}}],\"inLanguage\":\"de\"},{\"@type\":\"Person\",\"@id\":\"https:\/\/www.lucie-hauri.com\/en\/#\/schema\/person\/2da0f594e9d27f36e29477b9f86d1f1d\",\"name\":\"Lucie Haurie\",\"image\":{\"@type\":\"ImageObject\",\"inLanguage\":\"de\",\"@id\":\"https:\/\/www.lucie-hauri.com\/en\/#\/schema\/person\/image\/\",\"url\":\"https:\/\/secure.gravatar.com\/avatar\/5547acc5a9ccb58175658f3a6b0b1f239807fa157dfa222ae1731d25a7f34aed?s=96&d=mm&r=g\",\"contentUrl\":\"https:\/\/secure.gravatar.com\/avatar\/5547acc5a9ccb58175658f3a6b0b1f239807fa157dfa222ae1731d25a7f34aed?s=96&d=mm&r=g\",\"caption\":\"Lucie Haurie\"},\"url\":\"https:\/\/www.lucie-hauri.com\/de\/author\/m-wichmann\/\"}]}<\/script>\n<!-- \/ Yoast SEO Premium plugin. -->","yoast_head_json":{"title":"Die Windm\u00fchlen auf Mallorca - Lucie Hauri | Exclusive Real Estate","robots":{"index":"index","follow":"follow","max-snippet":"max-snippet:-1","max-image-preview":"max-image-preview:large","max-video-preview":"max-video-preview:-1"},"canonical":"https:\/\/www.lucie-hauri.com\/de\/die-windmuehlen-auf-mallorca\/","og_locale":"de_DE","og_type":"article","og_title":"Die Windm\u00fchlen auf Mallorca - Lucie Hauri | Exclusive Real Estate","og_description":"Ohne Zweifel sind die vielen Windm\u00fchlen das Wahrzeichen der Insel. Zahlreiche typisch mallorquinische Windm\u00fchlen pr\u00e4gen das Landschaftsbild Mallorcas. Immer wieder imposant ist das Gesamtkunstwerk von liebevoll restaurierten, gut erhaltenen oder halb verfallenen Windm\u00fchlen, das jeden Besucher schon bei dem Anflug auf die Baleareninsel ins Auge sticht. Auf Mallorca befinden sich im Mittelmeerraum, neben der Insel Kreta, die meisten Windm\u00fchlen weltweit. Die h\u00f6chste Dichte findet sich in der Mitte der Insel. So gibt es beispielsweise in der Gemeinde Muro 193 M\u00fchlen, in Llucmajor 106 und in Ses Selines 99. Sa Pobla bringt es gar auf insgesamt 311 Wasser- und Getreidem\u00fchlen. Ein Gro\u00dfteil der M\u00fchlen, die im Laufe der Zeit verfallen sind, wurden durch die Gemeinden teils aufwendig und liebevoll restauriert. In Santa Maria, in der Inselmitte, entstand beispielsweise in einer wieder aufgebauten M\u00fchle das noble Restaurant Moli des Torrent, wo man k\u00f6stliche Spezialit\u00e4ten in romantischem Ambiente genie\u00dfen kann. Weitere sehr gut erhaltene Exemplare befinden sich auch um den Ort Campos. Die Geschichte der Windm\u00fchlen auf Mallorca geht bis in die Zeit der Eroberung durch die Christen im Jahre 1229 zur\u00fcck. Dabei gibt es bis heute noch ganz unterschiedliche Formen und Einsatzgebiete. Im 14. und 15. Jahrhundert wurden M\u00fchlen mit einem breiten Rundturm von den Bauern als Getreidem\u00fchlen f\u00fcr Korn und Mehl verwendet. Auch zahlreiche \u00d6lm\u00fchlen s\u00e4umten die Insel. Hier wurde das wertvolle Oliven\u00f6l, das fl\u00fcssige Gold Mallorcas, gepresst. Zu ihrer Bl\u00fctezeit, im 18. Jahrhundert, waren rund 1.000 Windm\u00fchlen \u00fcber die gesamte Insel verteilt. Die meisten M\u00fchlen verf\u00fcgen \u00fcber charakteristische Segelstangenfl\u00fcgel. Hierzu geh\u00f6ren auch die sogenannten Pumpm\u00fchlen. Diese wurden im 19. Jahrhundert dazu verwendet das Grundwasser f\u00fcr die Landwirtschaft zu Tage zu pumpen. Fast alle, der heute noch erhaltenen M\u00fchlen auf Mallorca, werden noch immer f\u00fcr die Grundwassergewinnung verwendet, allerdings sind von den urspr\u00fcnglich 2.500 Wasserf\u00f6rderm\u00fchlen heute nur noch sehr wenige aktiv in Gebrauch. Vollst\u00e4ndig still stehen jedoch die Salz- und Getreidem\u00fchlen, die noch bis in das 20. Jahrhundert hinein hier ihren Dienst verrichteten. Um das kulturelle Erbe der mallorquinischen Windm\u00fchlen zu sch\u00fctzen, hat das Umweltministerium einen umfassenden Ma\u00dfnahmenkatalog erstellt, der die Katalogisierung, Erhaltung und Restaurierung dieser Baudenkm\u00e4ler regelt. Ebenso wurde vom Inselrat die Ruta des Molins ins Leben gerufen. Auf dieser Route liegen sechs sehenswerte restaurierte Windm\u00fchlen.1","og_url":"https:\/\/www.lucie-hauri.com\/de\/die-windmuehlen-auf-mallorca\/","og_site_name":"Lucie Hauri | Exclusive Real Estate","article_published_time":"2016-10-20T05:48:25+00:00","article_modified_time":"2025-01-06T13:56:00+00:00","og_image":[{"width":620,"height":286,"url":"https:\/\/www.lucie-hauri.com\/wp-content\/uploads\/2016\/10\/Windmuehle_Header-620x286-1.jpg","type":"image\/jpeg"}],"author":"Lucie Haurie","twitter_card":"summary_large_image","twitter_misc":{"Verfasst von":"Lucie Haurie","Gesch\u00e4tzte Lesezeit":"3\u00a0Minuten"},"schema":{"@context":"https:\/\/schema.org","@graph":[{"@type":"Article","@id":"https:\/\/www.lucie-hauri.com\/en\/die-windmuehlen-auf-mallorca\/#article","isPartOf":{"@id":"https:\/\/www.lucie-hauri.com\/en\/die-windmuehlen-auf-mallorca\/"},"author":{"name":"Lucie Haurie","@id":"https:\/\/www.lucie-hauri.com\/en\/#\/schema\/person\/2da0f594e9d27f36e29477b9f86d1f1d"},"headline":"Die Windm\u00fchlen auf Mallorca","datePublished":"2016-10-20T05:48:25+00:00","dateModified":"2025-01-06T13:56:00+00:00","mainEntityOfPage":{"@id":"https:\/\/www.lucie-hauri.com\/en\/die-windmuehlen-auf-mallorca\/"},"wordCount":402,"image":{"@id":"https:\/\/www.lucie-hauri.com\/en\/die-windmuehlen-auf-mallorca\/#primaryimage"},"thumbnailUrl":"https:\/\/www.lucie-hauri.com\/wp-content\/uploads\/2016\/10\/Windmuehle_Header-620x286-1.jpg","articleSection":["Inselleben","Kultur","Land &amp; Leute"],"inLanguage":"de"},{"@type":"WebPage","@id":"https:\/\/www.lucie-hauri.com\/en\/die-windmuehlen-auf-mallorca\/","url":"https:\/\/www.lucie-hauri.com\/en\/die-windmuehlen-auf-mallorca\/","name":"Die Windm\u00fchlen auf Mallorca - Lucie Hauri | Exclusive Real Estate","isPartOf":{"@id":"https:\/\/www.lucie-hauri.com\/en\/#website"},"primaryImageOfPage":{"@id":"https:\/\/www.lucie-hauri.com\/en\/die-windmuehlen-auf-mallorca\/#primaryimage"},"image":{"@id":"https:\/\/www.lucie-hauri.com\/en\/die-windmuehlen-auf-mallorca\/#primaryimage"},"thumbnailUrl":"https:\/\/www.lucie-hauri.com\/wp-content\/uploads\/2016\/10\/Windmuehle_Header-620x286-1.jpg","datePublished":"2016-10-20T05:48:25+00:00","dateModified":"2025-01-06T13:56:00+00:00","author":{"@id":"https:\/\/www.lucie-hauri.com\/en\/#\/schema\/person\/2da0f594e9d27f36e29477b9f86d1f1d"},"inLanguage":"de","potentialAction":[{"@type":"ReadAction","target":["https:\/\/www.lucie-hauri.com\/en\/die-windmuehlen-auf-mallorca\/"]}]},{"@type":"ImageObject","inLanguage":"de","@id":"https:\/\/www.lucie-hauri.com\/en\/die-windmuehlen-auf-mallorca\/#primaryimage","url":"https:\/\/www.lucie-hauri.com\/wp-content\/uploads\/2016\/10\/Windmuehle_Header-620x286-1.jpg","contentUrl":"https:\/\/www.lucie-hauri.com\/wp-content\/uploads\/2016\/10\/Windmuehle_Header-620x286-1.jpg","width":620,"height":286},{"@type":"WebSite","@id":"https:\/\/www.lucie-hauri.com\/en\/#website","url":"https:\/\/www.lucie-hauri.com\/en\/","name":"Lucie Hauri | Exclusive Real Estate","description":"","potentialAction":[{"@type":"SearchAction","target":{"@type":"EntryPoint","urlTemplate":"https:\/\/www.lucie-hauri.com\/en\/?s={search_term_string}"},"query-input":{"@type":"PropertyValueSpecification","valueRequired":true,"valueName":"search_term_string"}}],"inLanguage":"de"},{"@type":"Person","@id":"https:\/\/www.lucie-hauri.com\/en\/#\/schema\/person\/2da0f594e9d27f36e29477b9f86d1f1d","name":"Lucie Haurie","image":{"@type":"ImageObject","inLanguage":"de","@id":"https:\/\/www.lucie-hauri.com\/en\/#\/schema\/person\/image\/","url":"https:\/\/secure.gravatar.com\/avatar\/5547acc5a9ccb58175658f3a6b0b1f239807fa157dfa222ae1731d25a7f34aed?s=96&d=mm&r=g","contentUrl":"https:\/\/secure.gravatar.com\/avatar\/5547acc5a9ccb58175658f3a6b0b1f239807fa157dfa222ae1731d25a7f34aed?s=96&d=mm&r=g","caption":"Lucie Haurie"},"url":"https:\/\/www.lucie-hauri.com\/de\/author\/m-wichmann\/"}]}},"_links":{"self":[{"href":"https:\/\/www.lucie-hauri.com\/de\/wp-json\/wp\/v2\/posts\/60863","targetHints":{"allow":["GET"]}}],"collection":[{"href":"https:\/\/www.lucie-hauri.com\/de\/wp-json\/wp\/v2\/posts"}],"about":[{"href":"https:\/\/www.lucie-hauri.com\/de\/wp-json\/wp\/v2\/types\/post"}],"author":[{"embeddable":true,"href":"https:\/\/www.lucie-hauri.com\/de\/wp-json\/wp\/v2\/users\/5"}],"replies":[{"embeddable":true,"href":"https:\/\/www.lucie-hauri.com\/de\/wp-json\/wp\/v2\/comments?post=60863"}],"version-history":[{"count":0,"href":"https:\/\/www.lucie-hauri.com\/de\/wp-json\/wp\/v2\/posts\/60863\/revisions"}],"wp:featuredmedia":[{"embeddable":true,"href":"https:\/\/www.lucie-hauri.com\/de\/wp-json\/wp\/v2\/media\/134414"}],"wp:attachment":[{"href":"https:\/\/www.lucie-hauri.com\/de\/wp-json\/wp\/v2\/media?parent=60863"}],"wp:term":[{"taxonomy":"category","embeddable":true,"href":"https:\/\/www.lucie-hauri.com\/de\/wp-json\/wp\/v2\/categories?post=60863"},{"taxonomy":"post_tag","embeddable":true,"href":"https:\/\/www.lucie-hauri.com\/de\/wp-json\/wp\/v2\/tags?post=60863"}],"curies":[{"name":"wp","href":"https:\/\/api.w.org\/{rel}","templated":true}]}}