{"id":54575,"date":"2016-03-23T00:26:43","date_gmt":"2016-03-22T23:26:43","guid":{"rendered":"https:\/\/lucie-hauri.hostpress.me\/radeln-auf-mallorcas-via-verde\/"},"modified":"2025-01-06T14:57:00","modified_gmt":"2025-01-06T13:57:00","slug":"radeln-auf-mallorcas-via-verde","status":"publish","type":"post","link":"https:\/\/www.lucie-hauri.com\/de\/radeln-auf-mallorcas-via-verde\/","title":{"rendered":"Radeln auf Mallorcas &#8222;V\u00eda Verde&#8220;"},"content":{"rendered":"\t\t<div data-elementor-type=\"wp-post\" data-elementor-id=\"54575\" class=\"elementor elementor-54575\" data-elementor-post-type=\"post\">\n\t\t\t\t<div class=\"elementor-element elementor-element-7111496a e-flex e-con-boxed e-con e-parent\" data-id=\"7111496a\" data-element_type=\"container\">\n\t\t\t\t\t<div class=\"e-con-inner\">\n\t\t\t\t<div class=\"elementor-element elementor-element-17962225 elementor-widget elementor-widget-text-editor\" data-id=\"17962225\" data-element_type=\"widget\" data-widget_type=\"text-editor.default\">\n\t\t\t\t<div class=\"elementor-widget-container\">\n\t\t\t\t\t\t\t\t\t<p>Entlang der Levante schl\u00e4ngelt sich der \\&#8220;Gr\u00fcne Weg\\&#8220; &#8211; die 29 Kilometer lange \\&#8220;V\u00eda Verde\\&#8220;. Von Manacor bis Art\u00e0 bietet er wunderbare M\u00f6glichkeiten zum Radwandern mit Mountain- oder Trekkingbikes. Wer den \u00f6stlichen Teil der Insel aus eigener Kraft heraus \\&#8220;erfahren\\&#8220; m\u00f6chte, der ist mit seinem Bike auf der verh\u00e4ltnism\u00e4\u00dfig ebenen Strecke herzlich willkommen. Ihn erwarten nicht nur eine kurzweilige Tour durch die mediterrane Landschaft, sondern auch interessante Sehensw\u00fcrdigkeiten in den Orten und am Wegesrand. Bequeme Rastpl\u00e4tze mit Informationstafeln runden den einladenden Eindruck von diesem \u00f6kologischen Radwanderweg ab.<\/p><h2>Kulturelle Highlights auf der \\&#8220;V\u00eda Verde\\&#8220;<\/h2><p>Der \\&#8220;\u00d6kopfad\\&#8220; folgt \u00fcber Sant Lloren\u00e7, Son Carri\u00f3 und Son Servera einer stillgelegten Eisenbahnlinie. Inzwischen profitieren Wanderer und Radler von dem \\&#8220;Gr\u00fcnen Weg\\&#8220;. In Manacor ist die Altstadt mit Markt sehenswert, ebenso die fr\u00fchchristliche Basilika Son Peret\u00f3 ( 7. Jh.). Die Region Sant Lloren\u00e7 ist durch das Kastell auf der Halbinsel Punta de n\\&#8217;Amer und die sch\u00f6nen Str\u00e4nde von Cala Millor und Cala Bona bekannt. Interessant sind auch die Talaiotischen Siedlungspl\u00e4tze ( 4.000 Jahre alt) bei Ses Pa\u00efsses in Art\u00e0. Son Servera, am Bergh\u00fcgel Puig de sa Font, hat zwei sehenswerte Kirchen. Die Kleinstadt Art\u00e0 steht mit ihren Festivals Sant Antoni (16.\/ 17. Januar), der Aprikosenfeier (13. Juni) und dem Patronatsfest von Sant Salvador (5. bis 7. August) anderen Orten auf Mallorca in nichts nach.<\/p><h2>\u00d6kologie und Nachhaltigkeit auf der \\&#8220;V\u00eda Verde\\&#8220;<\/h2><p>Jeder Biker freut sich \u00fcber die gelungene Wiederaufforstung links und rechts der \\&#8220;V\u00eda Verde\\&#8220;. Hier wurde besonderer Wert auf die biologische Artenvielfalt gelegt. Deshalb trifft man immer wieder auf neu angepflanzte Latschenkiefern, \u00d6lb\u00e4ume, Steineichen, Wilde Pistazie ( Mastixstrauch), Rosmarin u. a. typisch mediterrane Gew\u00e4chse. Diese gliedern sich nicht nur ganz nat\u00fcrlich in die Umwelt ein, sondern sind auch noch besonders resistent und k\u00f6nnen l\u00e4ngere D\u00fcrrezeiten aushalten.<\/p>\t\t\t\t\t\t\t\t<\/div>\n\t\t\t\t<\/div>\n\t\t\t\t<div class=\"elementor-element elementor-element-c271490 elementor-arrows-position-inside elementor-pagination-position-outside elementor-widget elementor-widget-image-carousel\" data-id=\"c271490\" data-element_type=\"widget\" data-settings=\"{&quot;image_spacing_custom&quot;:{&quot;unit&quot;:&quot;px&quot;,&quot;size&quot;:15,&quot;sizes&quot;:[]},&quot;navigation&quot;:&quot;both&quot;,&quot;autoplay&quot;:&quot;yes&quot;,&quot;pause_on_hover&quot;:&quot;yes&quot;,&quot;pause_on_interaction&quot;:&quot;yes&quot;,&quot;autoplay_speed&quot;:5000,&quot;infinite&quot;:&quot;yes&quot;,&quot;speed&quot;:500,&quot;image_spacing_custom_tablet&quot;:{&quot;unit&quot;:&quot;px&quot;,&quot;size&quot;:&quot;&quot;,&quot;sizes&quot;:[]},&quot;image_spacing_custom_mobile&quot;:{&quot;unit&quot;:&quot;px&quot;,&quot;size&quot;:&quot;&quot;,&quot;sizes&quot;:[]}}\" data-widget_type=\"image-carousel.default\">\n\t\t\t\t<div class=\"elementor-widget-container\">\n\t\t\t\t\t\t\t<div class=\"elementor-image-carousel-wrapper swiper\" role=\"region\" aria-roledescription=\"carousel\" aria-label=\"Carrusel de im\u00e1genes\" dir=\"ltr\">\n\t\t\t<div class=\"elementor-image-carousel swiper-wrapper\" aria-live=\"off\">\n\t\t\t\t\t\t\t\t<div class=\"swiper-slide\" role=\"group\" aria-roledescription=\"slide\" aria-label=\"1 de 3\"><a data-elementor-open-lightbox=\"yes\" data-elementor-lightbox-slideshow=\"c271490\" data-e-action-hash=\"#elementor-action%3Aaction%3Dlightbox%26settings%3DeyJpZCI6MTM0Mjk1LCJ1cmwiOiJodHRwczpcL1wvd3d3Lmx1Y2llLWhhdXJpLmNvbVwvd3AtY29udGVudFwvdXBsb2Fkc1wvMjAyM1wvMTJcLzQxLmpwZyIsInNsaWRlc2hvdyI6ImMyNzE0OTAifQ%3D%3D\" href=\"https:\/\/www.lucie-hauri.com\/wp-content\/uploads\/2023\/12\/41.jpg\"><figure class=\"swiper-slide-inner\"><img decoding=\"async\" class=\"swiper-slide-image\" src=\"https:\/\/www.lucie-hauri.com\/wp-content\/uploads\/2023\/12\/41.jpg\" alt=\"41\" \/><\/figure><\/a><\/div><div class=\"swiper-slide\" role=\"group\" aria-roledescription=\"slide\" aria-label=\"2 de 3\"><a data-elementor-open-lightbox=\"yes\" data-elementor-lightbox-slideshow=\"c271490\" data-e-action-hash=\"#elementor-action%3Aaction%3Dlightbox%26settings%3DeyJpZCI6MTM0Mjk2LCJ1cmwiOiJodHRwczpcL1wvd3d3Lmx1Y2llLWhhdXJpLmNvbVwvd3AtY29udGVudFwvdXBsb2Fkc1wvMjAyM1wvMTJcLzMxLmpwZyIsInNsaWRlc2hvdyI6ImMyNzE0OTAifQ%3D%3D\" href=\"https:\/\/www.lucie-hauri.com\/wp-content\/uploads\/2023\/12\/31.jpg\"><figure class=\"swiper-slide-inner\"><img decoding=\"async\" class=\"swiper-slide-image\" src=\"https:\/\/www.lucie-hauri.com\/wp-content\/uploads\/2023\/12\/31.jpg\" alt=\"31\" \/><\/figure><\/a><\/div><div class=\"swiper-slide\" role=\"group\" aria-roledescription=\"slide\" aria-label=\"3 de 3\"><a data-elementor-open-lightbox=\"yes\" data-elementor-lightbox-slideshow=\"c271490\" data-e-action-hash=\"#elementor-action%3Aaction%3Dlightbox%26settings%3DeyJpZCI6MTM0Mjk3LCJ1cmwiOiJodHRwczpcL1wvd3d3Lmx1Y2llLWhhdXJpLmNvbVwvd3AtY29udGVudFwvdXBsb2Fkc1wvMjAyM1wvMTJcLzIyLmpwZyIsInNsaWRlc2hvdyI6ImMyNzE0OTAifQ%3D%3D\" href=\"https:\/\/www.lucie-hauri.com\/wp-content\/uploads\/2023\/12\/22.jpg\"><figure class=\"swiper-slide-inner\"><img decoding=\"async\" class=\"swiper-slide-image\" src=\"https:\/\/www.lucie-hauri.com\/wp-content\/uploads\/2023\/12\/22.jpg\" alt=\"22\" \/><\/figure><\/a><\/div>\t\t\t<\/div>\n\t\t\t\t\t\t\t\t\t\t\t\t<div class=\"elementor-swiper-button elementor-swiper-button-prev\" role=\"button\" tabindex=\"0\">\n\t\t\t\t\t\t<i aria-hidden=\"true\" class=\"eicon-chevron-left\"><\/i>\t\t\t\t\t<\/div>\n\t\t\t\t\t<div class=\"elementor-swiper-button elementor-swiper-button-next\" role=\"button\" tabindex=\"0\">\n\t\t\t\t\t\t<i aria-hidden=\"true\" class=\"eicon-chevron-right\"><\/i>\t\t\t\t\t<\/div>\n\t\t\t\t\n\t\t\t\t\t\t\t\t\t<div class=\"swiper-pagination\"><\/div>\n\t\t\t\t\t\t\t\t\t<\/div>\n\t\t\t\t\t\t<\/div>\n\t\t\t\t<\/div>\n\t\t\t\t<div class=\"elementor-element elementor-element-91cd215 elementor-widget elementor-widget-text-editor\" data-id=\"91cd215\" data-element_type=\"widget\" data-widget_type=\"text-editor.default\">\n\t\t\t\t<div class=\"elementor-widget-container\">\n\t\t\t\t\t\t\t\t\t<p>Neben den 6.000 angepflanzten B\u00e4umen wurden zus\u00e4tzlich vier Wasserstellen f\u00fcr wildlebende Tiere errichtet. Ebenso nachhaltig sind die vielen Meter Zaun und B\u00f6schungsbefestigungen, die die \\&#8220;V\u00eda Verde\\&#8220; f\u00fcr den Radfahrer sicher machen. Dazu kommen sechs praktisch angelegte Rastpl\u00e4tze, ausgestattet mit Tischen, B\u00e4nken und Fahrradst\u00e4ndern.<\/p><p>Au\u00dferdem findet der Radwanderer Informationstafeln vor, die ihm Wissenswertes \u00fcber die Landschaft, das \u00d6kosystem und die \u00c4ra der Eisenbahnlinie erz\u00e4hlen. Schlie\u00dflich sind in den ehemaligen Bahnh\u00f6fen von Sant Lloren\u00e7, Son Servera und Art\u00e0 Besucherzentren eingerichtet worden, die auf vergn\u00fcgliche Weise Informationen \u00fcber die Region und ihre Sch\u00e4tze vermitteln.<\/p><p>So geht es gut erholt bis ans Ende der \\&#8220;V\u00eda Verde\\&#8220;, die f\u00fcr den \u00d6kotourismus auf Mallorca ein echter Gewinn ist. Motorisiert zu sein, ist hier nicht angebracht und auch nicht erlaubt. Sowohl in Manacor als auch in Art\u00e0 &#8211; den beiden gro\u00dfen Endpunkten der \\&#8220;V\u00eda Verde\\&#8220; &#8211; gibt es extra Radverleiher, die den Radwanderer nach der Tour auch jeweils zum Ausgangspunkt zur\u00fcck bringen. So wird die Tour auf dem nachhaltigen \\&#8220;Gr\u00fcnen Weg\\&#8220; ein unvergessliches Erlebnis.<\/p>\t\t\t\t\t\t\t\t<\/div>\n\t\t\t\t<\/div>\n\t\t\t\t\t<\/div>\n\t\t\t\t<\/div>\n\t\t\t\t<\/div>\n\t\t","protected":false},"excerpt":{"rendered":"<p>Entlang der Levante schl\u00e4ngelt sich der &#8222;Gr\u00fcne Weg&#8220; &#8211; die 29 Kilometer lange &#8222;V\u00eda Verde&#8220;. Von Manacor bis Art\u00e0 bietet er wunderbare M\u00f6glichkeiten zum Radwandern mit Mountain- oder Trekkingbikes. Wer den \u00f6stlichen Teil der Insel aus eigener Kraft heraus &#8222;erfahren&#8220; m\u00f6chte, der ist mit seinem Bike auf der verh\u00e4ltnism\u00e4\u00dfig ebenen Strecke herzlich willkommen. Ihn erwarten nicht nur eine kurzweilige Tour durch die mediterrane Landschaft, sondern auch interessante Sehensw\u00fcrdigkeiten in den Orten und am Wegesrand. Bequeme Rastpl\u00e4tze mit Informationstafeln runden den einladenden Eindruck von diesem \u00f6kologischen Radwanderweg ab. Kulturelle Highlights auf der &#8222;V\u00eda Verde&#8220; Der &#8222;\u00d6kopfad&#8220; folgt \u00fcber Sant Lloren\u00e7, Son Carri\u00f3 und Son Servera einer stillgelegten Eisenbahnlinie. Inzwischen profitieren Wanderer und Radler von dem &#8222;Gr\u00fcnen Weg&#8220;. In Manacor ist die Altstadt mit Markt sehenswert, ebenso die fr\u00fchchristliche Basilika Son Peret\u00f3 ( 7. Jh.). Die Region Sant Lloren\u00e7 ist durch das Kastell auf der Halbinsel Punta de n&#8217;Amer und die sch\u00f6nen Str\u00e4nde von Cala Millor und Cala Bona bekannt. Interessant sind auch die Talaiotischen Siedlungspl\u00e4tze ( 4.000 Jahre alt) bei Ses Pa\u00efsses in Art\u00e0. Son Servera, am Bergh\u00fcgel Puig de sa Font, hat zwei sehenswerte Kirchen. Die Kleinstadt Art\u00e0 steht mit ihren Festivals Sant Antoni (16.\/ 17. Januar), der Aprikosenfeier (13. Juni) und dem Patronatsfest von Sant Salvador (5. bis 7. August) anderen Orten auf Mallorca in nichts nach. \u00d6kologie und Nachhaltigkeit auf der &#8222;V\u00eda Verde&#8220; Jeder Biker freut sich \u00fcber die gelungene Wiederaufforstung links und rechts der &#8222;V\u00eda Verde&#8220;. Hier wurde besonderer Wert auf die biologische Artenvielfalt gelegt. Deshalb trifft man immer wieder auf neu angepflanzte Latschenkiefern, \u00d6lb\u00e4ume, Steineichen, Wilde Pistazie ( Mastixstrauch), Rosmarin u. a. typisch mediterrane Gew\u00e4chse. Diese gliedern sich nicht nur ganz nat\u00fcrlich in die Umwelt ein, sondern sind auch noch besonders resistent und k\u00f6nnen l\u00e4ngere D\u00fcrrezeiten aushalten. Neben den 6.000 angepflanzten B\u00e4umen wurden zus\u00e4tzlich vier Wasserstellen f\u00fcr wildlebende Tiere errichtet. Ebenso nachhaltig sind die vielen Meter Zaun und B\u00f6schungsbefestigungen, die die &#8222;V\u00eda Verde&#8220; f\u00fcr den Radfahrer sicher machen. Dazu kommen sechs praktisch angelegte Rastpl\u00e4tze, ausgestattet mit Tischen, B\u00e4nken und Fahrradst\u00e4ndern. Au\u00dferdem findet der Radwanderer Informationstafeln vor, die ihm Wissenswertes \u00fcber die Landschaft, das \u00d6kosystem und die \u00c4ra der Eisenbahnlinie erz\u00e4hlen. Schlie\u00dflich sind in den ehemaligen Bahnh\u00f6fen von Sant Lloren\u00e7, Son Servera und Art\u00e0 Besucherzentren eingerichtet worden, die auf vergn\u00fcgliche Weise Informationen \u00fcber die Region und ihre Sch\u00e4tze vermitteln. So geht es gut erholt bis ans Ende der &#8222;V\u00eda Verde&#8220;, die f\u00fcr den \u00d6kotourismus auf Mallorca ein echter Gewinn ist. Motorisiert zu sein, ist hier nicht angebracht und auch nicht erlaubt. Sowohl in Manacor als auch in Art\u00e0 &#8211; den beiden gro\u00dfen Endpunkten der &#8222;V\u00eda Verde&#8220; &#8211; gibt es extra Radverleiher, die den Radwanderer nach der Tour auch jeweils zum Ausgangspunkt zur\u00fcck bringen. So wird die Tour auf dem nachhaltigen &#8222;Gr\u00fcnen Weg&#8220; ein unvergessliches Erlebnis.<\/p>\n","protected":false},"author":5,"featured_media":134294,"comment_status":"closed","ping_status":"closed","sticky":false,"template":"","format":"standard","meta":{"_acf_changed":false,"footnotes":""},"categories":[218,214,216],"tags":[],"class_list":["post-54575","post","type-post","status-publish","format-standard","has-post-thumbnail","hentry","category-freizeit","category-inselleben","category-land-leute"],"acf":[],"yoast_head":"<!-- This site is optimized with the Yoast SEO Premium plugin v24.4 (Yoast SEO v26.8) - https:\/\/yoast.com\/product\/yoast-seo-premium-wordpress\/ -->\n<title>Radeln auf Mallorcas &quot;V\u00eda Verde&quot; - Lucie Hauri | Exclusive Real Estate<\/title>\n<meta name=\"robots\" content=\"index, follow, max-snippet:-1, max-image-preview:large, max-video-preview:-1\" \/>\n<link rel=\"canonical\" href=\"https:\/\/www.lucie-hauri.com\/de\/radeln-auf-mallorcas-via-verde\/\" \/>\n<meta property=\"og:locale\" content=\"de_DE\" \/>\n<meta property=\"og:type\" content=\"article\" \/>\n<meta property=\"og:title\" content=\"Radeln auf Mallorcas &quot;V\u00eda Verde&quot; - Lucie Hauri | Exclusive Real Estate\" \/>\n<meta property=\"og:description\" content=\"Entlang der Levante schl\u00e4ngelt sich der &#8222;Gr\u00fcne Weg&#8220; &#8211; die 29 Kilometer lange &#8222;V\u00eda Verde&#8220;. Von Manacor bis Art\u00e0 bietet er wunderbare M\u00f6glichkeiten zum Radwandern mit Mountain- oder Trekkingbikes. Wer den \u00f6stlichen Teil der Insel aus eigener Kraft heraus &#8222;erfahren&#8220; m\u00f6chte, der ist mit seinem Bike auf der verh\u00e4ltnism\u00e4\u00dfig ebenen Strecke herzlich willkommen. Ihn erwarten nicht nur eine kurzweilige Tour durch die mediterrane Landschaft, sondern auch interessante Sehensw\u00fcrdigkeiten in den Orten und am Wegesrand. Bequeme Rastpl\u00e4tze mit Informationstafeln runden den einladenden Eindruck von diesem \u00f6kologischen Radwanderweg ab. Kulturelle Highlights auf der &#8222;V\u00eda Verde&#8220; Der &#8222;\u00d6kopfad&#8220; folgt \u00fcber Sant Lloren\u00e7, Son Carri\u00f3 und Son Servera einer stillgelegten Eisenbahnlinie. Inzwischen profitieren Wanderer und Radler von dem &#8222;Gr\u00fcnen Weg&#8220;. In Manacor ist die Altstadt mit Markt sehenswert, ebenso die fr\u00fchchristliche Basilika Son Peret\u00f3 ( 7. Jh.). Die Region Sant Lloren\u00e7 ist durch das Kastell auf der Halbinsel Punta de n&#8217;Amer und die sch\u00f6nen Str\u00e4nde von Cala Millor und Cala Bona bekannt. Interessant sind auch die Talaiotischen Siedlungspl\u00e4tze ( 4.000 Jahre alt) bei Ses Pa\u00efsses in Art\u00e0. Son Servera, am Bergh\u00fcgel Puig de sa Font, hat zwei sehenswerte Kirchen. Die Kleinstadt Art\u00e0 steht mit ihren Festivals Sant Antoni (16.\/ 17. Januar), der Aprikosenfeier (13. Juni) und dem Patronatsfest von Sant Salvador (5. bis 7. August) anderen Orten auf Mallorca in nichts nach. \u00d6kologie und Nachhaltigkeit auf der &#8222;V\u00eda Verde&#8220; Jeder Biker freut sich \u00fcber die gelungene Wiederaufforstung links und rechts der &#8222;V\u00eda Verde&#8220;. Hier wurde besonderer Wert auf die biologische Artenvielfalt gelegt. Deshalb trifft man immer wieder auf neu angepflanzte Latschenkiefern, \u00d6lb\u00e4ume, Steineichen, Wilde Pistazie ( Mastixstrauch), Rosmarin u. a. typisch mediterrane Gew\u00e4chse. Diese gliedern sich nicht nur ganz nat\u00fcrlich in die Umwelt ein, sondern sind auch noch besonders resistent und k\u00f6nnen l\u00e4ngere D\u00fcrrezeiten aushalten. Neben den 6.000 angepflanzten B\u00e4umen wurden zus\u00e4tzlich vier Wasserstellen f\u00fcr wildlebende Tiere errichtet. Ebenso nachhaltig sind die vielen Meter Zaun und B\u00f6schungsbefestigungen, die die &#8222;V\u00eda Verde&#8220; f\u00fcr den Radfahrer sicher machen. Dazu kommen sechs praktisch angelegte Rastpl\u00e4tze, ausgestattet mit Tischen, B\u00e4nken und Fahrradst\u00e4ndern. Au\u00dferdem findet der Radwanderer Informationstafeln vor, die ihm Wissenswertes \u00fcber die Landschaft, das \u00d6kosystem und die \u00c4ra der Eisenbahnlinie erz\u00e4hlen. Schlie\u00dflich sind in den ehemaligen Bahnh\u00f6fen von Sant Lloren\u00e7, Son Servera und Art\u00e0 Besucherzentren eingerichtet worden, die auf vergn\u00fcgliche Weise Informationen \u00fcber die Region und ihre Sch\u00e4tze vermitteln. So geht es gut erholt bis ans Ende der &#8222;V\u00eda Verde&#8220;, die f\u00fcr den \u00d6kotourismus auf Mallorca ein echter Gewinn ist. Motorisiert zu sein, ist hier nicht angebracht und auch nicht erlaubt. Sowohl in Manacor als auch in Art\u00e0 &#8211; den beiden gro\u00dfen Endpunkten der &#8222;V\u00eda Verde&#8220; &#8211; gibt es extra Radverleiher, die den Radwanderer nach der Tour auch jeweils zum Ausgangspunkt zur\u00fcck bringen. So wird die Tour auf dem nachhaltigen &#8222;Gr\u00fcnen Weg&#8220; ein unvergessliches Erlebnis.\" \/>\n<meta property=\"og:url\" content=\"https:\/\/www.lucie-hauri.com\/de\/radeln-auf-mallorcas-via-verde\/\" \/>\n<meta property=\"og:site_name\" content=\"Lucie Hauri | Exclusive Real Estate\" \/>\n<meta property=\"article:published_time\" content=\"2016-03-22T23:26:43+00:00\" \/>\n<meta property=\"article:modified_time\" content=\"2025-01-06T13:57:00+00:00\" \/>\n<meta property=\"og:image\" content=\"https:\/\/www.lucie-hauri.com\/wp-content\/uploads\/2016\/03\/11-e1465993283789-620x260-1.jpg\" \/>\n\t<meta property=\"og:image:width\" content=\"620\" \/>\n\t<meta property=\"og:image:height\" content=\"260\" \/>\n\t<meta property=\"og:image:type\" content=\"image\/jpeg\" \/>\n<meta name=\"author\" content=\"Lucie Haurie\" \/>\n<meta name=\"twitter:card\" content=\"summary_large_image\" \/>\n<meta name=\"twitter:label1\" content=\"Verfasst von\" \/>\n\t<meta name=\"twitter:data1\" content=\"Lucie Haurie\" \/>\n\t<meta name=\"twitter:label2\" content=\"Gesch\u00e4tzte Lesezeit\" \/>\n\t<meta name=\"twitter:data2\" content=\"5\u00a0Minuten\" \/>\n<script type=\"application\/ld+json\" class=\"yoast-schema-graph\">{\"@context\":\"https:\/\/schema.org\",\"@graph\":[{\"@type\":\"Article\",\"@id\":\"https:\/\/www.lucie-hauri.com\/es\/radeln-auf-mallorcas-via-verde\/#article\",\"isPartOf\":{\"@id\":\"https:\/\/www.lucie-hauri.com\/es\/radeln-auf-mallorcas-via-verde\/\"},\"author\":{\"name\":\"Lucie Haurie\",\"@id\":\"https:\/\/www.lucie-hauri.com\/en\/#\/schema\/person\/2da0f594e9d27f36e29477b9f86d1f1d\"},\"headline\":\"Radeln auf Mallorcas &#8222;V\u00eda Verde&#8220;\",\"datePublished\":\"2016-03-22T23:26:43+00:00\",\"dateModified\":\"2025-01-06T13:57:00+00:00\",\"mainEntityOfPage\":{\"@id\":\"https:\/\/www.lucie-hauri.com\/es\/radeln-auf-mallorcas-via-verde\/\"},\"wordCount\":499,\"image\":{\"@id\":\"https:\/\/www.lucie-hauri.com\/es\/radeln-auf-mallorcas-via-verde\/#primaryimage\"},\"thumbnailUrl\":\"https:\/\/www.lucie-hauri.com\/wp-content\/uploads\/2016\/03\/11-e1465993283789-620x260-1.jpg\",\"articleSection\":[\"Freizeit\",\"Inselleben\",\"Land &amp; Leute\"],\"inLanguage\":\"de\"},{\"@type\":\"WebPage\",\"@id\":\"https:\/\/www.lucie-hauri.com\/es\/radeln-auf-mallorcas-via-verde\/\",\"url\":\"https:\/\/www.lucie-hauri.com\/es\/radeln-auf-mallorcas-via-verde\/\",\"name\":\"Radeln auf Mallorcas \\\"V\u00eda Verde\\\" - Lucie Hauri | Exclusive Real Estate\",\"isPartOf\":{\"@id\":\"https:\/\/www.lucie-hauri.com\/en\/#website\"},\"primaryImageOfPage\":{\"@id\":\"https:\/\/www.lucie-hauri.com\/es\/radeln-auf-mallorcas-via-verde\/#primaryimage\"},\"image\":{\"@id\":\"https:\/\/www.lucie-hauri.com\/es\/radeln-auf-mallorcas-via-verde\/#primaryimage\"},\"thumbnailUrl\":\"https:\/\/www.lucie-hauri.com\/wp-content\/uploads\/2016\/03\/11-e1465993283789-620x260-1.jpg\",\"datePublished\":\"2016-03-22T23:26:43+00:00\",\"dateModified\":\"2025-01-06T13:57:00+00:00\",\"author\":{\"@id\":\"https:\/\/www.lucie-hauri.com\/en\/#\/schema\/person\/2da0f594e9d27f36e29477b9f86d1f1d\"},\"inLanguage\":\"de\",\"potentialAction\":[{\"@type\":\"ReadAction\",\"target\":[\"https:\/\/www.lucie-hauri.com\/es\/radeln-auf-mallorcas-via-verde\/\"]}]},{\"@type\":\"ImageObject\",\"inLanguage\":\"de\",\"@id\":\"https:\/\/www.lucie-hauri.com\/es\/radeln-auf-mallorcas-via-verde\/#primaryimage\",\"url\":\"https:\/\/www.lucie-hauri.com\/wp-content\/uploads\/2016\/03\/11-e1465993283789-620x260-1.jpg\",\"contentUrl\":\"https:\/\/www.lucie-hauri.com\/wp-content\/uploads\/2016\/03\/11-e1465993283789-620x260-1.jpg\",\"width\":620,\"height\":260},{\"@type\":\"WebSite\",\"@id\":\"https:\/\/www.lucie-hauri.com\/en\/#website\",\"url\":\"https:\/\/www.lucie-hauri.com\/en\/\",\"name\":\"Lucie Hauri | Exclusive Real Estate\",\"description\":\"\",\"potentialAction\":[{\"@type\":\"SearchAction\",\"target\":{\"@type\":\"EntryPoint\",\"urlTemplate\":\"https:\/\/www.lucie-hauri.com\/en\/?s={search_term_string}\"},\"query-input\":{\"@type\":\"PropertyValueSpecification\",\"valueRequired\":true,\"valueName\":\"search_term_string\"}}],\"inLanguage\":\"de\"},{\"@type\":\"Person\",\"@id\":\"https:\/\/www.lucie-hauri.com\/en\/#\/schema\/person\/2da0f594e9d27f36e29477b9f86d1f1d\",\"name\":\"Lucie Haurie\",\"image\":{\"@type\":\"ImageObject\",\"inLanguage\":\"de\",\"@id\":\"https:\/\/www.lucie-hauri.com\/en\/#\/schema\/person\/image\/\",\"url\":\"https:\/\/secure.gravatar.com\/avatar\/5547acc5a9ccb58175658f3a6b0b1f239807fa157dfa222ae1731d25a7f34aed?s=96&d=mm&r=g\",\"contentUrl\":\"https:\/\/secure.gravatar.com\/avatar\/5547acc5a9ccb58175658f3a6b0b1f239807fa157dfa222ae1731d25a7f34aed?s=96&d=mm&r=g\",\"caption\":\"Lucie Haurie\"},\"url\":\"https:\/\/www.lucie-hauri.com\/de\/author\/m-wichmann\/\"}]}<\/script>\n<!-- \/ Yoast SEO Premium plugin. -->","yoast_head_json":{"title":"Radeln auf Mallorcas \"V\u00eda Verde\" - Lucie Hauri | Exclusive Real Estate","robots":{"index":"index","follow":"follow","max-snippet":"max-snippet:-1","max-image-preview":"max-image-preview:large","max-video-preview":"max-video-preview:-1"},"canonical":"https:\/\/www.lucie-hauri.com\/de\/radeln-auf-mallorcas-via-verde\/","og_locale":"de_DE","og_type":"article","og_title":"Radeln auf Mallorcas \"V\u00eda Verde\" - Lucie Hauri | Exclusive Real Estate","og_description":"Entlang der Levante schl\u00e4ngelt sich der &#8222;Gr\u00fcne Weg&#8220; &#8211; die 29 Kilometer lange &#8222;V\u00eda Verde&#8220;. Von Manacor bis Art\u00e0 bietet er wunderbare M\u00f6glichkeiten zum Radwandern mit Mountain- oder Trekkingbikes. Wer den \u00f6stlichen Teil der Insel aus eigener Kraft heraus &#8222;erfahren&#8220; m\u00f6chte, der ist mit seinem Bike auf der verh\u00e4ltnism\u00e4\u00dfig ebenen Strecke herzlich willkommen. Ihn erwarten nicht nur eine kurzweilige Tour durch die mediterrane Landschaft, sondern auch interessante Sehensw\u00fcrdigkeiten in den Orten und am Wegesrand. Bequeme Rastpl\u00e4tze mit Informationstafeln runden den einladenden Eindruck von diesem \u00f6kologischen Radwanderweg ab. Kulturelle Highlights auf der &#8222;V\u00eda Verde&#8220; Der &#8222;\u00d6kopfad&#8220; folgt \u00fcber Sant Lloren\u00e7, Son Carri\u00f3 und Son Servera einer stillgelegten Eisenbahnlinie. Inzwischen profitieren Wanderer und Radler von dem &#8222;Gr\u00fcnen Weg&#8220;. In Manacor ist die Altstadt mit Markt sehenswert, ebenso die fr\u00fchchristliche Basilika Son Peret\u00f3 ( 7. Jh.). Die Region Sant Lloren\u00e7 ist durch das Kastell auf der Halbinsel Punta de n&#8217;Amer und die sch\u00f6nen Str\u00e4nde von Cala Millor und Cala Bona bekannt. Interessant sind auch die Talaiotischen Siedlungspl\u00e4tze ( 4.000 Jahre alt) bei Ses Pa\u00efsses in Art\u00e0. Son Servera, am Bergh\u00fcgel Puig de sa Font, hat zwei sehenswerte Kirchen. Die Kleinstadt Art\u00e0 steht mit ihren Festivals Sant Antoni (16.\/ 17. Januar), der Aprikosenfeier (13. Juni) und dem Patronatsfest von Sant Salvador (5. bis 7. August) anderen Orten auf Mallorca in nichts nach. \u00d6kologie und Nachhaltigkeit auf der &#8222;V\u00eda Verde&#8220; Jeder Biker freut sich \u00fcber die gelungene Wiederaufforstung links und rechts der &#8222;V\u00eda Verde&#8220;. Hier wurde besonderer Wert auf die biologische Artenvielfalt gelegt. Deshalb trifft man immer wieder auf neu angepflanzte Latschenkiefern, \u00d6lb\u00e4ume, Steineichen, Wilde Pistazie ( Mastixstrauch), Rosmarin u. a. typisch mediterrane Gew\u00e4chse. Diese gliedern sich nicht nur ganz nat\u00fcrlich in die Umwelt ein, sondern sind auch noch besonders resistent und k\u00f6nnen l\u00e4ngere D\u00fcrrezeiten aushalten. Neben den 6.000 angepflanzten B\u00e4umen wurden zus\u00e4tzlich vier Wasserstellen f\u00fcr wildlebende Tiere errichtet. Ebenso nachhaltig sind die vielen Meter Zaun und B\u00f6schungsbefestigungen, die die &#8222;V\u00eda Verde&#8220; f\u00fcr den Radfahrer sicher machen. Dazu kommen sechs praktisch angelegte Rastpl\u00e4tze, ausgestattet mit Tischen, B\u00e4nken und Fahrradst\u00e4ndern. Au\u00dferdem findet der Radwanderer Informationstafeln vor, die ihm Wissenswertes \u00fcber die Landschaft, das \u00d6kosystem und die \u00c4ra der Eisenbahnlinie erz\u00e4hlen. Schlie\u00dflich sind in den ehemaligen Bahnh\u00f6fen von Sant Lloren\u00e7, Son Servera und Art\u00e0 Besucherzentren eingerichtet worden, die auf vergn\u00fcgliche Weise Informationen \u00fcber die Region und ihre Sch\u00e4tze vermitteln. So geht es gut erholt bis ans Ende der &#8222;V\u00eda Verde&#8220;, die f\u00fcr den \u00d6kotourismus auf Mallorca ein echter Gewinn ist. Motorisiert zu sein, ist hier nicht angebracht und auch nicht erlaubt. Sowohl in Manacor als auch in Art\u00e0 &#8211; den beiden gro\u00dfen Endpunkten der &#8222;V\u00eda Verde&#8220; &#8211; gibt es extra Radverleiher, die den Radwanderer nach der Tour auch jeweils zum Ausgangspunkt zur\u00fcck bringen. So wird die Tour auf dem nachhaltigen &#8222;Gr\u00fcnen Weg&#8220; ein unvergessliches Erlebnis.","og_url":"https:\/\/www.lucie-hauri.com\/de\/radeln-auf-mallorcas-via-verde\/","og_site_name":"Lucie Hauri | Exclusive Real Estate","article_published_time":"2016-03-22T23:26:43+00:00","article_modified_time":"2025-01-06T13:57:00+00:00","og_image":[{"width":620,"height":260,"url":"https:\/\/www.lucie-hauri.com\/wp-content\/uploads\/2016\/03\/11-e1465993283789-620x260-1.jpg","type":"image\/jpeg"}],"author":"Lucie Haurie","twitter_card":"summary_large_image","twitter_misc":{"Verfasst von":"Lucie Haurie","Gesch\u00e4tzte Lesezeit":"5\u00a0Minuten"},"schema":{"@context":"https:\/\/schema.org","@graph":[{"@type":"Article","@id":"https:\/\/www.lucie-hauri.com\/es\/radeln-auf-mallorcas-via-verde\/#article","isPartOf":{"@id":"https:\/\/www.lucie-hauri.com\/es\/radeln-auf-mallorcas-via-verde\/"},"author":{"name":"Lucie Haurie","@id":"https:\/\/www.lucie-hauri.com\/en\/#\/schema\/person\/2da0f594e9d27f36e29477b9f86d1f1d"},"headline":"Radeln auf Mallorcas &#8222;V\u00eda Verde&#8220;","datePublished":"2016-03-22T23:26:43+00:00","dateModified":"2025-01-06T13:57:00+00:00","mainEntityOfPage":{"@id":"https:\/\/www.lucie-hauri.com\/es\/radeln-auf-mallorcas-via-verde\/"},"wordCount":499,"image":{"@id":"https:\/\/www.lucie-hauri.com\/es\/radeln-auf-mallorcas-via-verde\/#primaryimage"},"thumbnailUrl":"https:\/\/www.lucie-hauri.com\/wp-content\/uploads\/2016\/03\/11-e1465993283789-620x260-1.jpg","articleSection":["Freizeit","Inselleben","Land &amp; Leute"],"inLanguage":"de"},{"@type":"WebPage","@id":"https:\/\/www.lucie-hauri.com\/es\/radeln-auf-mallorcas-via-verde\/","url":"https:\/\/www.lucie-hauri.com\/es\/radeln-auf-mallorcas-via-verde\/","name":"Radeln auf Mallorcas \"V\u00eda Verde\" - Lucie Hauri | Exclusive Real Estate","isPartOf":{"@id":"https:\/\/www.lucie-hauri.com\/en\/#website"},"primaryImageOfPage":{"@id":"https:\/\/www.lucie-hauri.com\/es\/radeln-auf-mallorcas-via-verde\/#primaryimage"},"image":{"@id":"https:\/\/www.lucie-hauri.com\/es\/radeln-auf-mallorcas-via-verde\/#primaryimage"},"thumbnailUrl":"https:\/\/www.lucie-hauri.com\/wp-content\/uploads\/2016\/03\/11-e1465993283789-620x260-1.jpg","datePublished":"2016-03-22T23:26:43+00:00","dateModified":"2025-01-06T13:57:00+00:00","author":{"@id":"https:\/\/www.lucie-hauri.com\/en\/#\/schema\/person\/2da0f594e9d27f36e29477b9f86d1f1d"},"inLanguage":"de","potentialAction":[{"@type":"ReadAction","target":["https:\/\/www.lucie-hauri.com\/es\/radeln-auf-mallorcas-via-verde\/"]}]},{"@type":"ImageObject","inLanguage":"de","@id":"https:\/\/www.lucie-hauri.com\/es\/radeln-auf-mallorcas-via-verde\/#primaryimage","url":"https:\/\/www.lucie-hauri.com\/wp-content\/uploads\/2016\/03\/11-e1465993283789-620x260-1.jpg","contentUrl":"https:\/\/www.lucie-hauri.com\/wp-content\/uploads\/2016\/03\/11-e1465993283789-620x260-1.jpg","width":620,"height":260},{"@type":"WebSite","@id":"https:\/\/www.lucie-hauri.com\/en\/#website","url":"https:\/\/www.lucie-hauri.com\/en\/","name":"Lucie Hauri | Exclusive Real Estate","description":"","potentialAction":[{"@type":"SearchAction","target":{"@type":"EntryPoint","urlTemplate":"https:\/\/www.lucie-hauri.com\/en\/?s={search_term_string}"},"query-input":{"@type":"PropertyValueSpecification","valueRequired":true,"valueName":"search_term_string"}}],"inLanguage":"de"},{"@type":"Person","@id":"https:\/\/www.lucie-hauri.com\/en\/#\/schema\/person\/2da0f594e9d27f36e29477b9f86d1f1d","name":"Lucie Haurie","image":{"@type":"ImageObject","inLanguage":"de","@id":"https:\/\/www.lucie-hauri.com\/en\/#\/schema\/person\/image\/","url":"https:\/\/secure.gravatar.com\/avatar\/5547acc5a9ccb58175658f3a6b0b1f239807fa157dfa222ae1731d25a7f34aed?s=96&d=mm&r=g","contentUrl":"https:\/\/secure.gravatar.com\/avatar\/5547acc5a9ccb58175658f3a6b0b1f239807fa157dfa222ae1731d25a7f34aed?s=96&d=mm&r=g","caption":"Lucie Haurie"},"url":"https:\/\/www.lucie-hauri.com\/de\/author\/m-wichmann\/"}]}},"_links":{"self":[{"href":"https:\/\/www.lucie-hauri.com\/de\/wp-json\/wp\/v2\/posts\/54575","targetHints":{"allow":["GET"]}}],"collection":[{"href":"https:\/\/www.lucie-hauri.com\/de\/wp-json\/wp\/v2\/posts"}],"about":[{"href":"https:\/\/www.lucie-hauri.com\/de\/wp-json\/wp\/v2\/types\/post"}],"author":[{"embeddable":true,"href":"https:\/\/www.lucie-hauri.com\/de\/wp-json\/wp\/v2\/users\/5"}],"replies":[{"embeddable":true,"href":"https:\/\/www.lucie-hauri.com\/de\/wp-json\/wp\/v2\/comments?post=54575"}],"version-history":[{"count":0,"href":"https:\/\/www.lucie-hauri.com\/de\/wp-json\/wp\/v2\/posts\/54575\/revisions"}],"wp:featuredmedia":[{"embeddable":true,"href":"https:\/\/www.lucie-hauri.com\/de\/wp-json\/wp\/v2\/media\/134294"}],"wp:attachment":[{"href":"https:\/\/www.lucie-hauri.com\/de\/wp-json\/wp\/v2\/media?parent=54575"}],"wp:term":[{"taxonomy":"category","embeddable":true,"href":"https:\/\/www.lucie-hauri.com\/de\/wp-json\/wp\/v2\/categories?post=54575"},{"taxonomy":"post_tag","embeddable":true,"href":"https:\/\/www.lucie-hauri.com\/de\/wp-json\/wp\/v2\/tags?post=54575"}],"curies":[{"name":"wp","href":"https:\/\/api.w.org\/{rel}","templated":true}]}}